{"id":3372,"date":"2021-08-16T12:02:31","date_gmt":"2021-08-16T10:02:31","guid":{"rendered":"https:\/\/www.claudia-klinger.de\/digidiary\/?p=3372"},"modified":"2021-08-17T11:38:20","modified_gmt":"2021-08-17T09:38:20","slug":"afghanistan-desaster-blamage-des-westens","status":"publish","type":"post","link":"https:\/\/www.claudia-klinger.de\/digidiary\/2021\/08\/16\/afghanistan-desaster-blamage-des-westens\/","title":{"rendered":"Das Afghanistan-Desaster:  Mega-Blamage des Westens &#8211; und doch ein Funke Hoffnung?"},"content":{"rendered":"<p>Zur gro\u00dfen \u00dcberraschung westlicher Politiker und Milit\u00e4rs haben sich 250.000 gut ausgebildete und ordentlich bewaffnete afghanische Soldaten in gro\u00dfer Mehrheit geweigert, gegen die Taliban zu k\u00e4mpfen. Wie konnte das geschehen?<\/p>\n<p><img decoding=\"async\" loading=\"lazy\" class=\"alignright size-full wp-image-3374\" src=\"https:\/\/www.claudia-klinger.de\/digidiary\/wp-content\/uploads\/2021\/08\/afghanistan-taliban-fahnen-300.jpg\" alt=\"Fahnen Afghanistan Taliban\" width=\"300\" height=\"242\" \/>Der v\u00f6llig planlose Abzug der Nato-Truppen hatte zur Demoralisierung erheblich beigetragen. Dass auch die Firmen gegangen sind, die zur Wartung der Flugzeuge und Hubschrauber gebraucht werden, hat die stets behauptete Schlagkraft der afghanischen Truppen zus\u00e4tzlich minimiert. Der Hauptgrund f\u00fcr die meist kampflose \u00dcbergabe der Macht an die Taliban war jedoch <a href=\"https:\/\/www.zdf.de\/nachrichten\/politik\/afghanistan-taliban-armee-staerke-ausbildung-100.html\" target=\"_blank\" rel=\"noopener\">der mangelnde Wille<\/a>, f\u00fcr eine korrupte, vom Ausland gest\u00fctzte Regierung gegen die bei einem Teil der Afghanen durchaus beliebten Taliban zu k\u00e4mpfen.<!--more--><\/p>\n<p>Entgegen der sch\u00f6nf\u00e4rberischen Darstellung des milit\u00e4rischen Wirkens der westlichen Truppen waren die Taliban nie weg, sondern beherrschten durchweg Teile des l\u00e4ndlichen Raums, der vom Westen weitgehend ignoriert wurde. Die Fixierung auf die St\u00e4dte und Standorte, ohne auch nur zu bemerken, dass selbst dort die Loyalit\u00e4t zum neuen Regime aus Gr\u00fcnden gering war und blieb, zeugt von einem Tunnelblick, der seinesgleichen sucht. <\/p>\n<p>Die vielen NGOs haben es offenbar vorgezogen, mit den Erfolgen ihres Wirkens zu gl\u00e4nzen anstatt ein realistisches Bild der Lage zu geben, das sicher weniger rosig ausgefallen w\u00e4re. Auch die Korruptheit der Regierenden, die Hilfsgelder in die eigenen Taschen umgeleitet haben und sich &#8211; auch au\u00dfer Landes &#8211; tolle Villen gebaut haben sollen, wurde vom Westen einfach hingenommen und in der Wirkung auf den &#8222;Kampfwillen&#8220; der Truppen und Ortsvorsteher komplett untersch\u00e4tzt.<\/p>\n<h2>Trumps Erbe: der bedingungslose Abzug<\/h2>\n<p>Dass der Afghanistan-Einsatz ein Ende hat, haben vermutlich viele westliche Menschen mitgetragen, nicht aber die Art und Weise, wie dieser Abzug stattfindet! Dem wahnsinnigen Trump ist es zu verdanken, dass der Abzug mit Termin und bedingungslos angesagt wurde. Wozu dann noch Friedensverhandlungen, wenn man das Hauptdruckmittel gleich vorab aus der Hand gibt? Die Taliban mussten ja nur verz\u00f6gern und abwarten, bis die Westler gegangen w\u00e4ren, um dann das Land zu \u00fcbernehmen. Was dann auch geschehen ist, schneller als alle dachten. <\/p>\n<p>Warum Biden einfach auf &#8222;Vollzug&#8220; gesetzt hat, anstatt den Abzug an Bedingungen zu kn\u00fcpfen? Ich denke, er wollte das beliebte Mem &#8222;unsere Soldaten nachhause holen&#8220; nicht konterkarieren und hat die Wirkung des bedingungslosen Abzugs, der mittlerweile wie eine Flucht wirkt, krass untersch\u00e4tzt.<\/p>\n<h2>Die vergeigte Evakuierung:<br \/>\nNicht &#8222;verpennt&#8220;, sondern erstmal abgelehnt!<\/h2>\n<p>Womit ich bei unseren Regierenden ankomme, die nie vorhatten, alle Ortskr\u00e4fte und ihre Familien rechtzeitig aus Afghanistan zu evakuieren. Dabei geht es nicht nur um direkte Angestellte der Truppen, sondern auch um die Leute, die f\u00fcr die NGOs gearbeitet haben und ihre Angeh\u00f6rigen. Ein <a href=\"https:\/\/www.bundestag.de\/dokumente\/textarchiv\/2021\/kw25-de-afghanische-ortskraefte-846934\" target=\"_blank\" rel=\"noopener\">rechtzeitiger Antrag der GR\u00dcNEN vom Ende Juni<\/a>, der die Evakuierung all dieser Menschen forderte, wurde von CDU, SPD und AFD abgelehnt. Denjenigen, die unabweisbar zum engsten Kreis der Mitarbeiter geh\u00f6rten, wurden auch noch b\u00fcrokratische H\u00fcrden in den Weg gelegt, die nur wenige \u00fcberspringen konnten. Gleichzeitig wollte Seehofer noch weiter nach Afghanistan abschieben!<\/p>\n<p>Das fiese Vers\u00e4umnis: Es gab keinen Plan f\u00fcr die Evakuierung, obwohl seit dem Abkommen von Dohar Anfang 2020 sonnenklar war, dass die westlichen Truppen Mitte dieses Jahres abziehen w\u00fcrden. Erst jetzt, da dieses Verhalten als absolut besch\u00e4mend, als im-Stich-lassen der Leute und Verrat an allen viel beschworenen westlichen Werten gesehen wird, die Emp\u00f6rung ordentlich Wellen schl\u00e4gt und <a href=\"https:\/\/www.zeit.de\/politik\/ausland\/2021-08\/offener-brief-afghanistan-gefahr-afghanische-mitarbeiter-deutscher-medienhaeuser-visa-notprogramm\">offene Briefe wichtiger Presseorgane<\/a> ein VISA-Notprogramm fordern, wird <a href=\"https:\/\/augengeradeaus.net\/2021\/08\/verteidigungsministerin-kuendigt-bundeswehr-evakuierungseinsatz-in-afghanistan-an\/\" target=\"_blank\" rel=\"noopener\">auf den letzten Dr\u00fccker<\/a> versucht, noch zumindest jene heraus zu holen, die es schon bis zum Flughafen geschafft haben. Aber was wird aus all den Anderen, die noch anderswo auf Hilfe warten?<\/p>\n<p>Dass es die Bundesregierung immerhin geschafft hat, \u00fcbrig gebliebenes Bier, Wein, Sekt und einen 27 Tonnen schweren Gedenkstein <a href=\"https:\/\/twitter.com\/sduwe\/status\/1426881145711566853\">aus Afghanistan zu evakuieren<\/a>, macht die Ignoranz, die hier am Werk war, noch ganz besonders deutlich.<\/p>\n<h2>Und was kommt jetzt?<\/h2>\n<p>Die Taliban haben nun die Macht in Afghanistan, daran wird erstmal nicht ger\u00fcttelt, von keiner Seite. Wie sie diese Macht aus\u00fcben werden, ist allerdings noch v\u00f6llig unsicher. Werden sie erneut eine Schreckensherrschaft wie 1996 bis 2001 errichten, wie es viele bef\u00fcrchten? Schlie\u00dflich ist ihr politisches Ziel ein islamisches Emirat, in dem islamisches Recht (Scharia) gilt. Andrerseits haben sie vielleicht gelernt, wie manche Beobachter meinen. Ihr damaliges Regime hat sie in die Isolation gef\u00fchrt, zudem ist Afghanistan 2021 doch ein St\u00fcck weit anders als das Land Ende der 90ger. <\/p>\n<p>Seit einer Woche verk\u00fcnden sie (auch <a href=\"https:\/\/www.mdr.de\/nachrichten\/welt\/politik\/afghanistan-taliban-erklaeren-sieg-100.html#sprung2\" target=\"_blank\" rel=\"noopener\">jetzt, nach dem Sieg<\/a>), dass sie Menschen- und Frauenrechte, Minderheiten und Meinungsfreiheit respektieren werden (&#8222;soweit die dem islamischen Recht entsprechen&#8220;). Niemand m\u00fcsse Angst haben und allesollten einfach weiter ihrer Arbeit nachgehen. Sie r\u00fcckten in Kabul ein, angeblich um als Ordnungsmacht Chaos und Pl\u00fcnderungen zu verhindern.<\/p>\n<p><strong>Ist das alles glaubhaft?<\/strong> Wie man h\u00f6rt und liest, sind die Taliban nicht alle gleich: Es gibt Hardliner und Gem\u00e4\u00dfigte, Militante und Politiker, wobei Letztere angeblich wissen, dass es ihnen schaden wird, wenn sie sich wie die Axt im Walde auff\u00fchren. Sie w\u00fcrden die durchaus vorhandenen Sympathien im Volk teilweise wieder verlieren, aber wichtiger noch: 70 bis 80 % der Bev\u00f6lkerung ist von Zuwendungen aus dem Ausland abh\u00e4ngig. Bleiben diese Zahlungen aus, sieht es eher schlecht aus f\u00fcr die Akzeptanz des Taliban-Regimes. Die B\u00fcrger erwarten eine nicht korrupte Regierung, die Frieden schafft und ihre Lebensverh\u00e4ltnisse zumindest nicht verschlechtert. Eine echte Mehrheit PRO Taliban scheint es nicht zu geben, denn sonst w\u00fcrden sie Wahlen oder zumindest eine Art Referendum abhalten, um sich vom Volk legitimieren zu lassen.<\/p>\n<p>Niemand wei\u00df, was passieren wird. Wir werden sie an ihren Taten der n\u00e4chsten Wochen beurteilen: Wenn sie Mindeststandards in Sachen Menschenrechte einhalten, wird die internationale Gemeinschaft (?) mit ihnen konstruktiv zusammen arbeiten. Wenn nicht, dann nicht. So klingen jedenfalls derzeit die Statements vieler Beobachter und Akteure. Von einem &#8222;Funken Hoffnung&#8220; ist die Rede &#8211; hoffen wir, dass das nicht die n\u00e4chste T\u00e4uschung \u00fcber das Geschehen in Afghanistan wird!<\/p>\n<h2>Infos und Gef\u00fchle: Scham und Wut<\/h2>\n<p>Den gestrigen Sonntag, den &#8222;Tag der Machtergreifung durch die Taliban&#8220; hab&#8216; ich damit zugebracht, das Geschehen \u00fcber viele Medien zu verfolgen. An schnellsten war Twitter, na klar! In der TV-Berichterstattung hatten (wie immer w\u00e4hrend akuter Katastrophen) die \u00f6ffentlich-rechtlichen noch nichts zu bieten, also schaute ich CNN. Da ging es mir jedoch zuviel um amerikanische Pr\u00e4sidenten, ich wollte wissen, was abgeht. Das konnte ich dann auf <a href=\"https:\/\/www.aljazeera.com\/\" target=\"_blank\" rel=\"noopener\">Al Jazeera TV<\/a> mitverfolgen, und zwar in einer recht umfassenden Weise &#8211; alle Achtung! Habe mir den Sender in die Favoriten aufgenommen.<\/p>\n<p>Je mehr ich mitbekam und je deutlicher die Blamage des Westens, insbesodere der Bundesregierung wurde, desto mehr ergriffen mich Gef\u00fchle von Scham und Wut, die ich so gar nicht erwartet hatte. Zum Geschehen in Afghanistan hatte ich im Lauf der Zeit zwar immer mal eine Meinung, aber so richtig mitgenommen hat mich das nicht. Jetzt stellte ich fest, wie sehr es mich aufregt, wenn sich unsere Regierung in der Welt als unverl\u00e4ssliche, ihre Mitarbeiter im Stich lassende ehrlose Bande auff\u00fchrt. Ich sch\u00e4mte mich f\u00fcr unser Land, obwohl ich als Individuum ja gar nichts damit zu tun habe und wurde auch w\u00fctend angesichts der eigenen Machtlosigkeit gegen\u00fcber dieser Ignoranz.<\/p>\n<p>Jetzt versuchen sie, die Kurve grade noch zu kriegen &#8211; nicht etwa aus eigenem Antrieb, sondern weil Scham und Wut von allzu vielen sie in Bewegung versetzt hat. Zu sp\u00e4t, zu langsam, zu wenig &#8211; ein Desaster!<\/p>\n<blockquote class=\"twitter-tweet\">\n<p lang=\"de\" dir=\"ltr\">Update <a href=\"https:\/\/twitter.com\/hashtag\/Afghanistan?src=hash&amp;ref_src=twsrc%5Etfw\">#Afghanistan<\/a> <a href=\"https:\/\/twitter.com\/hashtag\/Kabul?src=hash&amp;ref_src=twsrc%5Etfw\">#Kabul<\/a> ist gefallen bzw. wurde kampflos den <a href=\"https:\/\/twitter.com\/hashtag\/Taliban?src=hash&amp;ref_src=twsrc%5Etfw\">#Taliban<\/a> \u00fcbergeben.<br \/>Der afgh. Pr\u00e4sident floh aus dem Land.<br \/>Daraufhin kam es im Flughafen von Kabul zu apokalyptischen Szenen.<br \/>Menschen klammerten sich an Flugzeugen, um zu fliehen.<br \/>Weitere Details im Thread\ud83d\udc47<br \/>(1\/17) <a href=\"https:\/\/t.co\/nFa5MkQgDA\">pic.twitter.com\/nFa5MkQgDA<\/a><\/p>\n<p>&mdash; Nikita Gerassimow (@NikGerassimow) <a href=\"https:\/\/twitter.com\/NikGerassimow\/status\/1427222806916472834?ref_src=twsrc%5Etfw\">August 16, 2021<\/a><\/p><\/blockquote>\n<p> <script async src=\"https:\/\/platform.twitter.com\/widgets.js\" charset=\"utf-8\"><\/script> <\/p>\n<p>***<\/p>\n<p>Wer noch dazu bloggt?<\/p>\n<ul>\n<li><strong>Stefan Rose<\/strong> (Fliegende Bretter) am 16.8.: <a href=\"https:\/\/fliegende-bretter.blogspot.com\/2021\/08\/kapitulation-bankrott-verrat.html\" rel=\"noopener\" target=\"_blank\">Kapitulation. Bankrott. Verrat. <\/a><\/li>\n<li><strong>Stefan Sasse<\/strong> (Delibaration Daily) am 15.8.: <a href=\"http:\/\/www.deliberationdaily.de\/2021\/08\/der-grosse-verrat\/\" target=\"_blank\" rel=\"noopener\">Der gro\u00dfe Verrat<\/a> &#8211; ein weiter Blick auf die Geschichte des Einsatzes seit 2001.<\/li>\n<li><strong>Christoph L\u00fctgert<\/strong> (Blog der Republik) am 16.8.: <a href=\"https:\/\/www.blog-der-republik.de\/seit-afghanistan-union-und-spd-sind-unwaehlbar-geworden-zumindest-fuer-mich\/\" target=\"_blank\" rel=\"noopener\">Seit Afghanistan: Union und SPD sind unw\u00e4hlbar geworden \u2013 zumindest f\u00fcr mich<\/a><\/li>\n<li><strong>Horst Schulte<\/strong> am 13.8.: <a href=\"https:\/\/horstschulte.com\/2021\/mitgefuehl-empathie-alles-gut-und-schoen\/\" rel=\"noopener\" target=\"_blank\">Mitgef\u00fchl, Empathie. Alles gut und sch\u00f6n<\/a>.<\/li>\n<li><strong>Gabriel Noll<\/strong> (Verfassungsblog) am 31.5.21 (!): <a href=\"https:\/\/verfassungsblog.de\/mehr-als-nur-empfundene-verpflichtung\/\" target=\"_blank\" rel=\"noopener\">Mehr als nur empfundene Verpflichtung &#8211; Grundrechtliche Schutzpflichten f\u00fcr das Leben afghanischer Ortskr\u00e4fte<\/a><\/li>\n<\/ul>\n<p>Ach ja, von wegen &#8222;Lage falsch eingesch\u00e4tzt&#8220;:<\/p>\n<p>Auftritt im Bundestag, 2.4.2014: <a href=\"https:\/\/www.welt.de\/politik\/deutschland\/article126495424\/Scholl-Latour-erklaert-Afghanistan-fuer-verloren.html\">Scholl-Latour erkl\u00e4rt Afghanistan f\u00fcr verloren<\/a><\/p>\n<blockquote><p> \u201eDer Krieg in Afghanistan ist verloren \u2013 das sollten wir uns eingestehen\u201c, lautet die Bilanz von Scholl-Latour. \u201eUnd wir sollten uns \u00fcberlegen, wie wir da rauskommen.\u201c Die internationale Gemeinschaft habe in den vergangenen zw\u00f6lf Jahren offenbar nichts dazugelernt. Die Vorstellung, man k\u00f6nne nach einem Abzug der Schutztruppe mit einem kleinen Restkontingent die afghanische Armee ausbilden, sei \u201ev\u00f6llig illusorisch\u201c. Zumal Letztere, das habe er selbst in Gespr\u00e4chen mit Soldaten erfahren, aus gesinnungslosen \u201eTagel\u00f6hnern\u201c bestehe.<\/p><\/blockquote>","protected":false},"excerpt":{"rendered":"<p>Zur gro\u00dfen \u00dcberraschung westlicher Politiker und Milit\u00e4rs haben sich 250.000 gut ausgebildete und ordentlich bewaffnete afghanische Soldaten in gro\u00dfer Mehrheit geweigert, gegen die Taliban zu k\u00e4mpfen. Wie konnte das geschehen? Der v\u00f6llig planlose Abzug der Nato-Truppen hatte zur Demoralisierung erheblich beigetragen. Dass auch die Firmen gegangen sind, die zur Wartung der Flugzeuge und Hubschrauber gebraucht [&hellip;]<\/p>\n","protected":false},"author":1,"featured_media":3375,"comment_status":"open","ping_status":"open","sticky":false,"template":"","format":"standard","meta":[],"categories":[8],"tags":[483,484,485],"post_mailing_queue_ids":[],"_links":{"self":[{"href":"https:\/\/www.claudia-klinger.de\/digidiary\/wp-json\/wp\/v2\/posts\/3372"}],"collection":[{"href":"https:\/\/www.claudia-klinger.de\/digidiary\/wp-json\/wp\/v2\/posts"}],"about":[{"href":"https:\/\/www.claudia-klinger.de\/digidiary\/wp-json\/wp\/v2\/types\/post"}],"author":[{"embeddable":true,"href":"https:\/\/www.claudia-klinger.de\/digidiary\/wp-json\/wp\/v2\/users\/1"}],"replies":[{"embeddable":true,"href":"https:\/\/www.claudia-klinger.de\/digidiary\/wp-json\/wp\/v2\/comments?post=3372"}],"version-history":[{"count":0,"href":"https:\/\/www.claudia-klinger.de\/digidiary\/wp-json\/wp\/v2\/posts\/3372\/revisions"}],"wp:featuredmedia":[{"embeddable":true,"href":"https:\/\/www.claudia-klinger.de\/digidiary\/wp-json\/wp\/v2\/media\/3375"}],"wp:attachment":[{"href":"https:\/\/www.claudia-klinger.de\/digidiary\/wp-json\/wp\/v2\/media?parent=3372"}],"wp:term":[{"taxonomy":"category","embeddable":true,"href":"https:\/\/www.claudia-klinger.de\/digidiary\/wp-json\/wp\/v2\/categories?post=3372"},{"taxonomy":"post_tag","embeddable":true,"href":"https:\/\/www.claudia-klinger.de\/digidiary\/wp-json\/wp\/v2\/tags?post=3372"}],"curies":[{"name":"wp","href":"https:\/\/api.w.org\/{rel}","templated":true}]}}