{"id":3082,"date":"2020-05-30T00:05:15","date_gmt":"2020-05-29T22:05:15","guid":{"rendered":"https:\/\/www.claudia-klinger.de\/digidiary\/?p=3082"},"modified":"2020-05-30T10:12:49","modified_gmt":"2020-05-30T08:12:49","slug":"corona-muede","status":"publish","type":"post","link":"https:\/\/www.claudia-klinger.de\/digidiary\/2020\/05\/30\/corona-muede\/","title":{"rendered":"Corona-m\u00fcde"},"content":{"rendered":"<p>Mir h\u00e4ngt das Thema &#8222;Corona&#8220; so derma\u00dfen zum Hals raus! Ich verfolge nurmehr rudiment\u00e4r die Infos, soweit sie Berlin betreffen. Da lese ich dann, dass jetze mehr Leute sich treffen k\u00f6nnen, ja toll! Mein pers\u00f6nlicher Eindruck ist, dass sich sowieso niemand mehr an irgendwelche Vorgaben h\u00e4lt. Das wird in der Berliner Abedschau eher nicht thematisiert, da herrscht Friede, Freude, Eierkuchen und das Bem\u00fchen, Gemeinschaft zu genierieren, richtig nett.<\/p>\n<p>Andrerseits ist meine Angst, mich zu infizieren, durchaus gestiegen. Weil mittlerweile viele Infos kommen, die zeigen, dass die vermeintlich &#8222;Genesenen&#8220; gar nicht wirkjlich genesen sind, sondern heftige Sp\u00e4tfolgen erleiden. Corona ist eben doch nicht &#8222;wie eine normale Grippe&#8220;.<\/p>\n<p>In dieser Ambivalenz lebe ich, sch\u00fctze mich pers\u00f6nlich durch ein vergleichsweise kontaktarmes Leben, das mir keine besonderen Verluste abverlangt. Stellenweise \u00e4rgere ich mich \u00fcber Leute, die sich gegen die restlichen Schutzma\u00dfnahmen stemmen, als w\u00e4re &#8222;Maske tragen in Gesch\u00e4ften&#8220; eine Riesensache. Sie erscheinen mir als provokant unsolidarisch:\u00a0 ich sch\u00fctze SIE mit meiner Maske, aber Sie pfeiffen drauf, mich zu sch\u00fctzen.<\/p>\n<p>Gegen den Frust \u00fcber Mitmenschen hilft recht gut die <a href=\"https:\/\/www.das-wilde-gartenblog.de\/2020\/05\/29\/mehr-ruecken-mehr-hochbeete\/\">Gartenarbeit.<\/a><\/p>","protected":false},"excerpt":{"rendered":"<p>Mir h\u00e4ngt das Thema &#8222;Corona&#8220; so derma\u00dfen zum Hals raus! Ich verfolge nurmehr rudiment\u00e4r die Infos, soweit sie Berlin betreffen. Da lese ich dann, dass jetze mehr Leute sich treffen k\u00f6nnen, ja toll! Mein pers\u00f6nlicher Eindruck ist, dass sich sowieso niemand mehr an irgendwelche Vorgaben h\u00e4lt. Das wird in der Berliner Abedschau eher nicht thematisiert, [&hellip;]<\/p>\n","protected":false},"author":1,"featured_media":0,"comment_status":"open","ping_status":"open","sticky":false,"template":"","format":"standard","meta":[],"categories":[471,231],"tags":[],"post_mailing_queue_ids":[],"_links":{"self":[{"href":"https:\/\/www.claudia-klinger.de\/digidiary\/wp-json\/wp\/v2\/posts\/3082"}],"collection":[{"href":"https:\/\/www.claudia-klinger.de\/digidiary\/wp-json\/wp\/v2\/posts"}],"about":[{"href":"https:\/\/www.claudia-klinger.de\/digidiary\/wp-json\/wp\/v2\/types\/post"}],"author":[{"embeddable":true,"href":"https:\/\/www.claudia-klinger.de\/digidiary\/wp-json\/wp\/v2\/users\/1"}],"replies":[{"embeddable":true,"href":"https:\/\/www.claudia-klinger.de\/digidiary\/wp-json\/wp\/v2\/comments?post=3082"}],"version-history":[{"count":0,"href":"https:\/\/www.claudia-klinger.de\/digidiary\/wp-json\/wp\/v2\/posts\/3082\/revisions"}],"wp:attachment":[{"href":"https:\/\/www.claudia-klinger.de\/digidiary\/wp-json\/wp\/v2\/media?parent=3082"}],"wp:term":[{"taxonomy":"category","embeddable":true,"href":"https:\/\/www.claudia-klinger.de\/digidiary\/wp-json\/wp\/v2\/categories?post=3082"},{"taxonomy":"post_tag","embeddable":true,"href":"https:\/\/www.claudia-klinger.de\/digidiary\/wp-json\/wp\/v2\/tags?post=3082"}],"curies":[{"name":"wp","href":"https:\/\/api.w.org\/{rel}","templated":true}]}}