{"id":305,"date":"2009-06-21T13:49:37","date_gmt":"2009-06-21T11:49:37","guid":{"rendered":"http:\/\/www.claudia-klinger.de\/digidiary\/?p=305"},"modified":"2009-06-29T12:42:10","modified_gmt":"2009-06-29T10:42:10","slug":"zensursula-sei-dank-bye-bye-politikverdrossenheit","status":"publish","type":"post","link":"https:\/\/www.claudia-klinger.de\/digidiary\/2009\/06\/21\/zensursula-sei-dank-bye-bye-politikverdrossenheit\/","title":{"rendered":"Zensursula sei Dank: Bye bye Politikverdrossenheit!"},"content":{"rendered":"<p>Dass ich das noch mal erleben werde, h\u00e4tte ich nicht gedacht: aus dem Netz heraus entwickelt sich eine breite, au\u00dferparlamentarische Protestbewegung, die mit Verabschiedung des Zensurgesetzes <a href=\"http:\/\/www.metronaut.de\/?p=925\">nicht einfach wieder verstummen<\/a> wird. <\/p>\n<p>Ganz im Gegenteil, in vielen Menschen <a href=\"http:\/\/wsdv.wordpress.com\/2009\/06\/18\/vielen-dank-ursula-v-d-leyen-ernst-gemeint\/\">erwachte w\u00e4hrend der letzten Monate das Interesse an Politik<\/a> auf jene ungemein inspirierende und motivierende Art, wie vor fast 3 Jahrzehnten mein eigenes politisches Interesse zustande kam: in Konfrontation mit absurden Vorgehensweisen der herrschenden Kreise und Parteikl\u00fcngel, die \u00fcber hundertausendfache Proteste und sachlichen Rat vieler Experten einfach hinweg gehen.  Mit einer <strong>Arroganz der Macht<\/strong>, die auf der Erfahrung basiert, dass ja nichts weiter droht: die W\u00e4hlerkindlein werden es schon schlucken, wie sie ja meist alles schlucken, solange es ihnen (vermeintlich) am pers\u00f6nlichen Arsch vorbei geht. <!--more--><\/p>\n<p>Der Aufbau einer Zensur-Infrastruktur, zu deren inhaltlicher Ausweitung es bereits jetzt <a href=\"http:\/\/www.heise.de\/newsticker\/CDU-Politiker-prueft-Websperren-fuer-Gewaltspiele-ernsthaft--\/meldung\/140763\/\">&#8222;ernsthafte Pr\u00fcfungen&#8220;<\/a> gibt, l\u00e4sst allerdings viele <a href=\"http:\/\/www.ankegroener.de\/?p=4678\">nicht mehr<\/a> <a href=\"http:\/\/helmschrott.de\/blog\/zieht-euch-schon-mal-warm-an\/\">kalt<\/a>. Wer sich intensiv auf dieses Thema einlie\u00df, der bekam &#8211; vielleicht erstmalig &#8211; einen geh\u00f6rigen Schub an politischer Bildung und konnte lernen, wie Politik und politische Meinungsbildung hierzulande in aller Regel funktioniert. Parteien, die nach dem Grundgesetz eigentlich nur an dieser Willensbildung mitwirken sollen, monopolisieren diese in komplexen Parteistrukturen (&#8222;Ochsentour&#8220;) und schicken \u00fcber ihre Listen vom W\u00e4hler weitgehend unabh\u00e4ngige Kandidaten in die Parlamente, die dort mehr und mehr vom normalen Leben abheben. <\/p>\n<p>Ihnen f\u00e4llt jetzt quasi das Netz mit seinen vielf\u00e4ltigen Partizipationsm\u00f6glichkeiten auf die F\u00fc\u00dfe,  immer mehr Politiker werden <a href=\"http:\/\/blog.handelsblatt.de\/indiskretion\/eintrag.php?id=2151\">den Schmerz sp\u00fcren.<\/a> Die SPD feierte gleichwohl unger\u00fchrt ihre &#8222;Geschlossenheit&#8220; auf einem Parteitag, der den Antrag gegen die Verabschiedung des nicht nur aus meiner Sicht grundgesetzwidrigen Gesetzesvorhabens in gewohnter Manier diskussionslos ignorierte. Doch jetzt treten <a href=\"http:\/\/www.schockwellenreiter.de\/blog\/2009\/06\/19\/willkommen-in-der-bananenrepublik\/\">langj\u00e4hrige Mitglieder<\/a> aus, ein <a href=\"http:\/\/www.basicthinking.de\/blog\/2009\/06\/20\/tschuess-spd-war-schoen-mit-dir-joerg-tauss-wendet-sich-der-piratenpartei-zu\/\">MDB wird Pirat<\/a>,  Abgeordnete geben gewundene Erkl\u00e4rungen ab und eine mitten in die Phase des Zorns platzierte Einladung zur Diskussion trifft auf <a href=\"http:\/\/www.fixmbr.de\/spd-dem-fisch-das-fliegen-beibringen-unmoeglich\/\">emp\u00f6rte<\/a>  <a href=\"http:\/\/ak-zensur.de\/2009\/06\/zensur-beschlossen-brief.html\">Reaktionen<\/a>.<\/p>\n<p><a href=\"http:\/\/netzpolitik.org\/2009\/zensursula-verluste-auch-bei-den-gruenen\/\">14 Enthaltungen<\/a> bei in der namentlichen Abstimmung \u00fcber das Gesetz wird auch die GR\u00dcNEN Stimmen kosten, wogegen die Piratenpartei, die derzeit noch <a href=\"http:\/\/ich.waehlepiraten.de\/\">Unterschriften f\u00fcr die Kandidatur<\/a> bei der Bundestagswahl sammelt,  <a href=\"http:\/\/www.spiegelfechter.com\/wordpress\/555\/anker-hoch-und-leinen-los-%E2%80%93-die-piraten-sind-da\">massiven Zulauf<\/a> bekommt.<\/p>\n<p>Ich bin gespannt, wie das alles sich weiter entwickeln wird. Ereignisse wie das &#8222;<a href=\"http:\/\/www.kels.de\/2009\/06\/20\/zensursula\/\">Zensursula<\/a>-Gesetz&#8220; versetzen viele in Bewegung, die bis k\u00fcrzlich noch als &#8222;politikverdrossen&#8220; oder g\u00e4nzlich desinteressiert galten. Ob dieses neue &#8222;wir&#8220; \u00fcber 1-Punkt-Proteste hinaus w\u00e4chst, wird sich zeigen &#8211; im Moment bin ich da recht optimistisch. <\/p>","protected":false},"excerpt":{"rendered":"<p>Dass ich das noch mal erleben werde, h\u00e4tte ich nicht gedacht: aus dem Netz heraus entwickelt sich eine breite, au\u00dferparlamentarische Protestbewegung, die mit Verabschiedung des Zensurgesetzes nicht einfach wieder verstummen wird. Ganz im Gegenteil, in vielen Menschen erwachte w\u00e4hrend der letzten Monate das Interesse an Politik auf jene ungemein inspirierende und motivierende Art, wie vor [&hellip;]<\/p>\n","protected":false},"author":1,"featured_media":0,"comment_status":"open","ping_status":"open","sticky":false,"template":"","format":"standard","meta":[],"categories":[8],"tags":[],"post_mailing_queue_ids":[],"_links":{"self":[{"href":"https:\/\/www.claudia-klinger.de\/digidiary\/wp-json\/wp\/v2\/posts\/305"}],"collection":[{"href":"https:\/\/www.claudia-klinger.de\/digidiary\/wp-json\/wp\/v2\/posts"}],"about":[{"href":"https:\/\/www.claudia-klinger.de\/digidiary\/wp-json\/wp\/v2\/types\/post"}],"author":[{"embeddable":true,"href":"https:\/\/www.claudia-klinger.de\/digidiary\/wp-json\/wp\/v2\/users\/1"}],"replies":[{"embeddable":true,"href":"https:\/\/www.claudia-klinger.de\/digidiary\/wp-json\/wp\/v2\/comments?post=305"}],"version-history":[{"count":0,"href":"https:\/\/www.claudia-klinger.de\/digidiary\/wp-json\/wp\/v2\/posts\/305\/revisions"}],"wp:attachment":[{"href":"https:\/\/www.claudia-klinger.de\/digidiary\/wp-json\/wp\/v2\/media?parent=305"}],"wp:term":[{"taxonomy":"category","embeddable":true,"href":"https:\/\/www.claudia-klinger.de\/digidiary\/wp-json\/wp\/v2\/categories?post=305"},{"taxonomy":"post_tag","embeddable":true,"href":"https:\/\/www.claudia-klinger.de\/digidiary\/wp-json\/wp\/v2\/tags?post=305"}],"curies":[{"name":"wp","href":"https:\/\/api.w.org\/{rel}","templated":true}]}}