{"id":3047,"date":"2020-04-13T13:13:47","date_gmt":"2020-04-13T11:13:47","guid":{"rendered":"https:\/\/www.claudia-klinger.de\/digidiary\/?p=3047"},"modified":"2020-04-13T14:02:14","modified_gmt":"2020-04-13T12:02:14","slug":"verliebt-in-den-lockdown","status":"publish","type":"post","link":"https:\/\/www.claudia-klinger.de\/digidiary\/2020\/04\/13\/verliebt-in-den-lockdown\/","title":{"rendered":"Verliebt in den Lockdown?"},"content":{"rendered":"<p>Was ich derzeit auf Twitter mitbekomme, wundert mich ja schon. Da wird Laschet zur Schnecke gemacht, weil er schrittweise, vorsichtige Lockerungen ins Gespr\u00e4ch bringt. Und die wenigen, die sich trauen, in diesselbe Richtung zu denken, werden gleich als Neoliberale, Wirtschaftsfanatiker, FDPler und &#8222;Lobbyisten&#8220; beschimpft. Exemplarisch <a href=\"https:\/\/twitter.com\/Micacece\/status\/1249593000944074755\">der Tweet<\/a>:<\/p>\n<blockquote><p>&#8222;Wer jetzt eine Lockerung will hat derzeit sich zuerst um seine lockeren Schrauben im Gehirn zu k\u00fcmmern.&#8220;<\/p><\/blockquote>\n<p><!--more--><\/p>\n<p><a href=\"https:\/\/twitter.com\/alexA1975s\/status\/1249603246680834048\">oder auch<\/a><\/p>\n<blockquote><p>&#8222;Wenn ich noch einmal Lockerung lese BEKOMME ICH EINEN SCHREIKRAMPF. Es ist absolut nicht die Zeit \u00fcberhaupt auch nur ansatzweise dar\u00fcber nachzudenken.&#8220;<\/p><\/blockquote>\n<p>Es gibt aber auch <a href=\"https:\/\/twitter.com\/vomFlakenbruch\/status\/1249630416690130944\">Kopfsch\u00fctteln<\/a>:<\/p>\n<blockquote><p>Wisst ihr noch, wie wir uns Sorgen gemacht haben, dass die Einschr\u00e4nkungen der Grundrechte durch Politiker nicht r\u00fcckg\u00e4ngig gemacht w\u00fcrden?<br \/>\nUnter #Laschet und Lockerung BETTELT der Plebs darum, eingesperrt zu bleiben &amp; zu verarmen.<br \/>\nKrass.<\/p><\/blockquote>\n<p>Mir scheint, bei nicht wenigen hat sich die Vorstellung eingeschlichen, die Pandemie k\u00f6nne durch &#8222;Verstecken bis zum Ende&#8220; im Lockdown ausgesessen werden. Sie haben ganz vergessen, wie die drastischen Einschr\u00e4nkungen begr\u00fcndet wurden: <strong>Flatten the Curve<\/strong>, die Krankenh\u00e4user d\u00fcrfen nicht \u00fcberlastet werden. Nicht etwa bis zum &#8222;Ende der Pandemie&#8220;, deren Ende ja nur auf zwei Arten kommen kann:<\/p>\n<ul>\n<li>mittels Herdenimmunit\u00e4t, wenn also 68 bis 70% die Krankheit \u00fcberstanden haben und immun sind<\/li>\n<li>wenn ein Impfstoff gefunden, zugelassen, in Mengen produziert ist und alle geimpft sind.<\/li>\n<\/ul>\n<p>Bei weiter strengen Einschr\u00e4nkungen wie jetzt w\u00fcrde es wohl Jahre dauern bis zur &#8222;Herdenimmunit\u00e4t&#8220;. Mit dem Impfstoff ist aber fr\u00fchestens in einem Jahr zu rechnen, hei\u00dft es. Der muss dann auch noch massenweise produziert, verteilt und geimpft sein, bis die Sache durch ist. Will man so lange im &#8222;Lockdown&#8220; bleiben?<\/p>\n<p>Wie sieht es zur Zeit aus?<\/p>\n<p>J\u00fcrgen Siebert vom Fontblog macht seit 25.3. sehr <a href=\"https:\/\/www.fontblog.de\/warum-eine-eigene-coronavirus-statistik\/\">aussagekr\u00e4ftige Statistiken<\/a>, basierend auf offiziellen Zahlen. Ich zeige die letzte vom 10.4. &#8211; nach Ostern gibt es <a href=\"https:\/\/twitter.com\/jr_siebert\">Aktualisierungen auf Twitter<\/a>.<\/p>\n<p><a href=\"https:\/\/www.claudia-klinger.de\/digidiary\/wp-content\/uploads\/2020\/04\/corona-statistik-de.jpg\"><img decoding=\"async\" loading=\"lazy\" class=\"aligncenter size-full wp-image-3049\" src=\"https:\/\/www.claudia-klinger.de\/digidiary\/wp-content\/uploads\/2020\/04\/corona-statistik-de.jpg\" alt=\"Corona Statistik\" width=\"2048\" height=\"1322\" srcset=\"https:\/\/www.claudia-klinger.de\/digidiary\/wp-content\/uploads\/2020\/04\/corona-statistik-de.jpg 2048w, https:\/\/www.claudia-klinger.de\/digidiary\/wp-content\/uploads\/2020\/04\/corona-statistik-de-300x194.jpg 300w, https:\/\/www.claudia-klinger.de\/digidiary\/wp-content\/uploads\/2020\/04\/corona-statistik-de-768x496.jpg 768w, https:\/\/www.claudia-klinger.de\/digidiary\/wp-content\/uploads\/2020\/04\/corona-statistik-de-500x323.jpg 500w\" sizes=\"(max-width: 2048px) 100vw, 2048px\" \/><\/a><\/p>\n<p>\u201eFlatten the Curve\u201c ist erreicht \u2013 eine exponentielle Kurve w\u00fcrde anders aussehen als die blaue Linie! Noch deutlicher sieht man die Ver\u00e4nderungen bzw. positiven Trends auf dieser Statistik:<\/p>\n<p><a href=\"https:\/\/www.claudia-klinger.de\/digidiary\/wp-content\/uploads\/2020\/04\/corona-statistik-daily.jpg\"><img decoding=\"async\" loading=\"lazy\" class=\"aligncenter size-full wp-image-3050\" src=\"https:\/\/www.claudia-klinger.de\/digidiary\/wp-content\/uploads\/2020\/04\/corona-statistik-daily.jpg\" alt=\"Corona t\u00e4gl. Statistik\" width=\"1589\" height=\"1612\" srcset=\"https:\/\/www.claudia-klinger.de\/digidiary\/wp-content\/uploads\/2020\/04\/corona-statistik-daily.jpg 1589w, https:\/\/www.claudia-klinger.de\/digidiary\/wp-content\/uploads\/2020\/04\/corona-statistik-daily-300x304.jpg 300w, https:\/\/www.claudia-klinger.de\/digidiary\/wp-content\/uploads\/2020\/04\/corona-statistik-daily-768x779.jpg 768w, https:\/\/www.claudia-klinger.de\/digidiary\/wp-content\/uploads\/2020\/04\/corona-statistik-daily-500x507.jpg 500w\" sizes=\"(max-width: 1589px) 100vw, 1589px\" \/><\/a><\/p>\n<p>Demnach liegt die Verdoppelungszeit der Infiziertenzahl schon seit dem 4.4. deutlich \u00fcber 10 Tagen, mittlerweile gar bei \u00fcber 14 Tagen. Da auch alle, die sich jetzt \u00fcber &#8222;Lockerungsdiskussionen&#8220; aufregen, in der Regel die Kanzlerin loben, sei daran erinnert, dass sie eine <a href=\"https:\/\/www.n-tv.de\/infografik\/Merkels-Kennzahl-zum-Coronavirus-article21692010.html\">Verdoppelung von \u00fcber 10 Tagen als &#8222;Zielmarke&#8220; bezeichnet hat<\/a>, ab der man \u00fcber Lockerungen sprechen k\u00f6nne. Auch die Reproduktionsrate lag am 10.4. bei nurmehr 1.1 &#8211; sie sollte (und wird auch bald) unter 1 sinken, bevor man schrittweise lockert.<\/p>\n<p>Es ging und geht wie gesagt nicht darum, einen Zustand zu erreichen, in dem sich niemand mehr ansteckt und niemand mehr an Corona stirbt. Das ist ein Ding der Umm\u00f6glichkeit, wir m\u00fcssen lernen, mit dem Virus zu leben. Das pers\u00f6nliche Risiko ist &#8211; nebenbei bemerkt &#8211; trotz Lockdown sehr ungleich verteilt, denn bei weitem nicht alle k\u00f6nnen sich ins Homeb\u00fcro zur\u00fcck ziehen und von dort aus philosophische Betrachtungen \u00fcber &#8222;Entschleunigung&#8220; und ihre Segnungen anstellen!<\/p>\n<p>***<\/p>\n<p>Grade hat die &#8222;Leopoldina &#8211; Nationale Akademie der Wissenschaften&#8220; ein Statement raus gegeben:<\/p>\n<p>Dritte Ad-hoc-Stellungnahme: <a href=\"https:\/\/cdn.businessinsider.de\/wp-content\/uploads\/2020\/04\/Leopoldina_Coronavirus-Pandemie-Die-Krise-nachhaltig-u%CC%88berwinden-13.4.2020-1.pdf\">Coronavirus-Pandemie \u2013 Die Krise nachhaltig \u00fcberwinden<\/a><\/p>\n<p>Brisant, weil die Kanzlerin verk\u00fcndet hat, sich insbesondere von dieser Studie leiten zu lassen, wenn es darum geht, \u00fcber Lockerungen zu befinden. Gerade kochen die Wogen hoch!<br \/>\nHier ein <a href=\"https:\/\/www.spiegel.de\/wissenschaft\/leopoldina-forscher-legen-konkreten-fahrplan-fuer-ende-der-kontaktsperren-vor-a-0cfd0aed-cf48-4dd1-a219-241d818d60ae\">SPIEGEL-Bericht<\/a> dazu.<\/p>\n<p>Und:<\/p>\n<p>Entgegen der in <a href=\"https:\/\/www.bz-berlin.de\/deutschland\/laut-umfrage-mehrheit-der-deutschen-will-keine-lockerung-der-corona-massnahmen\">Umfragen ermittelten Mehrheitsmeinung<\/a>, die f\u00fcr Verl\u00e4ngerung oder gar Versch\u00e4rfung der Beschr\u00e4nkungen pl\u00e4diert, <a href=\"https:\/\/www.spiegel.de\/panorama\/corona-lockdown-deutsche-sind-immer-mehr-unterwegs-a-c8a6b940-600d-47c5-bf40-2ce4c26b9a7a\">bewegen sich die Menschen bereits wieder mehr<\/a>.<\/p>","protected":false},"excerpt":{"rendered":"<p>Was ich derzeit auf Twitter mitbekomme, wundert mich ja schon. Da wird Laschet zur Schnecke gemacht, weil er schrittweise, vorsichtige Lockerungen ins Gespr\u00e4ch bringt. Und die wenigen, die sich trauen, in diesselbe Richtung zu denken, werden gleich als Neoliberale, Wirtschaftsfanatiker, FDPler und &#8222;Lobbyisten&#8220; beschimpft. Exemplarisch der Tweet: &#8222;Wer jetzt eine Lockerung will hat derzeit sich [&hellip;]<\/p>\n","protected":false},"author":1,"featured_media":0,"comment_status":"open","ping_status":"open","sticky":false,"template":"","format":"standard","meta":[],"categories":[8],"tags":[],"post_mailing_queue_ids":[],"_links":{"self":[{"href":"https:\/\/www.claudia-klinger.de\/digidiary\/wp-json\/wp\/v2\/posts\/3047"}],"collection":[{"href":"https:\/\/www.claudia-klinger.de\/digidiary\/wp-json\/wp\/v2\/posts"}],"about":[{"href":"https:\/\/www.claudia-klinger.de\/digidiary\/wp-json\/wp\/v2\/types\/post"}],"author":[{"embeddable":true,"href":"https:\/\/www.claudia-klinger.de\/digidiary\/wp-json\/wp\/v2\/users\/1"}],"replies":[{"embeddable":true,"href":"https:\/\/www.claudia-klinger.de\/digidiary\/wp-json\/wp\/v2\/comments?post=3047"}],"version-history":[{"count":0,"href":"https:\/\/www.claudia-klinger.de\/digidiary\/wp-json\/wp\/v2\/posts\/3047\/revisions"}],"wp:attachment":[{"href":"https:\/\/www.claudia-klinger.de\/digidiary\/wp-json\/wp\/v2\/media?parent=3047"}],"wp:term":[{"taxonomy":"category","embeddable":true,"href":"https:\/\/www.claudia-klinger.de\/digidiary\/wp-json\/wp\/v2\/categories?post=3047"},{"taxonomy":"post_tag","embeddable":true,"href":"https:\/\/www.claudia-klinger.de\/digidiary\/wp-json\/wp\/v2\/tags?post=3047"}],"curies":[{"name":"wp","href":"https:\/\/api.w.org\/{rel}","templated":true}]}}