{"id":3025,"date":"2020-03-16T21:26:37","date_gmt":"2020-03-16T20:26:37","guid":{"rendered":"https:\/\/www.claudia-klinger.de\/digidiary\/?p=3025"},"modified":"2020-03-17T07:54:08","modified_gmt":"2020-03-17T06:54:08","slug":"was-von-alledem-wird-bleiben-10-fragen","status":"publish","type":"post","link":"https:\/\/www.claudia-klinger.de\/digidiary\/2020\/03\/16\/was-von-alledem-wird-bleiben-10-fragen\/","title":{"rendered":"Was von alledem wird bleiben? 10 Fragen"},"content":{"rendered":"<p>Alles ver\u00e4ndert sich, nichts ist mehr so, wie es noch vor zwei Wochen war. Was von alledem wird bleiben, wenn das Ganze vorbei ist?<!--more--><\/p>\n<ol>\n<li>Vielleicht die Begr\u00fc\u00dfungen ohne Handschlag?<\/li>\n<li>Die wegen Corona in Bayern eingef\u00fchrten Supermarkt-\u00d6ffnungszeiten bis 22 Uhr?<\/li>\n<li>Die Einsicht, welche Berufe <em>wirklich<\/em> systemrelevant sind?<\/li>\n<li>Die aus Erfahrung gewonnene Erkenntnis, dass lebenswichtige G\u00fcter im Land, mindestens aber in der EU produziert werden sollten? Und dass man Vorr\u00e4te anlegen muss, wo das nicht m\u00f6glich ist?<\/li>\n<li>Homeb\u00fcro als Alternative zur Anwesenheitspflicht, wo sie nicht erforderlich ist?<\/li>\n<li>Digitale Beschulung in vielen Varianten, nat\u00fcrlich nicht immer, aber als wichtiger Bestandteil?<\/li>\n<li>Dass man aufeinander achtet, auch mal Hilfe anbietet &#8211; passiert ja gerade viel \u00f6fter als sonst.<\/li>\n<li>Die Gewohnheit, sich \u00f6fter die H\u00e4nde zu waschen &#8211; und zwar richtig?<\/li>\n<li>Die Erkenntnis, dass die &#8222;schwarze Null&#8220; keine unverhandelbare, heilige Instanz ist?<\/li>\n<li>Das Wissen, dass Kooperation und Zusammenhalt, Hilfsbereitschaft und vern\u00fcnftiges Handeln menschliche Potenziale sind, die mit Erfolg aktiviert werden k\u00f6nnen?<\/li>\n<\/ol>\n<p>Fragen \u00fcber Fragen. Bin gespannt, was von alledem wir in die Post-Corona-Zeit mitnehmen.<\/p>","protected":false},"excerpt":{"rendered":"<p>Alles ver\u00e4ndert sich, nichts ist mehr so, wie es noch vor zwei Wochen war. Was von alledem wird bleiben, wenn das Ganze vorbei ist?<\/p>\n","protected":false},"author":1,"featured_media":0,"comment_status":"open","ping_status":"open","sticky":false,"template":"","format":"standard","meta":[],"categories":[8],"tags":[],"post_mailing_queue_ids":[],"_links":{"self":[{"href":"https:\/\/www.claudia-klinger.de\/digidiary\/wp-json\/wp\/v2\/posts\/3025"}],"collection":[{"href":"https:\/\/www.claudia-klinger.de\/digidiary\/wp-json\/wp\/v2\/posts"}],"about":[{"href":"https:\/\/www.claudia-klinger.de\/digidiary\/wp-json\/wp\/v2\/types\/post"}],"author":[{"embeddable":true,"href":"https:\/\/www.claudia-klinger.de\/digidiary\/wp-json\/wp\/v2\/users\/1"}],"replies":[{"embeddable":true,"href":"https:\/\/www.claudia-klinger.de\/digidiary\/wp-json\/wp\/v2\/comments?post=3025"}],"version-history":[{"count":0,"href":"https:\/\/www.claudia-klinger.de\/digidiary\/wp-json\/wp\/v2\/posts\/3025\/revisions"}],"wp:attachment":[{"href":"https:\/\/www.claudia-klinger.de\/digidiary\/wp-json\/wp\/v2\/media?parent=3025"}],"wp:term":[{"taxonomy":"category","embeddable":true,"href":"https:\/\/www.claudia-klinger.de\/digidiary\/wp-json\/wp\/v2\/categories?post=3025"},{"taxonomy":"post_tag","embeddable":true,"href":"https:\/\/www.claudia-klinger.de\/digidiary\/wp-json\/wp\/v2\/tags?post=3025"}],"curies":[{"name":"wp","href":"https:\/\/api.w.org\/{rel}","templated":true}]}}