{"id":2959,"date":"2019-12-06T18:19:20","date_gmt":"2019-12-06T17:19:20","guid":{"rendered":"https:\/\/www.claudia-klinger.de\/digidiary\/?p=2959"},"modified":"2019-12-06T18:28:49","modified_gmt":"2019-12-06T17:28:49","slug":"spd-parteitag-erstaunlich-gute-diskussion-spdbpt19","status":"publish","type":"post","link":"https:\/\/www.claudia-klinger.de\/digidiary\/2019\/12\/06\/spd-parteitag-erstaunlich-gute-diskussion-spdbpt19\/","title":{"rendered":"SPD-Parteitag: erstaunlich gute Diskussion! #SPDbpt19"},"content":{"rendered":"<p>Seit Stunden schaue ich <a href=\"https:\/\/www.phoenix.de\/livestream.html\">auf PHOENIX den SPD-Parteitag<\/a>. Und ich bin angenehm \u00fcberrascht \u00fcber die inhaltsreiche Diskussion, in der sehr viel Richtiges gesagt wird. Es klingt, als h\u00e4tten alle begriffen, dass es so nicht weitergehen kann. Und auch, dass INHALTLICH entschieden werden muss, ob und wann die SPD die Koalition verl\u00e4sst.<!--more--><\/p>\n<p>Wenn sie endlich mal Ernst machen, k\u00f6nnte ich sie glatt w\u00e4hlen &#8211; und zwar ganz egal, ob in 6, in 12 oder in 24 Monaten. Hauptsache, sie bekennen sich glaubhaft zu einem anderen B\u00fcndnis &#8222;danach&#8220;. Die GR\u00dcNEN haben genug Zuwachs an Stimmen von jungen Menschen, die ganz gewiss nicht SPD w\u00e4hlen w\u00fcrden. Die allerdings nicht begeistert w\u00e4ren, wenn die GR\u00dcNEN mit der CDU koalieren w\u00fcrden. Es braucht also die SPD f\u00fcr ein Gr\u00fcn-rot-rotes B\u00fcndnis.<\/p>\n<p>Na, ich h\u00f6r mal weiter zu. Das in den letzten Tagen geradezu wahnhafte <a href=\"https:\/\/uebermedien.de\/43954\/apokalyptische-writer\/\">&#8222;nieder schreiben&#8220; der SPD<\/a> durch viele Mainstream-Journalisten motiviert mich zus\u00e4tzlich: die scheinen alle derma\u00dfen versteinert am Tisch der Macht zu sitzen, dass es mich richtig graust!<\/p>","protected":false},"excerpt":{"rendered":"<p>Seit Stunden schaue ich auf PHOENIX den SPD-Parteitag. Und ich bin angenehm \u00fcberrascht \u00fcber die inhaltsreiche Diskussion, in der sehr viel Richtiges gesagt wird. Es klingt, als h\u00e4tten alle begriffen, dass es so nicht weitergehen kann. Und auch, dass INHALTLICH entschieden werden muss, ob und wann die SPD die Koalition verl\u00e4sst.<\/p>\n","protected":false},"author":1,"featured_media":0,"comment_status":"open","ping_status":"open","sticky":false,"template":"","format":"standard","meta":[],"categories":[8],"tags":[],"post_mailing_queue_ids":[],"_links":{"self":[{"href":"https:\/\/www.claudia-klinger.de\/digidiary\/wp-json\/wp\/v2\/posts\/2959"}],"collection":[{"href":"https:\/\/www.claudia-klinger.de\/digidiary\/wp-json\/wp\/v2\/posts"}],"about":[{"href":"https:\/\/www.claudia-klinger.de\/digidiary\/wp-json\/wp\/v2\/types\/post"}],"author":[{"embeddable":true,"href":"https:\/\/www.claudia-klinger.de\/digidiary\/wp-json\/wp\/v2\/users\/1"}],"replies":[{"embeddable":true,"href":"https:\/\/www.claudia-klinger.de\/digidiary\/wp-json\/wp\/v2\/comments?post=2959"}],"version-history":[{"count":0,"href":"https:\/\/www.claudia-klinger.de\/digidiary\/wp-json\/wp\/v2\/posts\/2959\/revisions"}],"wp:attachment":[{"href":"https:\/\/www.claudia-klinger.de\/digidiary\/wp-json\/wp\/v2\/media?parent=2959"}],"wp:term":[{"taxonomy":"category","embeddable":true,"href":"https:\/\/www.claudia-klinger.de\/digidiary\/wp-json\/wp\/v2\/categories?post=2959"},{"taxonomy":"post_tag","embeddable":true,"href":"https:\/\/www.claudia-klinger.de\/digidiary\/wp-json\/wp\/v2\/tags?post=2959"}],"curies":[{"name":"wp","href":"https:\/\/api.w.org\/{rel}","templated":true}]}}