{"id":2913,"date":"2019-10-18T15:04:41","date_gmt":"2019-10-18T13:04:41","guid":{"rendered":"https:\/\/www.claudia-klinger.de\/digidiary\/?p=2913"},"modified":"2019-10-24T13:18:36","modified_gmt":"2019-10-24T11:18:36","slug":"netzwerke-verschwoerungen-macht-im-staat","status":"publish","type":"post","link":"https:\/\/www.claudia-klinger.de\/digidiary\/2019\/10\/18\/netzwerke-verschwoerungen-macht-im-staat\/","title":{"rendered":"Geheime Netzwerke, gar Verschw\u00f6rungen? Wer hat Macht in Staat und Gesellschaft?"},"content":{"rendered":"<p>Im langen <a href=\"https:\/\/www.claudia-klinger.de\/digidiary\/2019\/09\/16\/wie-umgehen-mit-der-katastrophalen-klima-perspektive\/\">Kommentargespr\u00e4ch zur Klima-Krise<\/a> hat sich <a href=\"https:\/\/www.claudia-klinger.de\/digidiary\/2019\/09\/16\/wie-umgehen-mit-der-katastrophalen-klima-perspektive\/#comment-297825\">ein Thema ergeben<\/a>, das besser separat diskutiert werden sollte:<\/p>\n<h2>Gibt es &#8222;geheime&#8220; Zentren der Macht, gar Verschw\u00f6rungen, die die Geschicke der Welt hintergr\u00fcndig lenken?<\/h2>\n<p>W\u00e4hrend das mittlerweile viele denken, ist es doch eher so, dass verschiedene Macht aus\u00fcbende Netzwerke und Institutionen durchaus bekannt sind. Bzw. bekannt sein k\u00f6nnten, wenn man denn willens w\u00e4re, sich umfassend zu informieren. <\/p>\n<p>Ausgerechtnet h\u00e4ufig geschm\u00e4hte \u00f6ffentlich-rechtliche Sender tragen viel zur Aufkl\u00e4rung bei, gut recherchiert und als &#8222;Satire&#8220; auch \u00e4u\u00dferst unterhaltsam pr\u00e4sentiert.<!--more--><\/p>\n<p>Hier also ein paar Beispiele f\u00fcr Macht und Einfluss in Staat und Gesellschaft:<\/p>\n<p><strong>(1)<\/strong><br \/>\nVon der Anstalt optimal unterhaltsam und informativ pr\u00e4sentiert:<br \/>\n<strong>Die Mont P\u00e8lerin Society &#8211; Die Anstalt 7. November 2018 <\/strong><\/p>\n<blockquote><p>&#8222;Unsere Gedanken beherrschen die Welt&#8220;<\/p><\/blockquote>\n<p><iframe loading=\"lazy\" src=\"https:\/\/www.youtube-nocookie.com\/embed\/vzUNwWpk6CE\" width=\"560\" height=\"315\" frameborder=\"0\" allowfullscreen=\"allowfullscreen\"><\/iframe><\/p>\n<p><strong>2)<\/strong><br \/>\nSehr sehenswert andrerseits die Doku &#8222;<a href=\"https:\/\/www.zdf.de\/dokumentation\/zdfzoom\/zdfzoom-geheimakte-finanzkrise-110.html\">Geheimakte Finanzkrise<\/a>&#8222;, die wiederum zeigt, dass sich da gerade nicht &#8222;verschworen&#8220; wurde: die Politik wurde ganz im Gegenteil kalt erwischt und erpresst &#8211; insbesondere von der Deutschen Bank. <em>(Aber auch die Banken haben das nicht direkt &#8222;angezettelt&#8220;, es ergab sich jedoch aus den immer risikoreicheren Praktiken).<\/em><\/p>\n<p><strong>3)<\/strong><br \/>\nUnd hier die &#8222;<strong>verbotenen Folge<\/strong>&#8220; der Anstalt zu den Verflechtungen deutscher &#8222;Qualit\u00e4tsjournalisten&#8220; mit der &#8222;Atlantikbr\u00fccke&#8220; und anderen USA-beeinflussten Institutionen:<br \/>\n<iframe loading=\"lazy\" src=\"https:\/\/www.youtube-nocookie.com\/embed\/Uelj8Hjf_0c?start=88\" width=\"560\" height=\"315\" frameborder=\"0\" allowfullscreen=\"allowfullscreen\"><\/iframe><\/p>\n<p>Dagegen haben Joffe und Bittner (DIE ZEIT) geklagt, das ZDF hat die Sendung aus der Mediathek genommen &#8211; aber am Ende beim BGH gesiegt, wie u.a. <a href=\"https:\/\/www.spiegel.de\/kultur\/gesellschaft\/die-anstalt-klage-zeit-journalisten-scheitern-vor-dem-bgh-a-1129417.html\">SPON berichtet<\/a>:<\/p>\n<blockquote><p>&#8222;Der BGH hat entschieden: Die Angaben zu den Interessenkonflikten wegen unstreitiger Mitgliedschaften in Lobbyorganisationen stimmen grunds\u00e4tzlich. Dass eine Schautafel dazu fehlerhaft gewesen sei, spiele in einer satirischen Sendung keine entscheidende Rolle.&#8220;<\/p><\/blockquote>\n<p><strong>4)<\/strong><br \/>\nDann noch die sch\u00f6ne <strong>Bertelsmann VERSCHW\u00d6RUNG<\/strong>, auch wieder die Anstalt, bestes Bildungsfernsehen!<\/p>\n<blockquote><p>&#8222;\u00dcber den Entstehungsprozess von Hartz IV und was die Bertelsmann Stiftung damit zu tun hat.&#8220;<\/p><\/blockquote>\n<p><iframe loading=\"lazy\" src=\"https:\/\/www.youtube-nocookie.com\/embed\/V9984__hGzc\" width=\"560\" height=\"315\" frameborder=\"0\" allowfullscreen=\"allowfullscreen\"><\/iframe><\/p>\n<p><strong>5)<\/strong><br \/>\nSchlie\u00dflich die aktuelle ZDF-Doku, die auch Ute schon verlinkt hat:<br \/>\n<a href=\"https:\/\/www.zdf.de\/dokumentation\/zdfinfo-doku\/schattenmacht-blackrock-104.html\">Schattenmacht Blackrock: Wie gef\u00e4hrlich ist der Finanz-Gigant?<\/a><\/p>\n<blockquote><p>&#8222;Erstmals blickt eine Dokumentation hinter die Kulissen. Sie zeigt, wie dessen Machtf\u00fclle in den Jahren nach der Finanzkrise rasant gewachsen ist. L\u00e4ngst gibt es namhafte Experten, die in der unfassbaren Gr\u00f6\u00dfe von BlackRock eine Bedrohung f\u00fcr den freien Wettbewerb und die Stabilit\u00e4t der globalen Finanzm\u00e4rkte sehen. &#8222;<\/p><\/blockquote>\n<h2>Macht kontrollieren in der Demokratie?<\/h2>\n<p>Es ist aus meiner Sicht nichts Verwerfliches daran, die eigenen Interessen der Politik gegen\u00fcber zu vertreten. Politiker sind gerade NICHT Experten, sondern sollen sich um den Ausgleich der verschiedenen Interessen k\u00fcmmern, die die Regierten an sie heran tragen &#8211; sei es als &#8222;Lobby&#8220; oder als NGO oder Betroffenevertretung und B\u00fcrgerinitiative. Ebenso spricht nichts dagegen, die eigene Meinung, wo auch immer man sie her hat, in \u00f6ffentlichen Medien zu vertreten.<\/p>\n<p>Allerdings sind die Chancen zu dieser Einflussnahme \u00e4u\u00dferst ungleich verteilt: Eine Krux der real existierenden Demokratie ist der Fakt,<\/p>\n<ul>\n<li>dass die Einen ihre Interessen aus gut bezahlten Posten heraus IM RAHMEN IHRER ARBEIT voran treiben bzw- Leute daf\u00fcr bezahlen k\u00f6nnen, die das f\u00fcr sie tun.<\/li>\n<li>w\u00e4hrend wir Anderen NEBEN DER ERWERBSARBEIT nicht genug Zeit haben, uns um die Durchsetzung UNSERER Interessen zu k\u00fcmmern. Oft scheitert es bereits an der Zeit, sich auch nur ausgiebig zu informieren!<\/li>\n<\/ul>\n<p>Und so kommt es, dass nicht wenige die m\u00e4chtigen Big-Player und ihre Netzwerke tats\u00e4chlich als &#8222;geheim&#8220; bzw. &#8222;Verschw\u00f6rung&#8220; ansehen &#8211; obwohl diese in der Regel nichts Illegales tun und teils auch durchaus bereit sind, \u00fcber sich Auskunft zu geben (Der Unterschied zwischen Mont P\u00e8lerin Society und Bertelsmann-Stiftung ist in dieser Hinsicht z.B. riesig). <\/p>\n<p>***<\/p>\n<p>Das soll hier wie gesagt kein tief sch\u00fcrfender Artikel sein (was f\u00fcr ein Mega-Thema!), sondern lediglich eine Beispielsammlung zur Diskussion. Mit Absicht sind es sehr unterschiedliche Beispiele von Macht und Einfluss, auch die Art, wie Macht ausge\u00fcbt wird, ist verschieden. <\/p>\n<p>Ob und wenn ja wie man das zur\u00fcck dr\u00e4ngen k\u00f6nnte, ohne wesentliche Freiheiten abzubauen, ist h\u00f6chst fraglich. Transparenz w\u00e4re immerhin ein Anfang, die hierzulande bei Weitem noch nicht ausreichend kulturell implementiert ist<\/p>","protected":false},"excerpt":{"rendered":"<p>Im langen Kommentargespr\u00e4ch zur Klima-Krise hat sich ein Thema ergeben, das besser separat diskutiert werden sollte: Gibt es &#8222;geheime&#8220; Zentren der Macht, gar Verschw\u00f6rungen, die die Geschicke der Welt hintergr\u00fcndig lenken? W\u00e4hrend das mittlerweile viele denken, ist es doch eher so, dass verschiedene Macht aus\u00fcbende Netzwerke und Institutionen durchaus bekannt sind. Bzw. bekannt sein k\u00f6nnten, [&hellip;]<\/p>\n","protected":false},"author":1,"featured_media":0,"comment_status":"open","ping_status":"open","sticky":false,"template":"","format":"standard","meta":[],"categories":[8],"tags":[],"post_mailing_queue_ids":[],"_links":{"self":[{"href":"https:\/\/www.claudia-klinger.de\/digidiary\/wp-json\/wp\/v2\/posts\/2913"}],"collection":[{"href":"https:\/\/www.claudia-klinger.de\/digidiary\/wp-json\/wp\/v2\/posts"}],"about":[{"href":"https:\/\/www.claudia-klinger.de\/digidiary\/wp-json\/wp\/v2\/types\/post"}],"author":[{"embeddable":true,"href":"https:\/\/www.claudia-klinger.de\/digidiary\/wp-json\/wp\/v2\/users\/1"}],"replies":[{"embeddable":true,"href":"https:\/\/www.claudia-klinger.de\/digidiary\/wp-json\/wp\/v2\/comments?post=2913"}],"version-history":[{"count":0,"href":"https:\/\/www.claudia-klinger.de\/digidiary\/wp-json\/wp\/v2\/posts\/2913\/revisions"}],"wp:attachment":[{"href":"https:\/\/www.claudia-klinger.de\/digidiary\/wp-json\/wp\/v2\/media?parent=2913"}],"wp:term":[{"taxonomy":"category","embeddable":true,"href":"https:\/\/www.claudia-klinger.de\/digidiary\/wp-json\/wp\/v2\/categories?post=2913"},{"taxonomy":"post_tag","embeddable":true,"href":"https:\/\/www.claudia-klinger.de\/digidiary\/wp-json\/wp\/v2\/tags?post=2913"}],"curies":[{"name":"wp","href":"https:\/\/api.w.org\/{rel}","templated":true}]}}