{"id":2893,"date":"2019-09-21T10:12:29","date_gmt":"2019-09-21T08:12:29","guid":{"rendered":"https:\/\/www.claudia-klinger.de\/digidiary\/?p=2893"},"modified":"2019-09-21T11:56:53","modified_gmt":"2019-09-21T09:56:53","slug":"berlin-klimastreik-am-20-september","status":"publish","type":"post","link":"https:\/\/www.claudia-klinger.de\/digidiary\/2019\/09\/21\/berlin-klimastreik-am-20-september\/","title":{"rendered":"Berlin, Klimastreik am 20. September"},"content":{"rendered":"<p>Mal ein paar Fotos von der Demo gestern. Es war sehr sehr voll!<\/p>\n<p><a href=\"https:\/\/www.claudia-klinger.de\/digidiary\/wp-content\/uploads\/2019\/09\/klimademo.jpg\"><img decoding=\"async\" loading=\"lazy\" src=\"https:\/\/www.claudia-klinger.de\/digidiary\/wp-content\/uploads\/2019\/09\/klimademo.jpg\" alt=\"Klimademo Berlin\" width=\"800\" height=\"459\" class=\"aligncenter size-full wp-image-2894\" srcset=\"https:\/\/www.claudia-klinger.de\/digidiary\/wp-content\/uploads\/2019\/09\/klimademo.jpg 800w, https:\/\/www.claudia-klinger.de\/digidiary\/wp-content\/uploads\/2019\/09\/klimademo-300x172.jpg 300w, https:\/\/www.claudia-klinger.de\/digidiary\/wp-content\/uploads\/2019\/09\/klimademo-768x441.jpg 768w, https:\/\/www.claudia-klinger.de\/digidiary\/wp-content\/uploads\/2019\/09\/klimademo-500x287.jpg 500w\" sizes=\"(max-width: 800px) 100vw, 800px\" \/><\/a><!--more--><\/p>\n<p>\u00dcber das n\u00e4chste Foto haben sich Leute auf Twitter aufgeregt: geschmacklos, verst\u00f6rend&#8230; Dabei symbolisiert es doch sehr gut die Situation: Wenn alles so weiter geht, gehts der Menschheit, mindestens aber der Zivilisation, wie wir sie kennen, an den Kragen!<\/p>\n<p><a href=\"https:\/\/www.claudia-klinger.de\/digidiary\/wp-content\/uploads\/2019\/09\/klimagalgen.jpg\"><img decoding=\"async\" loading=\"lazy\" src=\"https:\/\/www.claudia-klinger.de\/digidiary\/wp-content\/uploads\/2019\/09\/klimagalgen.jpg\" alt=\"Klimademo Berlin\" width=\"800\" height=\"520\" class=\"aligncenter size-full wp-image-2895\" srcset=\"https:\/\/www.claudia-klinger.de\/digidiary\/wp-content\/uploads\/2019\/09\/klimagalgen.jpg 800w, https:\/\/www.claudia-klinger.de\/digidiary\/wp-content\/uploads\/2019\/09\/klimagalgen-300x195.jpg 300w, https:\/\/www.claudia-klinger.de\/digidiary\/wp-content\/uploads\/2019\/09\/klimagalgen-768x499.jpg 768w, https:\/\/www.claudia-klinger.de\/digidiary\/wp-content\/uploads\/2019\/09\/klimagalgen-500x325.jpg 500w\" sizes=\"(max-width: 800px) 100vw, 800px\" \/><\/a><\/p>\n<p>Den &#8222;Old white man for future&#8220; fand ich witzig:<\/p>\n<p><a href=\"https:\/\/www.claudia-klinger.de\/digidiary\/wp-content\/uploads\/2019\/09\/owm.jpg\"><img decoding=\"async\" loading=\"lazy\" src=\"https:\/\/www.claudia-klinger.de\/digidiary\/wp-content\/uploads\/2019\/09\/owm.jpg\" alt=\"Klimademo Berlin\" width=\"800\" height=\"570\" class=\"aligncenter size-full wp-image-2896\" srcset=\"https:\/\/www.claudia-klinger.de\/digidiary\/wp-content\/uploads\/2019\/09\/owm.jpg 800w, https:\/\/www.claudia-klinger.de\/digidiary\/wp-content\/uploads\/2019\/09\/owm-300x214.jpg 300w, https:\/\/www.claudia-klinger.de\/digidiary\/wp-content\/uploads\/2019\/09\/owm-768x547.jpg 768w, https:\/\/www.claudia-klinger.de\/digidiary\/wp-content\/uploads\/2019\/09\/owm-500x356.jpg 500w\" sizes=\"(max-width: 800px) 100vw, 800px\" \/><\/a><\/p>\n<p>Zum &#8222;Klimapaket&#8220; sag ich jetzt mal besser nichts!<\/p>\n<p>Verlinke lieber Andere:<\/p>\n<p><a href=\"http:\/\/www.tagesschau.de\/kommentar\/kommentar-klimapaket-koalition-101.html\">Es ist, als g\u00e4be es kein Morgen (Werner Eckert, Tagesschau)<\/a><\/p>\n<blockquote><p>&#8222;Mindestens sechs weitere Jahre werden so schlicht verbummelt. &#8230;. Es gibt viel Geld, viele Zuckerbr\u00f6tchen, sofort. Alles, was vielleicht wirken k\u00f6nnte, wird auf sp\u00e4ter vertagt. Ein Beispiel: Der magere Preisanstieg an der Zapfs\u00e4ule verbunden mit der h\u00f6heren Pendlerpauschale f\u00fchrt bei spitzenverdienenden 50-km-Pendlern dazu, dass sie ihren gro\u00dfen SUV behalten k\u00f6nnen und &#8211; zumindest am Anfang &#8211; sogar noch daran verdienen!&#8220;<\/p><\/blockquote>\n<p><a href=\"https:\/\/www.zeit.de\/politik\/deutschland\/2019-09\/klimaschutz-klimakabinett-co2-steuer-kosten-verzicht\">Sie haben sich wieder nicht getraut (ZEIT online)<\/a><\/p>\n<blockquote><p>&#8222;&#8230;.Die Regierung will den Aussto\u00df von CO2 im ersten Jahr nur mit zehn Euro pro Tonne belasten. Bis 2025 soll der Preis auf 35 Euro steigen. 35 Euro! Klimawissenschaftler gehen davon aus, dass ein CO2-Preis \u00fcberhaupt erst in einer Gr\u00f6\u00dfenordnung von 40 oder gar 50 Euro anf\u00e4ngt zu wirken.&#8220; <\/p><\/blockquote>\n<p><a href=\"https:\/\/www.spiegel.de\/wirtschaft\/soziales\/klimapaket-der-bundesregierung-die-angst-der-groko-vor-dem-waehler-kommentar-a-1287954.html\">Klimapaket: Die Angst der GroKo vor dem W\u00e4hler (SPIEGEL online)<\/a> <\/p>\n<blockquote><p>&#8222;Aus jedem Abschnitt kann man die nackte Angst vor dem W\u00e4hler und einer deutschen Gelbwesten-Bewegung herauslesen. Das Ergebnis ist ein weitgehend nutzloses Ma\u00dfnahmeninferno&#8230;<br \/>\n&#8230;.Union und SPD geben also erst Geld aus, um mit dem Emissionshandel einen Mechanismus einzuf\u00fchren, der Autofahren teurer macht. Dann nehmen sie noch mehr Geld in die Hand, um Autofahren wieder billiger zu machen. Wenn man hier \u00fcberhaupt noch von Lenkungswirkung sprechen will, dann gleicht sie dem eines Betrunkenen, der das Steuer seines Wagens erst nach rechts und dann nach links rei\u00dft.&#8220;<\/p><\/blockquote>\n<p>Auf Twitter:<\/p>\n<p><a href=\"https:\/\/twitter.com\/keineparolen\/status\/1175101970727735297\">kleinepumpkins \ud83c\udf83 @keineparolen<\/a><\/p>\n<blockquote><p>Pegida hatte zu H\u00f6chstzeiten 25.000 rechte Demonstranten und die Asylgesetzte sind versch\u00e4rft worden.<br \/>\nBeim Bamf-&#8222;Skandal&#8220; brauchte es einen Anschuldigenden und Medienecho und alle Vorg\u00e4nge wurden gepr\u00fcft.<br \/>\nHeute waren 1,5 Mio auf der Stra\u00dfe und wir bekommen das #Klimapaket.<\/p><\/blockquote>\n<p><a href=\"https:\/\/twitter.com\/sixtus\/status\/1175036671731146753\">Mario Sixtus \u99ac\u516d\ud83c\uddea\ud83c\uddfa\ud83c\udded\ud83c\uddf0 @sixtus<\/a><\/p>\n<blockquote><p>&#8222;Ja, wir wissen, dass das Haus brennt, dennoch sind wir \u00fcberzeugt, einen Kompromiss gefunden zu haben, zwischen den Aufwendungen f\u00fcr L\u00f6schwasser und den Interessen von Immobilienfirmen, die das Grundst\u00fcck ohne das brennende Haus haben wollen.&#8220; #KlimaKabarett #FridaysForFuture<\/p><\/blockquote>","protected":false},"excerpt":{"rendered":"<p>Mal ein paar Fotos von der Demo gestern. Es war sehr sehr voll!<\/p>\n","protected":false},"author":1,"featured_media":0,"comment_status":"open","ping_status":"open","sticky":false,"template":"","format":"standard","meta":[],"categories":[8],"tags":[],"post_mailing_queue_ids":[],"_links":{"self":[{"href":"https:\/\/www.claudia-klinger.de\/digidiary\/wp-json\/wp\/v2\/posts\/2893"}],"collection":[{"href":"https:\/\/www.claudia-klinger.de\/digidiary\/wp-json\/wp\/v2\/posts"}],"about":[{"href":"https:\/\/www.claudia-klinger.de\/digidiary\/wp-json\/wp\/v2\/types\/post"}],"author":[{"embeddable":true,"href":"https:\/\/www.claudia-klinger.de\/digidiary\/wp-json\/wp\/v2\/users\/1"}],"replies":[{"embeddable":true,"href":"https:\/\/www.claudia-klinger.de\/digidiary\/wp-json\/wp\/v2\/comments?post=2893"}],"version-history":[{"count":0,"href":"https:\/\/www.claudia-klinger.de\/digidiary\/wp-json\/wp\/v2\/posts\/2893\/revisions"}],"wp:attachment":[{"href":"https:\/\/www.claudia-klinger.de\/digidiary\/wp-json\/wp\/v2\/media?parent=2893"}],"wp:term":[{"taxonomy":"category","embeddable":true,"href":"https:\/\/www.claudia-klinger.de\/digidiary\/wp-json\/wp\/v2\/categories?post=2893"},{"taxonomy":"post_tag","embeddable":true,"href":"https:\/\/www.claudia-klinger.de\/digidiary\/wp-json\/wp\/v2\/tags?post=2893"}],"curies":[{"name":"wp","href":"https:\/\/api.w.org\/{rel}","templated":true}]}}