{"id":289,"date":"2009-05-07T10:16:00","date_gmt":"2009-05-07T08:16:00","guid":{"rendered":"http:\/\/www.claudia-klinger.de\/digidiary\/?p=289"},"modified":"2009-05-11T11:47:56","modified_gmt":"2009-05-11T09:47:56","slug":"petition-gegen-internet-zensur-stand-der-dinge","status":"publish","type":"post","link":"https:\/\/www.claudia-klinger.de\/digidiary\/2009\/05\/07\/petition-gegen-internet-zensur-stand-der-dinge\/","title":{"rendered":"Petition gegen Internet-Zensur: Stand der Dinge"},"content":{"rendered":"<p>42199 Menschen haben seit Montag die <a href=\"https:\/\/epetitionen.bundestag.de\/index.php?action=petition;sa=details;petition=3860\">Petition gegen Internet-Zensur<\/a> unterschrieben (Stand 10.13 Uhr). F\u00fcr gut drei Tage ein immenser Erfolg! Dass die Parteien im Wahlkampf sind, gibt der Angelegenheit mehr Wirkung als sonst, denn je mehr Stimmen sich melden &#8211; sei es durch Zeichnung oder eigene Beitr\u00e4ge &#8211; desto klarer muss vielen Parlamentariern und Regierungsmitgliedern werden, was f\u00fcr einen miesen Schlamassel die Ministerinnen Von der Leyen und Zypries da angerichtet haben.  <!--more--><\/p>\n<p>Wer noch einmal eine pr\u00e4gnante Zusammenfassung der Kritik an der \u00c4nderung des Telemediengesetzes hin zur Etablierung einer Zensur-Infrastruktur lesen will, findet sie <a href=\"http:\/\/www.spiegel.de\/netzwelt\/web\/0,1518,623125,00.html\">bei SPIEGEL ONLINE.<\/a> Interessant finde ich, dass vor allem Von der Leyen \u00f6ffentlich kritisiert wird (&#8222;Zensursula&#8220;), wogegen Zypries eine Versch\u00e4rfung in den Entwurf einbrachte, der in der ersten Fassung noch ausgeschlossen war: es d\u00fcrfen nun doch die IP-Adressen derjenigen, die &#8211; warum auch immer &#8211; auf einem &#8222;Stoppschild&#8220; landen, ans BKA weiter gereicht werden.\u00a0 Und daf\u00fcr soll auch eben mal <strong>die Verfassung ge\u00e4ndert<\/strong> werden:<\/p>\n<blockquote><p><em>&#8222;Um das m\u00f6glich zu machen, bedarf es noch einer kleinen Justierung an einem anderen Gesetz &#8211; unserer Verfassung: &#8222;Das Grundrecht des Fernmeldegeheimnisses (Artikel 10 des Grundgesetzes) wird durch die Abs\u00e4tze 2, 4 und 5 eingeschr\u00e4nkt. Hierdurch sind Telekommunikationsvorg\u00e4nge im Sinne des \u00a7 88 Absatz 3 Satz 3 des Telekommunikationsgesetzes betroffen.&#8220;&#8220;<\/em> (SPON)<\/p><\/blockquote>\n<p>Jetzt ist es das Thema Kinderporno, bei dem die Verantwortlichen damit rechneten, es werde sich wohl niemand zur Wehr setzen, um nicht mit P\u00e4dophilen in einen Topf geworfen zu werden. Morgen k\u00f6nnen dann andere Themen folgen, z.B. Copyright &amp; Urheberrecht, vielleicht irgendwann dann auch mal wieder Dinge wie &#8222;staatsfeindliche Hetze&#8220; etc. Ich hab&#8216; mich hier \u00fcber die ganze Sache schon <a href=\"https:\/\/www.claudia-klinger.de\/digidiary\/2009\/04\/21\/haben-wir-noch-demokratie-und-rechtsstaat\/\">weidlich ausgelassen<\/a> und freue mich, dass zumindest das Kalk\u00fcl, es werde sich kaum jemand trauen, dagegen zu sein, nicht aufgegangen ist.<\/p>\n<p>Auf dem provozierend langsamen Bundestagsserver haben die Moderatoren \u00fcbrigens gerade <a href=\"https:\/\/epetitionen.bundestag.de\/index.php?topic=1277.0\">die Schlie\u00dfung angedroht<\/a> und lassen keine neuen Forenthemen mehr zu. Es sei ihnen unm\u00f6glich, die von den Usern entgegen den Richtlinien eingebrachten URLS zu kontrollieren &#8211; und da hier eine &#8222;Mitst\u00f6rerhaftung&#8220; drohe, werde man zur Not ganz dicht machen. (Das Zeichnen der Petition w\u00e4re davon immerhin nicht betroffen).  Auf <a href=\"http:\/\/mrtopf.de\/blog\/de\/bundestagde-zieht-konsequenzen-aus-storerhaftung-forum-geschlossen\/\">einem Blogartikel dazu<\/a> kommentiert ein Leser die ganze Sache so:<\/p>\n<blockquote><p><em>&#8222;Die Geschichte entwickelt sich. Sie hat alles was es braucht: Protagonisten, die im Wahlkampf stehen; Verfassungsbruch und bedrohte Grundrechte; h\u00f6here Moral und Gutmenschen auf beiden Seiten; die objektive Unm\u00f6glichkeit, sozusagen mit einem Fahrscheinkontrolleur den Autoverkehr zu regeln; Organisationspotenzial der Freien und das dagegenstehende Strukturpotenzial des auf Gesetzen beruhenden Staates\u2026&#8220;<\/em><\/p><\/blockquote>\n<h2>Mehr zum Thema:<\/h2>\n<p><a href=\"http:\/\/netzpolitik.org\/2009\/bundestag-tv-die-zensursula-debatte\/\">Bundestag-TV: Die Zensursula-Debatte<\/a> (alle Rede-Beitr\u00e4ge im Video auf Youtube)<br \/>\n<a href=\"http:\/\/netzpolitik.org\/2009\/hintergrundtext-kinderpornographie-internet-sperren\/\">Hintergrundtext: Kinderpornographie &amp; Internet-Sperren<\/a> (Netzpolitik.org)<\/p>","protected":false},"excerpt":{"rendered":"<p>42199 Menschen haben seit Montag die Petition gegen Internet-Zensur unterschrieben (Stand 10.13 Uhr). F\u00fcr gut drei Tage ein immenser Erfolg! Dass die Parteien im Wahlkampf sind, gibt der Angelegenheit mehr Wirkung als sonst, denn je mehr Stimmen sich melden &#8211; sei es durch Zeichnung oder eigene Beitr\u00e4ge &#8211; desto klarer muss vielen Parlamentariern und Regierungsmitgliedern [&hellip;]<\/p>\n","protected":false},"author":1,"featured_media":0,"comment_status":"open","ping_status":"open","sticky":false,"template":"","format":"standard","meta":[],"categories":[8],"tags":[],"post_mailing_queue_ids":[],"_links":{"self":[{"href":"https:\/\/www.claudia-klinger.de\/digidiary\/wp-json\/wp\/v2\/posts\/289"}],"collection":[{"href":"https:\/\/www.claudia-klinger.de\/digidiary\/wp-json\/wp\/v2\/posts"}],"about":[{"href":"https:\/\/www.claudia-klinger.de\/digidiary\/wp-json\/wp\/v2\/types\/post"}],"author":[{"embeddable":true,"href":"https:\/\/www.claudia-klinger.de\/digidiary\/wp-json\/wp\/v2\/users\/1"}],"replies":[{"embeddable":true,"href":"https:\/\/www.claudia-klinger.de\/digidiary\/wp-json\/wp\/v2\/comments?post=289"}],"version-history":[{"count":0,"href":"https:\/\/www.claudia-klinger.de\/digidiary\/wp-json\/wp\/v2\/posts\/289\/revisions"}],"wp:attachment":[{"href":"https:\/\/www.claudia-klinger.de\/digidiary\/wp-json\/wp\/v2\/media?parent=289"}],"wp:term":[{"taxonomy":"category","embeddable":true,"href":"https:\/\/www.claudia-klinger.de\/digidiary\/wp-json\/wp\/v2\/categories?post=289"},{"taxonomy":"post_tag","embeddable":true,"href":"https:\/\/www.claudia-klinger.de\/digidiary\/wp-json\/wp\/v2\/tags?post=289"}],"curies":[{"name":"wp","href":"https:\/\/api.w.org\/{rel}","templated":true}]}}