{"id":2765,"date":"2019-01-27T15:31:08","date_gmt":"2019-01-27T14:31:08","guid":{"rendered":"https:\/\/www.claudia-klinger.de\/digidiary\/?p=2765"},"modified":"2019-01-29T14:48:16","modified_gmt":"2019-01-29T13:48:16","slug":"auschwitz-niewieder-holocaustgedenktag","status":"publish","type":"post","link":"https:\/\/www.claudia-klinger.de\/digidiary\/2019\/01\/27\/auschwitz-niewieder-holocaustgedenktag\/","title":{"rendered":"#Auschwitz #niewieder # #Holocaustgedenktag"},"content":{"rendered":"<figure id=\"attachment_2766\" aria-describedby=\"caption-attachment-2766\" style=\"width: 500px\" class=\"wp-caption aligncenter\"><img decoding=\"async\" loading=\"lazy\" src=\"https:\/\/www.claudia-klinger.de\/digidiary\/wp-content\/uploads\/2019\/01\/zitat-schuld-holocaust-500x500.jpg\" alt=\"Zitat\" width=\"500\" height=\"500\" class=\"size-large wp-image-2766\" srcset=\"https:\/\/www.claudia-klinger.de\/digidiary\/wp-content\/uploads\/2019\/01\/zitat-schuld-holocaust-500x500.jpg 500w, https:\/\/www.claudia-klinger.de\/digidiary\/wp-content\/uploads\/2019\/01\/zitat-schuld-holocaust-150x150.jpg 150w, https:\/\/www.claudia-klinger.de\/digidiary\/wp-content\/uploads\/2019\/01\/zitat-schuld-holocaust-300x300.jpg 300w, https:\/\/www.claudia-klinger.de\/digidiary\/wp-content\/uploads\/2019\/01\/zitat-schuld-holocaust-768x768.jpg 768w, https:\/\/www.claudia-klinger.de\/digidiary\/wp-content\/uploads\/2019\/01\/zitat-schuld-holocaust.jpg 1008w\" sizes=\"(max-width: 500px) 100vw, 500px\" \/><figcaption id=\"caption-attachment-2766\" class=\"wp-caption-text\">vie  <a href=\"https:\/\/twitter.com\/szmagazin\/status\/1089466400807235584\">@szmagazin<\/a><\/figcaption><\/figure>\n<p>Ich musste auch erst ziemlich erwachsen werden, um das zu verstehen! Als Jugendliche war ich der Meinung: <strong>&#8222;Was hab&#8216; ich mit den Verbrechen meiner Vorfahren zu tun? Nichts!&#8220;  <\/strong><!--more--><\/p>\n<p>Oberfl\u00e4chlich gesehen und nur mit Blick auf die &#8222;Schuld&#8220; stimmt das. Aber tats\u00e4chlich hatten und haben wir viel &#8222;damit&#8220; zu tun. Allein schon das Schweigen der V\u00e4ter, M\u00fctter und Gro\u00dfeltern \u00fcber das &#8222;1000-j\u00e4hrige Reich&#8220;, das soviel Grauen und Ungl\u00fcck \u00fcber die Welt brachte, hatte ja Wirkung: Aufwachsen mit blinden Flecken, die man nicht einmal bemerkt, die aber umso un-heimlicher ihre subtile Wirkung im famili\u00e4ren Geschehen entfalteten. <\/p>\n<p>Dann die &#8211; individuell unverdiente &#8211; Teilhabe an einem gesellschaftlichen, politischen und kulturellen Aufbruch, der sich (zumindest im politischen Arm der Bewegung) aus der Auflehnung gegen dieses Schweigen der Kriegsgeneration speiste: Was habt Ihr da blo\u00df angerichtet? Und ausgerechnet Euch sollen wir noch irgend etwas glauben oder abnehmen?<\/p>\n<p>Sp\u00e4ter dann die Einsicht, was damit gemeint war, als Kohl von der &#8222;Gnade der sp\u00e4ten Geburt&#8220; sprach: H\u00e4tte man selbst widerstanden? Sich gar in Gefahr gebracht durch Proteste und Aktionen? Sich ganz gewiss niemals bereichert an den ans Volk verteilten Habseligkeiten der nach Ausschwitz in die Vernichtungslager abtransportierten Juden? <\/p>\n<p>Fragen \u00fcber Fragen &#8211; und eine Wirklichkeit, in der es eine AFD gibt, deren Vorsitzender den Holocaust als &#8222;Fliegenschiss&#8220; bezeichnet und deren Th\u00fcringer Fraktionsvorsitzender H\u00f6cke von einer kommenden Wendezeit schreibt: \u201eWenn einmal die Wendezeit gekommen ist, dann machen wir Deutschen keine halben Sachen,\u201c und \u201emenschliche H\u00e4rte und unsch\u00f6ne Szenen werden sich nicht immer vermeiden lassen\u201c. (Aus: &#8222;Nie zweimal in denselben Fluss&#8220;). <\/p>\n<p>Mich gruselt! Und ja, es ist jetzt unsere Verantwortung, zu verhindern, dass solche Volksverf\u00fchrer erneut an die Macht kommen. Die sie zweifellos dazu nutzen werden, alle zu beseitigen, die ihnen nicht in den Kram passen. Wie damals. <\/p>\n<p>#Niewieder!<\/p>","protected":false},"excerpt":{"rendered":"<p>Ich musste auch erst ziemlich erwachsen werden, um das zu verstehen! Als Jugendliche war ich der Meinung: &#8222;Was hab&#8216; ich mit den Verbrechen meiner Vorfahren zu tun? Nichts!&#8220;<\/p>\n","protected":false},"author":1,"featured_media":0,"comment_status":"open","ping_status":"open","sticky":false,"template":"","format":"standard","meta":[],"categories":[8],"tags":[],"post_mailing_queue_ids":[],"_links":{"self":[{"href":"https:\/\/www.claudia-klinger.de\/digidiary\/wp-json\/wp\/v2\/posts\/2765"}],"collection":[{"href":"https:\/\/www.claudia-klinger.de\/digidiary\/wp-json\/wp\/v2\/posts"}],"about":[{"href":"https:\/\/www.claudia-klinger.de\/digidiary\/wp-json\/wp\/v2\/types\/post"}],"author":[{"embeddable":true,"href":"https:\/\/www.claudia-klinger.de\/digidiary\/wp-json\/wp\/v2\/users\/1"}],"replies":[{"embeddable":true,"href":"https:\/\/www.claudia-klinger.de\/digidiary\/wp-json\/wp\/v2\/comments?post=2765"}],"version-history":[{"count":0,"href":"https:\/\/www.claudia-klinger.de\/digidiary\/wp-json\/wp\/v2\/posts\/2765\/revisions"}],"wp:attachment":[{"href":"https:\/\/www.claudia-klinger.de\/digidiary\/wp-json\/wp\/v2\/media?parent=2765"}],"wp:term":[{"taxonomy":"category","embeddable":true,"href":"https:\/\/www.claudia-klinger.de\/digidiary\/wp-json\/wp\/v2\/categories?post=2765"},{"taxonomy":"post_tag","embeddable":true,"href":"https:\/\/www.claudia-klinger.de\/digidiary\/wp-json\/wp\/v2\/tags?post=2765"}],"curies":[{"name":"wp","href":"https:\/\/api.w.org\/{rel}","templated":true}]}}