{"id":273,"date":"2009-03-06T12:08:44","date_gmt":"2009-03-06T10:08:44","guid":{"rendered":"http:\/\/www.claudia-klinger.de\/digidiary\/?p=273"},"modified":"2009-03-14T12:24:48","modified_gmt":"2009-03-14T10:24:48","slug":"ein-magazin-fuer-lebenslust","status":"publish","type":"post","link":"https:\/\/www.claudia-klinger.de\/digidiary\/2009\/03\/06\/ein-magazin-fuer-lebenslust\/","title":{"rendered":"Ein Magazin f\u00fcr Lebenslust?"},"content":{"rendered":"<p>Only bad news are good news &#8211; warum ist das eigentlich so? Die Medien quellen \u00fcber vor Negativ-Botschaften: m\u00f6glichst krasse, verst\u00f6rende Schlagzeilen, zynische Analysen, massenhaft Kritik an diesem &#038; jenem, an ALLEM eigentlich. Und wer im TV durch die Kan\u00e4le zappt, trifft auch fast nur Mord und Totschlag, Krieg und Krise. Das ganze Leben ist ein Jammertal, nicht wahr?<\/p>\n<p>Gabi will gegen all das mit ihrem <a href=\"http:\/\/www.mondamo.de\/lebenslust.htm\">&#8222;Magazin f\u00fcr Lebenslust&#8220;<\/a> antreten &#8211; und st\u00f6\u00dft, wie zu erwarten, nicht auf allzu viel Resonanz. Zum Inhalt hei\u00dft es: <em>&#8222;40 Seiten Lebenslust pur. Was das Leben sch\u00f6n macht, wor\u00fcber man sich freuen kann. Spritzig und ernst, beides soll sein.&#8220;<\/em> Und es gibt anregende Beispiele und Fragen, mit denen einem auf die Spr\u00fcnge geholfen wird, falls so gar nichts Sch\u00f6nes einfallen will: <!--more--><\/p>\n<ul>\n<li><em>Warum ich gerne g\u00e4rtnere und was ich dabei f\u00fcrs leben lerne.<\/em><\/li>\n<li><em>Was mir meine gro\u00dfmutter einmal erz\u00e4hlt hat und woran immer noch wahres entdecken kann.<\/em><\/li>\n<li><em>Was mir einmal eine freundin, ein bruder, jemand auf der stra\u00dfe gesagt hat und mir bis heute immer wieder in den sinn kommt.<\/em><\/li>\n<li><em>Was ich einmal getan hab und mir pl\u00f6tzlich ein licht aufging&#8230;<\/em><\/li>\n<\/ul>\n<p>An mir selbst kann ich bei dieser Gelegenheit beobachten, wie tief der Hang zum Negativen doch sitzt: Mir fallen nicht etwa gleich eigene Beispiele ein, sondern ich f\u00fchle mich durch die Durchweg-Kleinschreibung genervt! Eine klein geschriebene &#8222;gro\u00dfmutter&#8220; erscheint mir im spontanen Gef\u00fchl bemerkenswerter als die positive Intention des ganzen Projekts &#8211; ist das nicht VERR\u00dcCKT???<\/p>\n<p>Am n\u00e4chsten dran am R\u00fchmen des Positiven bin ich im <a href=\"http:\/\/www.das-wilde-gartenblog.de\">wilden Gartenblog<\/a> und in manchen Texte \u00fcber Yoga und <a href=\"https:\/\/www.claudia-klinger.de\/entspann.htm\">Entspannung<\/a>.  Mal schauen, ob mir zum &#8222;Magazin f\u00fcr Lebenslust&#8220; doch noch &#8218;was einf\u00e4llt!<\/p>","protected":false},"excerpt":{"rendered":"<p>Only bad news are good news &#8211; warum ist das eigentlich so? Die Medien quellen \u00fcber vor Negativ-Botschaften: m\u00f6glichst krasse, verst\u00f6rende Schlagzeilen, zynische Analysen, massenhaft Kritik an diesem &#038; jenem, an ALLEM eigentlich. Und wer im TV durch die Kan\u00e4le zappt, trifft auch fast nur Mord und Totschlag, Krieg und Krise. Das ganze Leben ist [&hellip;]<\/p>\n","protected":false},"author":1,"featured_media":0,"comment_status":"open","ping_status":"open","sticky":false,"template":"","format":"standard","meta":[],"categories":[11],"tags":[],"post_mailing_queue_ids":[],"_links":{"self":[{"href":"https:\/\/www.claudia-klinger.de\/digidiary\/wp-json\/wp\/v2\/posts\/273"}],"collection":[{"href":"https:\/\/www.claudia-klinger.de\/digidiary\/wp-json\/wp\/v2\/posts"}],"about":[{"href":"https:\/\/www.claudia-klinger.de\/digidiary\/wp-json\/wp\/v2\/types\/post"}],"author":[{"embeddable":true,"href":"https:\/\/www.claudia-klinger.de\/digidiary\/wp-json\/wp\/v2\/users\/1"}],"replies":[{"embeddable":true,"href":"https:\/\/www.claudia-klinger.de\/digidiary\/wp-json\/wp\/v2\/comments?post=273"}],"version-history":[{"count":0,"href":"https:\/\/www.claudia-klinger.de\/digidiary\/wp-json\/wp\/v2\/posts\/273\/revisions"}],"wp:attachment":[{"href":"https:\/\/www.claudia-klinger.de\/digidiary\/wp-json\/wp\/v2\/media?parent=273"}],"wp:term":[{"taxonomy":"category","embeddable":true,"href":"https:\/\/www.claudia-klinger.de\/digidiary\/wp-json\/wp\/v2\/categories?post=273"},{"taxonomy":"post_tag","embeddable":true,"href":"https:\/\/www.claudia-klinger.de\/digidiary\/wp-json\/wp\/v2\/tags?post=273"}],"curies":[{"name":"wp","href":"https:\/\/api.w.org\/{rel}","templated":true}]}}