{"id":2714,"date":"2002-05-23T10:00:44","date_gmt":"2002-05-23T08:00:44","guid":{"rendered":"https:\/\/www.claudia-klinger.de\/digidiary\/?p=2714"},"modified":"2019-01-20T10:44:50","modified_gmt":"2019-01-20T09:44:50","slug":"am-puls-der-zeit-bush-besuch","status":"publish","type":"post","link":"https:\/\/www.claudia-klinger.de\/digidiary\/2002\/05\/23\/am-puls-der-zeit-bush-besuch\/","title":{"rendered":"Am Puls der Zeit: Bush-Besuch"},"content":{"rendered":"<p>Vermutlich ist es das Alter: Herr Bush und alle, die in diesen Tagen einen solchen Wirbel um seinen Besuch veranstalten, langweilen mich. Heut&#8216; will er, so ist zu h\u00f6ren, eine HISTORISCHE Rede im Bundestag halten &#8211; ach, ich bin mir fast sicher, dass in dieser Rede kein halber Satz vorkommen wird, den man nicht schon kennt, nicht so oder \u00e4hnlich erwartet. Und alle Nachrichtensprecher, Kommentatoren und Reporter auf den Stra\u00dfen tun ebenfalls ihr bestes, vorgestanzte S\u00e4tze und Statements auszutauschen. Demonstranten in karnevalesken Kost\u00fcmierungen geben brav zu Protokoll, gegen was sie jetzt gerade demonstrieren und wenden sich dann wieder dem fr\u00f6hlich-bunten Miteinander zu. Trommeln dr\u00f6hnen, die Leute tanzen, einzelne f\u00fchren akrobatische Kunstst\u00fccke vor &#8211; man kann nicht unterscheiden, wer hier demonstriert und wer nur flaniert, sagt ein Reporter.<\/p>\n<p>Mir reicht es, alles vom TV aus anzusehen, man sieht sehr viel mehr und wenn ich mich \u00e4rgere, kann ich es ausschalten. Schon der Karneval der Kulturen am Sonntag war medial betrachtet sehr viel angenehmer, denn es hat die ganze Zeit gesch\u00fcttet.<\/p>\n<p>Am Dienstagabend kam alles ein wenig n\u00e4her &#8211; wie immer, wenn die Welt &#8222;gewaltt\u00e4tige Ausschreitungen bef\u00fcrchtet&#8220;, versammelten sich mehrere hundert junge Menschen auf dem Boxhagener Platz, viele mit Bierflaschen in den H\u00e4nden. Bald war der B\u00e4r los, wieder erklangen die &#8222;Bush-Trommeln&#8220;, ab und an redete jemand Unverst\u00e4ndliches in einen Lautsprecher, gelegentlich raffte man sich zu kurzen Sprechch\u00f6ren auf (&#8222;Hoch die internationale Solidarit\u00e4t!&#8220;). Ich ging runter, wollte mal gucken, die Atmosph\u00e4re aus der N\u00e4he schnuppern, aber da die Wannen\/Einsatzfahrzeuge sich grad von allen Seiten um den Platz stauten, hab mich lieber wieder verzogen. Zwar werde ich normalerweise (altersbedingt..) von den Polizeibeamten nicht mehr als &#8222;Zielgruppe&#8220; wahrgenommen, aber es war verdammt dunkel.<\/p>\n<p>Vieles erinnert mich in diesen Tagen an die 80ger, ich war Ende zwanzig, voll begeistert und hoch engagiert &#8222;H\u00e4userkampf&#8220;, Anti-Reagan-Demo, TUWAT-Festival &#8211; oh, wenn ich anfangen w\u00fcrde, davon zu erz\u00e4hlen, w\u00e4r ich genau wie der Opa, der immer die Geschichten von &#8222;damals im Krieg&#8220; zum besten gab, ob sie einer h\u00f6ren wollte oder nicht.<\/p>\n<p>Anders als der nervende Opa bin ich mir nicht sicher, inwieweit ich \u00fcberhaupt noch ein Geschehen &#8222;richtig&#8220; beurteilen kann. Zwar sehe ich die \u00c4hnlichkeit der \u00e4u\u00dferen Formen zu &#8222;fr\u00fcher&#8220;, gleichzeitig nehme ich auch Unterschiede wahr. Alles kommt mir ein wenig unecht vor, als zelebrierten die Menschen weitgehend bewusst hohle Rituale, ein Protest ohne Herz und ohne echte Wut, abgeleistet f\u00fcr die Medienwelt weil es nun mal sein muss, wenn ein amerikanischer Pr\u00e4sident kommt. Dass man versucht, dabei ein Maximum an Spa\u00df und guter Unterhaltung mitzubekommen, versteht sich von selbst. Die Bush-Demo als Event der Spa\u00df-Gesellschaft &#8211; von den Berlinern nur mit gebremstem Schaum mitgetragen. Zu komplex sind die Themen, nur wenige formulieren noch klare Feindbilder, der Schatten des 11.Septembers hindert viele daran, in ein schlichtes &#8222;Ami go home!&#8220; einzustimmen. Auch die befragten Demonstranten \u00e4u\u00dfern sehr differenzierte Meinungen, so dass praktisch jeder etwas anderes sagt.<\/p>\n<p>Das sind meine Eindr\u00fccke &#8211; inwieweit sie etwas Objektives beschreiben oder mich nur selber spiegeln, kann ich nicht wissen. Ber\u00fchrt hat mich das Statement eines amerikanischen Journalisten, der sagte, er erlebe die Demos nicht als anti-amerikanisch, dieselben Proteste g\u00e4be es weltweit und auch in den USA selbst. Im \u00fcbrigen sei es gut, wenn in Deutschland demonstriert werde &#8211; erst wenn NICHT mehr demonstriert werde, bek\u00e4me er Angst.<\/p>","protected":false},"excerpt":{"rendered":"<p>Vermutlich ist es das Alter: Herr Bush und alle, die in diesen Tagen einen solchen Wirbel um seinen Besuch veranstalten, langweilen mich. Heut&#8216; will er, so ist zu h\u00f6ren, eine HISTORISCHE Rede im Bundestag halten &#8211; ach, ich bin mir fast sicher, dass in dieser Rede kein halber Satz vorkommen wird, den man nicht schon [&hellip;]<\/p>\n","protected":false},"author":1,"featured_media":0,"comment_status":"open","ping_status":"open","sticky":false,"template":"","format":"standard","meta":[],"categories":[8],"tags":[],"post_mailing_queue_ids":[],"_links":{"self":[{"href":"https:\/\/www.claudia-klinger.de\/digidiary\/wp-json\/wp\/v2\/posts\/2714"}],"collection":[{"href":"https:\/\/www.claudia-klinger.de\/digidiary\/wp-json\/wp\/v2\/posts"}],"about":[{"href":"https:\/\/www.claudia-klinger.de\/digidiary\/wp-json\/wp\/v2\/types\/post"}],"author":[{"embeddable":true,"href":"https:\/\/www.claudia-klinger.de\/digidiary\/wp-json\/wp\/v2\/users\/1"}],"replies":[{"embeddable":true,"href":"https:\/\/www.claudia-klinger.de\/digidiary\/wp-json\/wp\/v2\/comments?post=2714"}],"version-history":[{"count":0,"href":"https:\/\/www.claudia-klinger.de\/digidiary\/wp-json\/wp\/v2\/posts\/2714\/revisions"}],"wp:attachment":[{"href":"https:\/\/www.claudia-klinger.de\/digidiary\/wp-json\/wp\/v2\/media?parent=2714"}],"wp:term":[{"taxonomy":"category","embeddable":true,"href":"https:\/\/www.claudia-klinger.de\/digidiary\/wp-json\/wp\/v2\/categories?post=2714"},{"taxonomy":"post_tag","embeddable":true,"href":"https:\/\/www.claudia-klinger.de\/digidiary\/wp-json\/wp\/v2\/tags?post=2714"}],"curies":[{"name":"wp","href":"https:\/\/api.w.org\/{rel}","templated":true}]}}