{"id":27,"date":"2006-07-08T11:59:42","date_gmt":"2006-07-08T09:59:42","guid":{"rendered":"http:\/\/www.claudia-klinger.de\/digidiary\/2006\/07\/08\/aus-dem-alltag-einer-lidl-kundin\/"},"modified":"2022-12-29T19:33:58","modified_gmt":"2022-12-29T18:33:58","slug":"aus-dem-alltag-einer-lidl-kundin","status":"publish","type":"post","link":"https:\/\/www.claudia-klinger.de\/digidiary\/2006\/07\/08\/aus-dem-alltag-einer-lidl-kundin\/","title":{"rendered":"Aus dem Alltag einer LIDL-Kundin"},"content":{"rendered":"<p>Endlich Regen. Gestern hab&#8216; ich \u00fcberall nasse T\u00fccher aufgehangen, um die 29 Grad Raumtemperatur (Nordseite!) etwas zu mildern.  Dann erst mal der Gang zu LIDL, die mir n\u00e4chstgelegene Einkaufsgelegenheit. Zwei- bis dreimal die Woche kaufe ich hier f\u00fcr zehn bis 15 Euro ein, der Laden ist mir vertrauter als mein Hinterhof. F\u00fcr alles andere m\u00fcsste ich deutlich weiter gehen und ein Bioladenbesuch w\u00e4re richtig aufw\u00e4ndig. Ans latent schlechte Gewissen,  das mich  &#8211; mehr gedacht als gef\u00fchlt &#8211; stets zum Discounter begleitet, hab&#8216; ich mich gew\u00f6hnt und nehme es kaum noch wahr.  Wohl aber die angenehme K\u00fchle der klimatisierten R\u00e4ume, in diesen Tagen die reine Erholung.<!--more--><\/p>\n<p>In den Kartons mit dem &#8222;Caf\u00e9 Crema &#038; Espresso&#8220; erwische ich noch die letzte Packung Espresso-Bohnen, 500 Gramm zu unter 5 Euro. &#8222;Caf\u00e9 Crema&#8220; kauft kaum jemand, Espresso ist immer gleich weg. Dann dauert es Tage, manchmal \u00fcber eine Woche, bis auch &#8222;Caf\u00e9 Crema&#8220; endlich alle ist und es wieder neue Kartons mit einigen wenigen Espresso-Packungen gibt. Warum ein durchoptimierter Discounter wie LIDL, der nur &#8222;Schnelldreher&#8220; in seine Regale l\u00e4sst, potenzielle Espresso-K\u00e4ufer derart frustriert, ist mir schleierhaft. Ja, Lidl wirft durchaus Fragen auf und zu gerne w\u00fcsste ich manchmal die Geschichte, die hinter einem neuen oder ge\u00e4nderten Produkt steht.<\/p>\n<p>Am Eingang sah ich k\u00fcrzlich einen St\u00e4nder mit FAIR gehandeltem Kaffee (leider kein Espresso) und einigen Infos dazu. <a target=\"_blank\" href=\"http:\/\/www.epo.de\/index.php?option=com_content&#038;task=view&#038;id=1654&#038;Itemid=34\" rel=\"noopener\">Fairer Handel bei LIDL?<\/a>  Na hallo, das ist wohl die n\u00e4chste Offensive nach der Einf\u00fchrung der Bio-Schiene! Dass sie es tun, um ihr mieses Image zu verbessern, muss den Nutzen der Sache ja nicht schm\u00e4lern, denk&#8216; ich mir und hoffe, dass das Angebot keine Eintagsfliege bleibt.<\/p>\n<p>Wer von LIDL lebt, sich bei LIDL versorgt, braucht eigentlich kein Bargeld mehr. Ich zahle mit der EC-Karte und kann den Gang zum Geldautomaten auf den Tag verschieben, wenn ich in die N\u00e4he einer Postfiliale komme, wo Abheben nichts kostet.  Gew\u00f6hnlich hab&#8216; ich aber doch noch ein paar Euro in der Tasche, n\u00e4mlich f\u00fcr den Tante-Emma-Laden am Eck, den ein junger Bulgare betreibt. Seine Arbeitsbereitschaft beeindruckt mich schwer: t\u00e4glich von 8 bis 20 Uhr steht er im Laden, Samstags bis zwei und Sonntags bis zw\u00f6lf Uhr mittags. Etliche seiner Waren stammen ebenfalls von LIDL und anderen Discountern. Den B\u00e4cker aus meiner Stra\u00dfe sehe ich dort regelm\u00e4\u00dfig all seine Nicht-Backwaren erstehen, die in diesen kleinen L\u00e4den dann ca. 20 bis 40% teuer sind.  Meist hab&#8216; ich doch irgendwas vergessen oder will nicht wegen einer Rolle Klopapier zu LIDL latschen &#8211; gut, dass es diese L\u00e4den und ihre engagierten Betreiber wieder gibt, nachdem \u201aTante Emma&#8216; keine Lust mehr hatte.<\/p>\n<p>Kann denn ein LIDL-Konsument &#8222;gesund&#8220; leben?? Kommt drauf an, was gekauft wird, denke ich mir manchmal, w\u00e4hrend ich an der Kasse warte und betrachte, was so alles in den Einkaufsw\u00e4gen liegt. Manche leben von Pizza, S\u00fc\u00dfzeug und Alkohol, andere konsumieren ausschlie\u00dflich die &#8222;Gourmet-Schiene&#8220; (ja, auch das gibt&#8217;s bei LIDL!).  Menschen wie ich bevorzugen schlichte Produkte, die nicht erst gro\u00df verarbeitet (und damit verschlimmbessert) werden: Obst, Gem\u00fcse, tiefgefrorener Fisch in gro\u00dfen Packungen, M\u00fcsli ohne Zucker, Trockenfr\u00fcchte, Vollkornbrot und K\u00e4se.<br \/>\nFleisch- und Wurstwaren bestreike ich gerade, da mir ein Fernsehbericht wieder mal die Bedingungen der Produktion und den damit verbundenen Umgang mit dem Mitgesch\u00f6pf Tier drastisch ins Bewusstsein gehoben hat. Sollte ich doch wieder Lust auf ein Steak bekommen, wird es das vom argentinischen Rind sein, oder auch die neuerdings eingef\u00fchrten Neuseel\u00e4ndischen Lammkoteletts.  Diese Rinder und L\u00e4mmer haben immerhin ein sch\u00f6nes Leben vor dem Steak-Stadium, leider wird f\u00fcr ihren Transport die Luft mit Kerosin verpestet und die Klimakatastrophe voran getrieben &#8211; es gibt halt nichts Wahres im Falschen.<\/p>\n<h2>Vanille f\u00fcr alle<\/h2>\n<p>Was den Geschmack angeht, so repr\u00e4sentieren Discounter den Massengeschmack &#8211; was zu spezifisch schmeckt, muss gegl\u00e4ttet werden. Gorgonzola von LIDL ist nicht ganz so rezent und deutlich milder als das Original, gleiches gilt f\u00fcr den &#8222;echt Griechischen FETA&#8220; und viele anderen Produkte.  Allem, was s\u00fc\u00df ist, wird gerne Vanillegeschmack beigemischt &#8211; der passende  Geschmack f\u00fcr den kollektiven Kindergarten der Immer-noch-Spass-Gesellschaft. Gruslig, so ein &#8222;Erdbeer-Vanille-Fruchtaufstrich&#8220; &#8211; manchmal bemerke ich so etwas erst, wenn die Ware schon erworben ist, denn es steht nicht gerade deutlich drauf.<\/p>\n<p>Am Ende eines LIDL-Einkaufs gibt&#8217;s jedes Mal ein bisschen Stress: ich nehme mir nie einen Einkaufswagen, sondern benutze einen leeren Karton, um die Dinge einzusammeln. Eigentlich ist das verboten, aber nat\u00fcrlich sagt niemand was. An der Kasse kommt es dann darauf an, zu zeigen, dass man auch ohne Wagen nicht zum Hemmschuh im Lauf der Dinge wird: W\u00e4hrend die Kassiererin die Waren \u00fcber den Scanner schiebt, packe ich sie in derselben Geschwindigkeit in die T\u00fcten, so dass kein Stau entsteht. Eine kleine Verz\u00f6gerung kann ich mir erlauben, denn am Ende bekommt sie das K\u00e4rtchen und die &#8222;Verdatung&#8220; verursacht eine kleine Zwangspause, in der ich den doch noch aufgelaufenen Rest punktgenau vom Tisch r\u00e4umen kann, bis der Computer den Kassenzettel  ausspuckt, womit mein &#8222;Vorgang&#8220; beendet ist. Wenn es mal viel ist, ist das fast eine Art Sport, bzw. ein konzentriertes, aufeinander eingespieltes Interagieren zwischen Kundin, Kassiererin und Computer. Hat alles geklappt, ohne dass ein genervter Blick des n\u00e4chsten Kunden mir signalisiert: DU BIST EIN ST\u00d6RER, nimm gef\u00e4lligst einen Wagen!, verlasse ich den Laden mit dem guten Gef\u00fchl, etwas geleistet zu haben.  Ich war perfektes R\u00e4dchen im Getriebe, trotz meiner Bevorzugung der leeren Kartons!<\/p>\n<p>Apropos Getriebe: K\u00fcrzlich beobachtete ich zwei Handwerker, die dabei waren, s\u00e4mtliche Neonr\u00f6hren der LIDL-Filiale auszutauschen. Erstaunt fragte ich nach, warum denn das gesch\u00e4he, schlie\u00dflich brannten sie ja alle noch. Ich bekam die Auskunft, dass die R\u00f6hren nur eine gewisse durchschnittliche Lebensdauer h\u00e4tten, deshalb w\u00fcrden sie eben in festgelegtem Turnus allesamt erneuert.  Was f\u00fcr eine Verschwendung, dachte ich mir &#8211; und das bei einem Laden, der \u00fcberall Kosten spart. Warum l\u00e4sst man nicht die Mitarbeiter immer dann eine R\u00f6hre austauschen, wenn eine kaputt ist?? Und was machen sie mit all den noch funktionst\u00fcchtigen R\u00f6hren? Wegwerfen oder weiter verkaufen in die dritte Welt???<\/p>\n<p>Fragen \u00fcber Fragen! Als LIDL-Konsument bin ich beteiligt an all diesen kleinen und gro\u00dfen Schandtaten (Umwelt, Arbeitsbedingungen etc.), doch den Discounter deshalb zu meiden, ziehe ich nicht wirklich in Betracht. LIDL sollte nicht abgeschafft, sondern ver\u00e4ndert werden &#8211; und gerne w\u00fcrde ich z.B. mehr f\u00fcr die Packung Milch bezahlen, wenn dann der Milchbauer auch mehr bek\u00e4me. Wie ich h\u00f6rte, war LIDL dazu sogar mal bereit, es scheiterte jedoch an den Handelsstrukturen, an der Konkurrenz.<\/p>\n<p>Nicht immer trage ich die Welt auf meinen Schultern und denke an all diese Dinge, wenn ich einkaufen gehe, ganz vergessen kann ich sie aber auch nicht. Vielleicht kommt nach &#8222;Fleisch bestreiken&#8220; mal wieder eine Phase mit zumindest samst\u00e4glichen Marktbesuchen: dort gibt es teures \u00d6ko-Gem\u00fcse von Bauern aus der Umgebung. Jetzt, wo ich keine Ausgaben f\u00fcr Tabak mehr habe, k\u00f6nnte ich mir das glatt leisten!<\/p>","protected":false},"excerpt":{"rendered":"<p>Endlich Regen. Gestern hab&#8216; ich \u00fcberall nasse T\u00fccher aufgehangen, um die 29 Grad Raumtemperatur (Nordseite!) etwas zu mildern. Dann erst mal der Gang zu LIDL, die mir n\u00e4chstgelegene Einkaufsgelegenheit. Zwei- bis dreimal die Woche kaufe ich hier f\u00fcr zehn bis 15 Euro ein, der Laden ist mir vertrauter als mein Hinterhof. F\u00fcr alles andere m\u00fcsste [&hellip;]<\/p>\n","protected":false},"author":1,"featured_media":0,"comment_status":"open","ping_status":"open","sticky":false,"template":"","format":"standard","meta":[],"categories":[634],"tags":[],"post_mailing_queue_ids":[],"_links":{"self":[{"href":"https:\/\/www.claudia-klinger.de\/digidiary\/wp-json\/wp\/v2\/posts\/27"}],"collection":[{"href":"https:\/\/www.claudia-klinger.de\/digidiary\/wp-json\/wp\/v2\/posts"}],"about":[{"href":"https:\/\/www.claudia-klinger.de\/digidiary\/wp-json\/wp\/v2\/types\/post"}],"author":[{"embeddable":true,"href":"https:\/\/www.claudia-klinger.de\/digidiary\/wp-json\/wp\/v2\/users\/1"}],"replies":[{"embeddable":true,"href":"https:\/\/www.claudia-klinger.de\/digidiary\/wp-json\/wp\/v2\/comments?post=27"}],"version-history":[{"count":0,"href":"https:\/\/www.claudia-klinger.de\/digidiary\/wp-json\/wp\/v2\/posts\/27\/revisions"}],"wp:attachment":[{"href":"https:\/\/www.claudia-klinger.de\/digidiary\/wp-json\/wp\/v2\/media?parent=27"}],"wp:term":[{"taxonomy":"category","embeddable":true,"href":"https:\/\/www.claudia-klinger.de\/digidiary\/wp-json\/wp\/v2\/categories?post=27"},{"taxonomy":"post_tag","embeddable":true,"href":"https:\/\/www.claudia-klinger.de\/digidiary\/wp-json\/wp\/v2\/tags?post=27"}],"curies":[{"name":"wp","href":"https:\/\/api.w.org\/{rel}","templated":true}]}}