{"id":2660,"date":"2018-08-25T13:22:38","date_gmt":"2018-08-25T11:22:38","guid":{"rendered":"http:\/\/www.claudia-klinger.de\/digidiary\/?p=2660"},"modified":"2018-08-25T13:27:02","modified_gmt":"2018-08-25T11:27:02","slug":"aus-der-blogpause-rein-in-die-empoerung","status":"publish","type":"post","link":"https:\/\/www.claudia-klinger.de\/digidiary\/2018\/08\/25\/aus-der-blogpause-rein-in-die-empoerung\/","title":{"rendered":"Aus der Blogpause rein in die Emp\u00f6rung"},"content":{"rendered":"<p>Es g\u00e4be ja so viel zu bloggen, doch irgendwie bin ich in den letzten Wochen nicht dazu gekommen. Nicht, dass es an Zeit gemangelt h\u00e4tte, viel zu oft versacke ich in der Freizeit vor der Mediathek, wenn ich nicht grade im Garten die anhaltende D\u00fcrre bek\u00e4mpfe. Im Gartenblog ist immerhin ein &#8222;<a href=\"http:\/\/www.das-wilde-gartenblog.de\/2018\/08\/23\/gartengeplauder-ueber-dies-und-das\/\" rel=\"bookmark\">Gartengeplauder \u00fcber Tomaten, Beete und die kleing\u00e4rtnerische Nutzung<\/a>&#8220; erschienen und heute hab&#8216; ich mal wieder gegen die <a href=\"http:\/\/www.webwriting-magazin.de\/hallo-blogger-verlinken-ist-erlaubt-sogar-sehr-erwuenscht\/\">Verunsicherung rund ums Verlinken<\/a> angeschrieben. Ist schon gruslig, wie das zunehmend enger werdende gesetzliche Regelwerk Bloggern die Lust am Bloggen nimmt! <!--more--><\/p>\n<p>Meine Emp\u00f6rungskapazit\u00e4t \u00fcber alles, was derzeit so passiert, ist im \u00fcbrigen grade ziemlich ausgesch\u00f6pft. Wenn es zu vieles gibt, \u00fcber das man sich aus guten Gr\u00fcnden aufregen kann, erlahmt irgendwann die Psyche: <\/p>\n<ul>\n<li>Wenn ich einerseits \u00fcber noch nie da gewesene <a href=\"https:\/\/www.stuttgarter-nachrichten.de\/inhalt.steuereinnahmen-deutscher-staat-erzielt-milliardenueberschuss.61ed60ee-f05e-4b98-a6e2-e6a7f6c49acf.html\">Rekord\u00fcbersch\u00fcsse der Staatskassen<\/a> lese (NOCH MEHR als 2017, das auch schon ein Rekordjahr war!) und andrerseits &#8222;Berater des Wirtschaftsministeriums&#8220; den <a href=\"https:\/\/www.tagesspiegel.de\/politik\/berater-des-wirtschaftsministeriums-gutachten-fordert-stopp-des-sozialen-wohnungsbaus\/22946106.html\">Stopp des sozialen Wohnungsbaus<\/a> und ein Ende der Mietpreisbremse fordern&#8230;<\/li>\n<li>Wenn ich dazu noch einen profunden Artikel dar\u00fcber finde, der genau erkl\u00e4rt <a href=\"https:\/\/www.rbb-online.de\/kontraste\/archiv\/kontraste-vom-23-08-2018\/wie-deutschland-arbeitslosigkeit-in-europa-produziert.html\">&#8222;Wie Deutschland Arbeitslosigkeit in Europa produziert&#8220;<\/a>\n<li>&#8230; und ansonsten immer wieder von unserer <a href=\"https:\/\/www.gruene-bundestag.de\/mobilitaet\/alarmierender-zustand-deutscher-strassenbruecken.html\">maroden Infrastruktur<\/a> lese, von der wachsenden <a href=\"https:\/\/www.stern.de\/wirtschaft\/immobilien\/wohnen-und-mieten--von-absurden-preisen-und-verzweifelten-menschen-7971056.html\">Armut durch extrem steigende Mieten<\/a> und den <a href=\"http:\/\/www.migazin.de\/2018\/08\/23\/studie-zahl-hartz-iv-bezieher\/\">6 Millionen Hartz4-Beziehern<\/a>, die immer noch durch <a href=\"http:\/\/www.taz.de\/!5506876\/\">Sanktionen bis hin zum Leistungsentzug<\/a> geknechtet werden&#8230;<\/li>\n<\/ul>\n<p>&#8230;tja, dann f\u00e4llt mir einfach nichts mehr dazu ein, au\u00dfer: Ich w\u00fcnsche jenen, die all das verantworten und jegliche sozialen Verbesserungen verhindern, dass sie in der H\u00f6lle schmoren! Soviel &#8222;Hatespeech&#8220; muss einfach mal sein!<\/p>\n<h2>Demn\u00e4chst nur noch mit Zulassung bloggen?<\/h2>\n<p>Vielleicht ist &#8222;Emp\u00f6rung per Blog&#8220; aber auch bald gar nicht mehr m\u00f6glich, denn wenn der in Diskussion befindliche neue Rundfunkstaatsvertrag so durchkommt, ist Schluss mit lustig. <a href=\"http:\/\/blauerbote.com\/2018\/08\/23\/bloggen-nur-noch-mit-staatlicher-rundfunklizenz\/\">Dann ben\u00f6tigen auch Blogs, die unter 500 Besucher haben, eine &#8222;Rundfunklizenz&#8220;<\/a>. <\/p>\n<p><a href=\"https:\/\/www.rlp.de\/index.php?id=27687\">Hier geht es zum Entwurf<\/a>. Man hat sogar die M\u00f6glichkeit, Einwendungen zu machen. Da das Theme derzeit offenbar nicht grade viele bewegt, sehe ich schwarz! Und <a href=\"https:\/\/blog.fefe.de\/?ts=a58381a0\">zitiere mal Fefe<\/a>:<\/p>\n<blockquote><p>&#8222;Die neuen Begriffe daf\u00fcr sind Benutzeroberfl\u00e4che und Medienintermedi\u00e4r. Eine \u00dcbersicht \u00fcber Angebote oder Inhalte einzelner oder mehrerer Medienplattformen hei\u00dft in deren Lingo Benutzeroberfl\u00e4che. Mit anderen Worten: Mein Blog.<br \/>\nMedienintermedi\u00e4r ist jedes Telemedium, das journalistisch-redaktionelle Angebote Dritter aggregiert, selektiert und allgemein zug\u00e4nglich pr\u00e4sentiert. Also mit anderen Worten: Eure Facebook-Page, euer Twitter, eure Homepage mit RSS, euer Blog. Euer Youtube-Kanal.<br \/>\nIhr k\u00f6nnt euch ja \u00fcberlegen, wie die Zukunft aussehen wird, wenn der Medienstaatsvertrag sich f\u00fcr das alles f\u00fcr zust\u00e4ndig erkl\u00e4rt.<br \/>\nAus meiner Sicht haben wir die Wahl. Entweder wir gehen da jetzt mit dem gro\u00dfen Vorschlaghammer ran, oder wir k\u00f6nnen uns in Zukunft mit Rundfunklizenzen und inhaltlicher Einflussnahme auseinandersetzen, allerdings ohne im Gegenzug irgendwelche Vorteile oder Schutz wie bei Zeitungsverlegern zu erhalten.<br \/>\nBeachtet auch, dass die Einschr\u00e4nkungen wie &#8222;erst ab 500 potentiellen Nutzern gleichzeitig&#8220; und Ausnahmen f\u00fcr ausschlie\u00dflich pers\u00f6nliche oder famili\u00e4re Zwecke gestrichen werden sollen. Daf\u00fcr gibt es jetzt eine Rubrik Bagatellrundfunk, die Zulassungen f\u00fcr weniger als 20.000 Views im Monatsdurchschnitt und f\u00fcr Let&#8217;s Play-Videos. Warum eine Ausnahme f\u00fcr Lets-Player? Weil die sich gewehrt haben! Das sollten wir glaube ich auch tun.&#8220;<\/p><\/blockquote>\n<p>***<\/p>\n<p>Auch lesenswert:<\/p>\n<p><a href=\"http:\/\/www.fr.de\/kultur\/gesellschaft-demokratien-werden-von-ihren-eliten-zerstoert-a-1565108\">Demokratien werden von ihren Eliten zerst\u00f6rt<\/a><\/p>","protected":false},"excerpt":{"rendered":"<p>Es g\u00e4be ja so viel zu bloggen, doch irgendwie bin ich in den letzten Wochen nicht dazu gekommen. Nicht, dass es an Zeit gemangelt h\u00e4tte, viel zu oft versacke ich in der Freizeit vor der Mediathek, wenn ich nicht grade im Garten die anhaltende D\u00fcrre bek\u00e4mpfe. Im Gartenblog ist immerhin ein &#8222;Gartengeplauder \u00fcber Tomaten, Beete [&hellip;]<\/p>\n","protected":false},"author":1,"featured_media":0,"comment_status":"open","ping_status":"open","sticky":false,"template":"","format":"standard","meta":[],"categories":[10,7,414,231],"tags":[],"post_mailing_queue_ids":[],"_links":{"self":[{"href":"https:\/\/www.claudia-klinger.de\/digidiary\/wp-json\/wp\/v2\/posts\/2660"}],"collection":[{"href":"https:\/\/www.claudia-klinger.de\/digidiary\/wp-json\/wp\/v2\/posts"}],"about":[{"href":"https:\/\/www.claudia-klinger.de\/digidiary\/wp-json\/wp\/v2\/types\/post"}],"author":[{"embeddable":true,"href":"https:\/\/www.claudia-klinger.de\/digidiary\/wp-json\/wp\/v2\/users\/1"}],"replies":[{"embeddable":true,"href":"https:\/\/www.claudia-klinger.de\/digidiary\/wp-json\/wp\/v2\/comments?post=2660"}],"version-history":[{"count":0,"href":"https:\/\/www.claudia-klinger.de\/digidiary\/wp-json\/wp\/v2\/posts\/2660\/revisions"}],"wp:attachment":[{"href":"https:\/\/www.claudia-klinger.de\/digidiary\/wp-json\/wp\/v2\/media?parent=2660"}],"wp:term":[{"taxonomy":"category","embeddable":true,"href":"https:\/\/www.claudia-klinger.de\/digidiary\/wp-json\/wp\/v2\/categories?post=2660"},{"taxonomy":"post_tag","embeddable":true,"href":"https:\/\/www.claudia-klinger.de\/digidiary\/wp-json\/wp\/v2\/tags?post=2660"}],"curies":[{"name":"wp","href":"https:\/\/api.w.org\/{rel}","templated":true}]}}