{"id":2654,"date":"2018-07-26T09:20:00","date_gmt":"2018-07-26T07:20:00","guid":{"rendered":"http:\/\/www.claudia-klinger.de\/digidiary\/?p=2654"},"modified":"2018-07-26T09:39:41","modified_gmt":"2018-07-26T07:39:41","slug":"das-verrohte-land-ein-kommentar","status":"publish","type":"post","link":"https:\/\/www.claudia-klinger.de\/digidiary\/2018\/07\/26\/das-verrohte-land-ein-kommentar\/","title":{"rendered":"Das verrohte Land &#8211; ein Kommentar"},"content":{"rendered":"<p>Diesen Titel tr\u00e4gt eine Doku, die vor drei Tagen im ARD lief und <a href=\"https:\/\/www.daserste.de\/information\/reportage-dokumentation\/dokus\/videos\/das-verrohte-land-wenn-das-mitgefuehl-schwindet-video-102.html\">in der Mediathek<\/a> noch zu sehen ist. Eine recht ersch\u00fctternde Doku, die berichtet, wie Feuerwehrleute, \u00c4rzte und Pflegende in der Notaufnahme, Polizisten, Zugbegleiter, B\u00fcrgermeister und viele andere gewalt\u00e4tig angegriffen werden. Sowohl von Einzelnen als auch angefeuert durch eine Menge &#8222;ganz normaler Menschen&#8220;. \u00dcbelste Beschimpfungen der Sachbearbeiter in Beh\u00f6rden (Zulassungsstelle, Jugendamt..) sind mittlerweile normal, man wappnet sich mit Sicherheitsglas, Taschenkontrollen, Workshops zur Selbstverteidigung. Selbst in der Fu\u00dfball-Kreisklasse gibt es Ausschreitungen, auch beim Kinderfu\u00dfball m\u00fcssen getrennte Zonen f\u00fcr die Eltern der jeweiligen Mannschaften eingerichtet werden. Und bei jeder passenden und unpassenden Gelegenheit 1000fache Mails an Kommunalpolitiker mit w\u00fcsten Drohungen und \u00fcbelsten T\u00f6tungsfantasien.<!--more--><\/p>\n<p><strong>&#8222;Wird Gewalt zu einem Kulturevent?&#8220;<\/strong> fragt ein Sprecher. Der ganzen Doku fehlt die Analyse der Ursachen, die Ratlosigkeit ist greifbar. Auch abseits konkreter Gewalt nimmt die Ignoranz zu: Bei Unf\u00e4llen scheren sich immer weniger um die Rettungsgasse, die Leute filmen mit Handys die Toten und Verletzten. Was ist nur los in diesem Land?<\/p>\n<p>Der Lack der Zivilisation ist d\u00fcnn, hei\u00dft es. Und derzeit kann man sehen, wie er z\u00fcgig abbl\u00e4ttert. Woran liegt das? Ich wei\u00df es nicht, kann auch nur spekulieren, wobei mir ein Ereignis aus der Doku symptomatisch f\u00fcr viele zu sein scheint: in einem D\u00f6ner-Imbiss <a href=\"https:\/\/www.abendblatt.de\/politik\/deutschland\/article212673043\/Buergermeister-von-Altena-bei-Messerangriff-schwer-verletzt.html\">griff ein B\u00fcrger den B\u00fcrgermeister von Altena (Sauerland) mit einem K\u00fcchenmesser an<\/a>: <em>&#8222;Ich stech dich ab! Mich l\u00e4sst du verdursten, holst aber 200 Ausl\u00e4nder in die Stadt!&#8220;<\/em> Der Angreifer hatte seine Wasserrechnung nicht zahlen k\u00f6nnen, woraufhin ihm das Wasser abgestellt wurde.<\/p>\n<h2>Uns geht es doch gut?<\/h2>\n<p>Niemandem geht es schlechter, keiner bekommt weniger, weil der Staat Fl\u00fcchtlinge versorgt. Das stimmt, es reicht den Leuten aber nicht, die zu den vielen Armen und Marginalisierten geh\u00f6ren. Es reicht auch Anderen nicht, die auf die vielen Missst\u00e4nde hinweisen, die uns der entgrenzte Kapitalismus der letzten Jahrzehnte eingebrockt hat. Schulen verwahrlosen, die Infrastruktur br\u00f6ckelt, auf dem Land sterben die D\u00f6rfer, das Arbeitsrecht l\u00e4sst immer nervigere, prek\u00e4rere Jobs zu, die eine Lebensplanung unm\u00f6glich machen. Dass die Arbeitslosigkeit sinkt, tr\u00f6stet wenig angesichts der vielen Aufstocker und angesichts eines Mindestlohns, der in die Altersarmut f\u00fchrt. Wer heute noch &#8222;Mittelstand&#8220; ist, wei\u00df, wie schnell man ganz unten ankommen kann. Und zu alledem t\u00f6nt forw\u00e4hrend der Singsang der Bessergestellten: Uns geht es doch gut! Deutschland ist ein Land, in dem wir gut und gerne leben&#8230;.<\/p>\n<p>Die Durchkommerzialisierung aller Lebensbereiche, das Verschwinden \u00f6ffentlicher R\u00e4ume der Begegnung, die extreme Vereinzelung und eine Ideologie, die jegliches Leiden an den strukturellen Bedingungen als individuelles Problem und eigene Lebensentscheidung diskreditiert, ergeben zunehmenden Hass all jener, die nicht zu den Gewinnern der Verh\u00e4ltnisse geh\u00f6ren. Wachsender Konkurrenzdruck, Arbeitsverdichtung, Beschleunigung, Digitalisierung &#8211; all das produziert Verlierer, f\u00fchrt zu inneren K\u00fcndigungen und Burnout.<\/p>\n<p>Selbst die Besserverdiener in den klassischen deutschen Industrien sind nicht gefeit: Sie mussten erleben, wie die Macht in den Unternehmen von den Experten und Fachkr\u00e4ften an Finanzleute und Marketingtypen \u00fcberging: Manager, die &#8222;von der Sache keine Ahnung haben&#8220;, sich aber profilieren m\u00fcssen und nun die hoch qualifizierten und spezialisierten (!) Fachkr\u00e4fte mit den immer neuesten Unternehmensideologien nerven wie etwa &#8222;jeder muss hier alles k\u00f6nnen&#8220;. Sinnvolle Arbeit f\u00fcr konkrete Kunden ist dann oft nurmehr mit Tricks und quasi &#8222;unter dem Radar&#8220; m\u00f6glich. Ein absurdes Theater, das nicht gerade zur Identifikation mit der Firma beitr\u00e4gt. \u00dcbrigens auch nicht zum langfristigen Erhalt des internationalen Stellenwerts dieser wichtigen Firmen, aber was schert das so einen Kurzzeit-Manager?<\/p>\n<p><strong>Es gibt also viele Gr\u00fcnde f\u00fcr Hass:<\/strong> ganz unten, in der Mitte und sogar recht weit oben. Alle zusammen erleben den Staat nicht mehr als &#8222;f\u00fcrsorglich&#8220;, darum bem\u00fcht, das Leben der Individuen zu erleichtern und vor Abst\u00fcrzen zu sch\u00fctzen. Ganz im Gegenteil scheint sich die Politik um all das nicht zu k\u00fcmmern, die Verh\u00e4ltnisse wurden und werden als &#8222;alternativlos&#8220; dargestellt.<\/p>\n<p>Da wirkt es dann als Provokation, dass der verlorene &#8222;K\u00fcmmerer-Staat&#8220; pl\u00f6tzlich wieder zur Hochform aufl\u00e4uft, wenn viele Fl\u00fcchtlinge kommen. Soviel F\u00fcrsorge &#8211; und was ist mit uns? Auch w\u00e4hrend der Finanzkrise bemerkte man auf einmal eine staatliche Beweglichkeit, die niemand mehr erwartet hatte. Ja, ich wei\u00df, das war n\u00f6tig, denn niemand kann sich einen Zusammenbruch w\u00fcnschen. Aber gef\u00fchlt war das der erste Streich, die &#8222;Fl\u00fcchtlingskrise&#8220; der zweite: F\u00fcr Banker und Fl\u00fcchtlinge ist genug da, aber mit den Widrigkeiten des f\u00fcr viele verschlechterten Lebens und Arbeitens in Deutschland sollen alle ohne Murren allein zurecht kommen!<\/p>\n<p>Der aufgestaute Hass richtet sich traurigerweise gegen Menschen, die wahrlich nichts f\u00fcr die Zust\u00e4nde k\u00f6nnen. S\u00fcndenb\u00f6cke werden gesucht und &#8211; gest\u00fctzt von einem Teil der Politik und vielen Medien &#8211; auch gefunden. Wenn es so weiter geht, haben wir bald wieder Faschismus, weil eine &#8222;kritische Masse&#8220; bereitwillig falschen F\u00fchrern folgt, die nicht etwa echte Alternativen bieten, sondern nur noch mehr Verrohung, Ausgrenzung, Abschottung, Abbau sozialer Errungenschaften und immer mehr Hass.<\/p>\n<p>Deutschland, mir graut vor der Zukunft!<\/p>\n<p>***<\/p>\n<p>Ein Werbelink zum Thema:<\/p>\n<p><a href=\"https:\/\/amzn.to\/2NHVbIS\"><img decoding=\"async\" loading=\"lazy\" class=\"aligncenter size-full wp-image-2655\" src=\"https:\/\/www.claudia-klinger.de\/digidiary\/wp-content\/uploads\/2018\/07\/buch-faschismus.jpg\" alt=\"Buch: Faschismus\" width=\"200\" height=\"309\" \/><\/a><\/p>\n<p>Und ein lesenwerter Rant von Sascha Lobo \u00fcber das Schweigen der Anst\u00e4ndigen:<\/p>\n<p><a href=\"http:\/\/www.spiegel.de\/netzwelt\/web\/mesut-oezil-debatte-wir-schweigen-extremisten-an-die-macht-kolumne-a-1220067.html\">Rassismus und Integration: Wir schweigen Extremisten an die Macht<\/a><\/p>","protected":false},"excerpt":{"rendered":"<p>Diesen Titel tr\u00e4gt eine Doku, die vor drei Tagen im ARD lief und in der Mediathek noch zu sehen ist. Eine recht ersch\u00fctternde Doku, die berichtet, wie Feuerwehrleute, \u00c4rzte und Pflegende in der Notaufnahme, Polizisten, Zugbegleiter, B\u00fcrgermeister und viele andere gewalt\u00e4tig angegriffen werden. Sowohl von Einzelnen als auch angefeuert durch eine Menge &#8222;ganz normaler Menschen&#8220;. [&hellip;]<\/p>\n","protected":false},"author":1,"featured_media":0,"comment_status":"open","ping_status":"open","sticky":false,"template":"","format":"standard","meta":[],"categories":[8,231],"tags":[],"post_mailing_queue_ids":[],"_links":{"self":[{"href":"https:\/\/www.claudia-klinger.de\/digidiary\/wp-json\/wp\/v2\/posts\/2654"}],"collection":[{"href":"https:\/\/www.claudia-klinger.de\/digidiary\/wp-json\/wp\/v2\/posts"}],"about":[{"href":"https:\/\/www.claudia-klinger.de\/digidiary\/wp-json\/wp\/v2\/types\/post"}],"author":[{"embeddable":true,"href":"https:\/\/www.claudia-klinger.de\/digidiary\/wp-json\/wp\/v2\/users\/1"}],"replies":[{"embeddable":true,"href":"https:\/\/www.claudia-klinger.de\/digidiary\/wp-json\/wp\/v2\/comments?post=2654"}],"version-history":[{"count":0,"href":"https:\/\/www.claudia-klinger.de\/digidiary\/wp-json\/wp\/v2\/posts\/2654\/revisions"}],"wp:attachment":[{"href":"https:\/\/www.claudia-klinger.de\/digidiary\/wp-json\/wp\/v2\/media?parent=2654"}],"wp:term":[{"taxonomy":"category","embeddable":true,"href":"https:\/\/www.claudia-klinger.de\/digidiary\/wp-json\/wp\/v2\/categories?post=2654"},{"taxonomy":"post_tag","embeddable":true,"href":"https:\/\/www.claudia-klinger.de\/digidiary\/wp-json\/wp\/v2\/tags?post=2654"}],"curies":[{"name":"wp","href":"https:\/\/api.w.org\/{rel}","templated":true}]}}