{"id":262,"date":"2009-02-24T01:32:56","date_gmt":"2009-02-23T23:32:56","guid":{"rendered":"http:\/\/www.claudia-klinger.de\/digidiary\/?p=262"},"modified":"2011-07-11T13:42:01","modified_gmt":"2011-07-11T11:42:01","slug":"krise-alltag-und-froehliches-getwitter","status":"publish","type":"post","link":"https:\/\/www.claudia-klinger.de\/digidiary\/2009\/02\/24\/krise-alltag-und-froehliches-getwitter\/","title":{"rendered":"Start Blog-Retreat: Krise, Alltag und fr\u00f6hliches Getwitter"},"content":{"rendered":"<p>Grade hab&#8216; ich <a href=\"http:\/\/www.hauptstadtblog.de\/article\/5334\/blog-retreat-eine-woche-extrembloggen-mit-claudia-klinger\">die Ank\u00fcndigung<\/a> meines &#8222;Blog-Retreats zum Zehnj\u00e4hrigen&#8220; gelesen, die Susanne im <strong>Hauptstadtblog<\/strong> geschrieben hat. Bin ganz ger\u00fchrt &#8211; und kann mir angesichts dieses sch\u00f6nen Vorworts gleich weitere Vorreden sparen. :-)<\/p>\n<div id=\"retreat\" style=\"float:left;margin-left:260px;margin-right:10px\">\n<p><a href=\"https:\/\/www.claudia-klinger.de\/digidiary\/2009\/01\/10\/eine-woche-blog-retreat-zum-zehnjaehrigen\/\"><strong>Blog-Retreat zum Zehnj\u00e4hrigen<\/strong><\/a> des Digital Diary &#8211; Text 1<\/p>\n<p><a href=\"https:\/\/www.claudia-klinger.de\/digidiary\/2009\/02\/24\/vom-politischen-handeln-und-der-selbsterkenntnis\/\">Text 2 &raquo;<\/a> &#8211; <a href=\"https:\/\/www.claudia-klinger.de\/digidiary\/blog-retreat-zum-10-jaehrigen-alle-artikel\/\">\u00dcbersicht \u00bb<\/a><\/p>\n<\/div>\n<p>Im Moment kommt es mir fast etwas verstiegen vor, mich jetzt schreibend in meine Blogs zu versenken, w\u00e4hrend sich da drau\u00dfen die Krise zuspitzt. Grade hab&#8216; ich mir n\u00e4mlich eine gro\u00dfe Dosis Katastrophen-Artikel geg\u00f6nnt, die man auf <a href=\"http:\/\/www.net-news-global.de\/\">Net News Global<\/a> im Hunderterpack geboten bekommt. Nach solcher Lekt\u00fcre erscheint es dringend geboten, den Gem\u00fcseanbau <a href=\"http:\/\/www.das-wilde-gartenblog.de\/\">im Garten<\/a> zu planen, Vorr\u00e4te im Keller einzulagern und Kaffee und Zigaretten als Tauschware anzuschaffen. <!--more--><\/p>\n<p>Dass sich dieser Impuls bisher nicht in entsprechendes Handeln umsetzt, verdankt sich wieder anderen Medien, die ich dann sp\u00e4ter ebenfalls konsumiere: die Flagschiffe der &#8222;klassischen Medien&#8220;, die zwar auch die Krise kommentieren, aber doch insgesamt &#8222;Business as usual&#8220; signalisieren, die <a href=\"http:\/\/rivva.de\/\">Blogosph\u00e4re<\/a>, die in ihrer Technik- und Medienverliebtheit ganz andere Themen mit Aufmerksamkeit bedenkt, gar das schnelle Twitterversum, dessen kumulierte Kurzbotschaften sp\u00fcren lassen, wie gut es doch all denen geht, die da Zeit und Lust haben, das  Spiel mit den 140 Zeichen zu spielen. Sorge oder gar Angst vermittelt sich da jedenfalls nicht. <\/p>\n<p>Dass man im Web keine langen S\u00e4tze schreiben soll,  ist \u00fcbrigens eine Regel, an die ich mich in meinen Blogs nicht halte. Wer K\u00fcrzeres will, soll <a href=\"http:\/\/twitter.com\/HumanVoice\">HumanVoice folgen<\/a>, ich folge hier dem Sound der S\u00e4tze, die im je eigenen Rythmus flie\u00dfen wollen. <\/p>\n<p>Halb eins ist es jetzt, meine Blog-Woche hat begonnen, mein Tag endet. Morgen wird es hier einen Link zum n\u00e4chsten Text geben &#8211; auf welchem Blog, wei\u00df ich jetzt noch nicht. <\/p>","protected":false},"excerpt":{"rendered":"<p>Grade hab&#8216; ich die Ank\u00fcndigung meines &#8222;Blog-Retreats zum Zehnj\u00e4hrigen&#8220; gelesen, die Susanne im Hauptstadtblog geschrieben hat. Bin ganz ger\u00fchrt &#8211; und kann mir angesichts dieses sch\u00f6nen Vorworts gleich weitere Vorreden sparen. :-) Blog-Retreat zum Zehnj\u00e4hrigen des Digital Diary &#8211; Text 1 Text 2 &raquo; &#8211; \u00dcbersicht \u00bb Im Moment kommt es mir fast etwas verstiegen [&hellip;]<\/p>\n","protected":false},"author":1,"featured_media":0,"comment_status":"open","ping_status":"open","sticky":false,"template":"","format":"standard","meta":[],"categories":[8],"tags":[],"post_mailing_queue_ids":[],"_links":{"self":[{"href":"https:\/\/www.claudia-klinger.de\/digidiary\/wp-json\/wp\/v2\/posts\/262"}],"collection":[{"href":"https:\/\/www.claudia-klinger.de\/digidiary\/wp-json\/wp\/v2\/posts"}],"about":[{"href":"https:\/\/www.claudia-klinger.de\/digidiary\/wp-json\/wp\/v2\/types\/post"}],"author":[{"embeddable":true,"href":"https:\/\/www.claudia-klinger.de\/digidiary\/wp-json\/wp\/v2\/users\/1"}],"replies":[{"embeddable":true,"href":"https:\/\/www.claudia-klinger.de\/digidiary\/wp-json\/wp\/v2\/comments?post=262"}],"version-history":[{"count":0,"href":"https:\/\/www.claudia-klinger.de\/digidiary\/wp-json\/wp\/v2\/posts\/262\/revisions"}],"wp:attachment":[{"href":"https:\/\/www.claudia-klinger.de\/digidiary\/wp-json\/wp\/v2\/media?parent=262"}],"wp:term":[{"taxonomy":"category","embeddable":true,"href":"https:\/\/www.claudia-klinger.de\/digidiary\/wp-json\/wp\/v2\/categories?post=262"},{"taxonomy":"post_tag","embeddable":true,"href":"https:\/\/www.claudia-klinger.de\/digidiary\/wp-json\/wp\/v2\/tags?post=262"}],"curies":[{"name":"wp","href":"https:\/\/api.w.org\/{rel}","templated":true}]}}