{"id":2555,"date":"2018-01-24T13:03:43","date_gmt":"2018-01-24T12:03:43","guid":{"rendered":"http:\/\/www.claudia-klinger.de\/digidiary\/?p=2555"},"modified":"2018-01-24T13:24:08","modified_gmt":"2018-01-24T12:24:08","slug":"der-bessere-talk-phoenix-runde-zur-groko","status":"publish","type":"post","link":"https:\/\/www.claudia-klinger.de\/digidiary\/2018\/01\/24\/der-bessere-talk-phoenix-runde-zur-groko\/","title":{"rendered":"Der bessere Talk: Schaut doch mal PHOENIX-Runde, z.B. jetzt zur #Groko"},"content":{"rendered":"<p>Talkshows werden vielfach kritisiert, teilweise in Grund und Boden geschimpft: Kindergarten-Gez\u00e4nk, Show-Charakter, oberfl\u00e4chliches Themen-Hopping, wahlweise zu willf\u00e4hrige oder zu unversch\u00e4mte Moderatorinnen &#8211; all das meint die Mainstream-Talkshows Anne Will, Maischberger, Maybritt Illner et al und hat seine Berechtigung. <!--more--><\/p>\n<p>Obwohl ich &#8211; eigentlich &#8211; gerne Talkshows zu aktuellen Themen sehe, bin ich auch oft uns\u00e4glich genervt, insbesondere vom Schlagabtausch der jeweils anwesenden Parteipolitiker, die es oft verunm\u00f6glichen (unterst\u00fctzt durch die Moderation!) irgend ein Thema sinnvoll zu vertiefen. Grade in letzter Zeit hab ich keinen Bock mehr auf dieses aufgeregte, selbstdarstellerische, allzu k\u00e4mpferische Getue. Es bringt mich in der Meinungsbildung nicht wirklich weiter, also schaue ich da kaum mehr hinnurmehr selten rein. <\/p>\n<p><strong>Ganz anders geht es bei der PHOENIX-Runde zu!<\/strong> Da hab&#8216; ich schon oft fasziniert zugeh\u00f6rt, wie die jeweiligen Themen vielseitig dargestellt und in all ihren schwierigen Aspekten diskutiert werden. In aller Regel debattieren da keine Politiker in Staats- oder Partei\u00e4mtern, sondern Journalisten und allerlei Experten, die zur Sache tats\u00e4chlich Bedenkenswertes zu sagen haben. Das macht die Sendung wirklich lehrreich und spannend &#8211; und solche Kindereien wie sich gegenseitig unterbrechen bzw. immer weiter reden etc. kommen definitiv nicht vor! <\/p>\n<p><a href=\"https:\/\/www.zdf.de\/politik\/phoenix-runde\/phoenix-runde-vom-23012018-100.html\"><img decoding=\"async\" loading=\"lazy\" src=\"https:\/\/www.claudia-klinger.de\/digidiary\/wp-content\/uploads\/2018\/01\/phoenix-runde.jpg\" alt=\"\" width=\"600\" height=\"311\" class=\"aligncenter size-full wp-image-2556\" srcset=\"https:\/\/www.claudia-klinger.de\/digidiary\/wp-content\/uploads\/2018\/01\/phoenix-runde.jpg 600w, https:\/\/www.claudia-klinger.de\/digidiary\/wp-content\/uploads\/2018\/01\/phoenix-runde-300x156.jpg 300w, https:\/\/www.claudia-klinger.de\/digidiary\/wp-content\/uploads\/2018\/01\/phoenix-runde-500x259.jpg 500w\" sizes=\"(max-width: 600px) 100vw, 600px\" \/><\/a><\/p>\n<p>Dass die PHOENIX-Runde nicht so viele Zuschauer hat wie die Talks der Hauptsender ist ziemlich typisch: Zwar werden die bekannteren Talks ohne Ende kritisiert, aber die inhaltlich relevanteren, informativen, daf\u00fcr weniger &#8222;unterhaltenden&#8220; Sendungen werden ignoriert. <\/p>\n<p>Wer also mal ein wenig Zeit investieren kann, der sollte jetzt der PHOENIX-Runde eine Chance geben. Grade die gestrige Sendung ist sehr sehenswert, was nicht unbedingt am Titel erkennbar wird:<\/p>\n<p><a href=\"https:\/\/www.zdf.de\/politik\/phoenix-runde\/phoenix-runde-vom-23012018-100.html\">Das F\u00fchrungspersonal der GroKo &#8211; Geschw\u00e4cht und angez\u00e4hlt?<\/a><\/p>\n<p>Klingt, als gehe es nur ums Personal und der Einstieg l\u00e4sst das in den ersten 4 Minuten auch weiter bef\u00fcrchten. Aber weit gefehlt! Die Diskutanten &#8211; die keineswegs alle einer Meinung sind, aber sachlich debattieren k\u00f6nnen &#8211; kommen sehr schnell zu den Inhalten, die rund um die Regierungsbildung eine Rolle spielen. Oder, fast noch interessanter, leider KEINE Rolle zu spielen scheinen, obwohl die Zukunft unseres derzeit so &#8222;prosperierenden&#8220; Landes von ihnen massiv tangiert sein wird.<\/p>\n<p>Der Moderator Alexander K\u00e4hler diskutiert mit diesen G\u00e4sten:<\/p>\n<ul>\n<li><strong>Oswald Metzger<\/strong> &#8211; Chefredakteur des EUROPEAN, stellvertr. Vorsitzender der Ludwig-Ehrhardt-Stifung, heute CDU, fr\u00fcher B\u00fcndnis-GR\u00dcNE und noch fr\u00fcher mal SPD-Mitglied.<br \/>\n&#8222;Die politische Klasse in Deutschland ruht sich auf der wirtschaftlichen Prosperit\u00e4t aus&#8230;. Die Amerikaner machen gerade etwas, was uns \u00f6konomisch massiv zwicken wird&#8230;&#8220;<\/li>\n<li><strong>Melanie Amann<\/strong> &#8211; Redakteurin im SPIEGEL Hauptstadtb\u00fcro<br \/>\n&#8222;Politik ist doch mittlerweile Politik der kleinen Stellschrauben&#8230;&#8220;<\/li>\n<li><strong>Werner J. Patzelt<\/strong> &#8211; Politikwissenschaftler, Professor an der TU Dresden<br \/>\n&#8222;Wir haben eine inhaltliche Entleerung der politischen Debatte, haben uns in politischen Konzepten eingerichet, die lange Zeit tragf\u00e4hig waren, aber&#8230;&#8220;.<\/li>\n<li><strong>Dr. Thomas Kliche<\/strong> &#8211; Politikpsychologe, Professor an der Uni Magdeburg-Stendal<br \/>\n&#8222;Die SPD l\u00f6ffelt jetzt die Suppe aus, die sie sich mit Hartz4 eingebrockt hat&#8230;&#8220;<\/li>\n<\/ul>\n<p>Die Sendung gibts nicht nur <a href=\"https:\/\/www.zdf.de\/politik\/phoenix-runde\/phoenix-runde-vom-23012018-100.html\">in der Mediathek<\/a>, sie wurde auch auf Youtube &#8222;gerettet&#8220;:<\/p>\n<p><iframe loading=\"lazy\" width=\"560\" height=\"315\" src=\"https:\/\/www.youtube.com\/embed\/ENenjYDn48s\" frameborder=\"0\" allow=\"autoplay; encrypted-media\" allowfullscreen><\/iframe><\/p>\n<p>Solche Gespr\u00e4che schaue ich gerne \u00f6fter! Z.B. auch heute wieder um 22.15 Uhr: <\/p>\n<p><strong>Boomente Weltwirtschaft &#8211; auf Kosten der Armen<\/strong><br \/>\nModeratorin Anke Pl\u00e4ttner diskutiert mit ihren G\u00e4sten dar\u00fcber, was gegen die wachsende Verm\u00f6gensungleichheit getan werden kann und wie eine gerechtere Wirtschaftsordnung aussehen k\u00f6nnte. <\/p>\n<p><img decoding=\"async\" loading=\"lazy\" src=\"https:\/\/www.claudia-klinger.de\/digidiary\/wp-content\/uploads\/2018\/01\/phoenix-runde2.jpg\" alt=\"\" width=\"521\" height=\"518\" class=\"aligncenter size-full wp-image-2558\" srcset=\"https:\/\/www.claudia-klinger.de\/digidiary\/wp-content\/uploads\/2018\/01\/phoenix-runde2.jpg 521w, https:\/\/www.claudia-klinger.de\/digidiary\/wp-content\/uploads\/2018\/01\/phoenix-runde2-150x150.jpg 150w, https:\/\/www.claudia-klinger.de\/digidiary\/wp-content\/uploads\/2018\/01\/phoenix-runde2-300x298.jpg 300w, https:\/\/www.claudia-klinger.de\/digidiary\/wp-content\/uploads\/2018\/01\/phoenix-runde2-500x497.jpg 500w\" sizes=\"(max-width: 521px) 100vw, 521px\" \/><\/p>\n<p><a href=\"https:\/\/www.zdf.de\/politik\/phoenix-runde\/\">Die PHOENIX-Runde<\/a><\/p>\n<p>Dienstag bis Donnerstag,<br \/>\n22.15 bis 23.00 Uhr und 0.00 Uhr (Wdh.)<\/p>\n<p>auch <a href=\"http:\/\/phoenix.de\/content\/phoenix\/die_sendungen\/diskussionen\/444097\">als Podcast<\/a>!<\/p>\n<p>***<\/p>","protected":false},"excerpt":{"rendered":"<p>Talkshows werden vielfach kritisiert, teilweise in Grund und Boden geschimpft: Kindergarten-Gez\u00e4nk, Show-Charakter, oberfl\u00e4chliches Themen-Hopping, wahlweise zu willf\u00e4hrige oder zu unversch\u00e4mte Moderatorinnen &#8211; all das meint die Mainstream-Talkshows Anne Will, Maischberger, Maybritt Illner et al und hat seine Berechtigung.<\/p>\n","protected":false},"author":1,"featured_media":0,"comment_status":"open","ping_status":"open","sticky":false,"template":"","format":"standard","meta":[],"categories":[10,8],"tags":[],"post_mailing_queue_ids":[],"_links":{"self":[{"href":"https:\/\/www.claudia-klinger.de\/digidiary\/wp-json\/wp\/v2\/posts\/2555"}],"collection":[{"href":"https:\/\/www.claudia-klinger.de\/digidiary\/wp-json\/wp\/v2\/posts"}],"about":[{"href":"https:\/\/www.claudia-klinger.de\/digidiary\/wp-json\/wp\/v2\/types\/post"}],"author":[{"embeddable":true,"href":"https:\/\/www.claudia-klinger.de\/digidiary\/wp-json\/wp\/v2\/users\/1"}],"replies":[{"embeddable":true,"href":"https:\/\/www.claudia-klinger.de\/digidiary\/wp-json\/wp\/v2\/comments?post=2555"}],"version-history":[{"count":0,"href":"https:\/\/www.claudia-klinger.de\/digidiary\/wp-json\/wp\/v2\/posts\/2555\/revisions"}],"wp:attachment":[{"href":"https:\/\/www.claudia-klinger.de\/digidiary\/wp-json\/wp\/v2\/media?parent=2555"}],"wp:term":[{"taxonomy":"category","embeddable":true,"href":"https:\/\/www.claudia-klinger.de\/digidiary\/wp-json\/wp\/v2\/categories?post=2555"},{"taxonomy":"post_tag","embeddable":true,"href":"https:\/\/www.claudia-klinger.de\/digidiary\/wp-json\/wp\/v2\/tags?post=2555"}],"curies":[{"name":"wp","href":"https:\/\/api.w.org\/{rel}","templated":true}]}}