{"id":2518,"date":"2017-12-04T10:59:35","date_gmt":"2017-12-04T09:59:35","guid":{"rendered":"http:\/\/www.claudia-klinger.de\/digidiary\/?p=2518"},"modified":"2017-12-04T12:17:01","modified_gmt":"2017-12-04T11:17:01","slug":"lebenszeichen-einfach-mal-so","status":"publish","type":"post","link":"https:\/\/www.claudia-klinger.de\/digidiary\/2017\/12\/04\/lebenszeichen-einfach-mal-so\/","title":{"rendered":"Lebenszeichen &#8211; einfach mal so&#8230;"},"content":{"rendered":"<p>Eine gef\u00fchlte Ewigkeit ist der letzte Eintrag her. Mich gibt es immerhin noch, nach zwei Wochen heftiger Erk\u00e4ltung auch wieder halbwegs arbeitsf\u00e4hig. Was nicht hei\u00dft, dass ich nicht doch h\u00e4tte bloggen k\u00f6nnen: nur ein paar Tage lag ich wirklich flach. Dass es an Themen fehlte, kann ich auch nicht behaupten. Es ist eher das Gegenteil,<strong> ich rege mich \u00fcber viel zu viele Ereignisse auf<\/strong>, die genug Stoff f\u00fcr 1001 Artikel hergeben &#8211; und lasse es dann lieber, weil ich innerlich gar nicht nach komme! <!--more--><\/p>\n<p>Dann geht eher etwas in den Hobbyblogs: ein <a href=\"http:\/\/www.das-wilde-gartenblog.de\/2017\/11\/30\/mal-ein-gartenbuchtipp\/\">Buchtipp im wilden Gartenblog<\/a>, eine <a href=\"http:\/\/www.unverbissen-vegetarisch.de\/2017\/12\/7-x-veganer-festtagsbraten\/\">Liste veganer Festtagsbraten<\/a> auf Unverbissen-vegetarisch &#8211; das ist so sch\u00f6n konkret, lebensnah und praktisch, nichts sonst. Ganz so wie der Garten selbst, den ich auch im Winter besuche, wenn&#8217;s das Wetter erlaubt.<\/p>\n<p><img decoding=\"async\" loading=\"lazy\" src=\"https:\/\/www.claudia-klinger.de\/digidiary\/wp-content\/uploads\/2017\/12\/gartenimwinter.jpg\" alt=\"Garten im Winter\" width=\"600\" height=\"287\" class=\"aligncenter size-full wp-image-2521\" srcset=\"https:\/\/www.claudia-klinger.de\/digidiary\/wp-content\/uploads\/2017\/12\/gartenimwinter.jpg 600w, https:\/\/www.claudia-klinger.de\/digidiary\/wp-content\/uploads\/2017\/12\/gartenimwinter-300x144.jpg 300w, https:\/\/www.claudia-klinger.de\/digidiary\/wp-content\/uploads\/2017\/12\/gartenimwinter-500x239.jpg 500w\" sizes=\"(max-width: 600px) 100vw, 600px\" \/><\/p>\n<p><strong>Das ganze Spektakel rund um die Regierungsfindung<\/strong> lasse ich derzeit nur in kleinen Dosen an mich heran: Schlagzeilen, Blogartikel &#8211; und blo\u00df keine Kommentarstrecken auf WELT ONLINE, FOCUS etc.! Der Hass, der da nicht nur bei Migrationsthemen ausgegossen wird, kann mir morgens die Laune f\u00fcr den Tag verderben und macht auch Angst: All diese Leute haben ja ein &#8222;reales Leben&#8220;, nur sehe ich es ihnen da draussen nicht an, was sie f\u00fcr menschenverachtende Tiraden ablassen. Auch wieviel Ahnungslosigkeit \u00fcber das Funktionierens unseres Staats (Regierung, Parlament, Justiz, Institutionen&#8230;) da nebenbei zu Tage tritt, ist extra erschreckend!<\/p>\n<h2>Anderswo mehr lesen<\/h2>\n<p>Wer \u00fcbrigens mal eine komprimierte Darstellung der heftigsten <a href=\"https:\/\/kaffeeundkapital.de\/2017\/12\/01\/ein-jahr-experiment-kaffee-kapital-die-drei-grossen-probleme-unserer-zeit\/\">drei Probleme unserer Zeit<\/a> lesen will, ist bei Kaffee &amp; Kapital richtig. Martin Oetting hat sich ein Jahr Zeit genommen, um den Dingen auf den Grund zu gehen &#8211; sch\u00f6n, wenn man sich das leisten kann und nicht einfach eine Weltreise macht!<\/p>\n<p>Horst Schulte (&#8222;naiver links-gr\u00fcn-versiffter Gutmensch&#8220;) bloggt auf <a href=\"https:\/\/2bier.de\/\">2bier.de<\/a> derzeit auch sehr flei\u00dfig zur aktuellen Lage in der Politik. Da lese ich ganz gerne und wundere mich, dass nicht mehr kommentiert wird. Liegt vermutlich daran, dass die Lesenden oft \u00e4hnlicher Ansicht sind und das Blog anderswo nicht bekannt ist.<\/p>\n<p>Zum Schluss dieses leicht chaotischen Eintrags noch zwei Artikel, die mich zu umfangreicheren Kommentaren inspirierten:<\/p>\n<p><a href=\"http:\/\/www.geistundgegenwart.de\/2017\/11\/das-monster-im-mann.html\">#YouToo! Sind diese M\u00e4nner einfach krank?<\/a> auf Geist &amp; Gegenwart.<\/p>\n<p><a href=\"https:\/\/fingerphilosoph.net\/2017\/11\/01\/es-geht-uns-doch-immer-besser\/\">\u201eEs geht uns doch immer besser\u201c<\/a> &#8211; dem Fingerphilosoph hab&#8216; ich zum Thema &#8222;die Alten beuten die Jungen aus&#8220; <a href=\"https:\/\/fingerphilosoph.net\/2017\/11\/01\/es-geht-uns-doch-immer-besser\/#comment-848\">heftig widersprochen<\/a>.<\/p>\n<p>Und jetzt ruft mich die Arbeit. Schreibt mir gerne Eure &#8222;Lebenszeichen&#8220; in die Kommentare!<\/p>","protected":false},"excerpt":{"rendered":"<p>Eine gef\u00fchlte Ewigkeit ist der letzte Eintrag her. Mich gibt es immerhin noch, nach zwei Wochen heftiger Erk\u00e4ltung auch wieder halbwegs arbeitsf\u00e4hig. Was nicht hei\u00dft, dass ich nicht doch h\u00e4tte bloggen k\u00f6nnen: nur ein paar Tage lag ich wirklich flach. Dass es an Themen fehlte, kann ich auch nicht behaupten. Es ist eher das Gegenteil, [&hellip;]<\/p>\n","protected":false},"author":1,"featured_media":0,"comment_status":"open","ping_status":"open","sticky":false,"template":"","format":"standard","meta":[],"categories":[10,414,231],"tags":[],"post_mailing_queue_ids":[],"_links":{"self":[{"href":"https:\/\/www.claudia-klinger.de\/digidiary\/wp-json\/wp\/v2\/posts\/2518"}],"collection":[{"href":"https:\/\/www.claudia-klinger.de\/digidiary\/wp-json\/wp\/v2\/posts"}],"about":[{"href":"https:\/\/www.claudia-klinger.de\/digidiary\/wp-json\/wp\/v2\/types\/post"}],"author":[{"embeddable":true,"href":"https:\/\/www.claudia-klinger.de\/digidiary\/wp-json\/wp\/v2\/users\/1"}],"replies":[{"embeddable":true,"href":"https:\/\/www.claudia-klinger.de\/digidiary\/wp-json\/wp\/v2\/comments?post=2518"}],"version-history":[{"count":0,"href":"https:\/\/www.claudia-klinger.de\/digidiary\/wp-json\/wp\/v2\/posts\/2518\/revisions"}],"wp:attachment":[{"href":"https:\/\/www.claudia-klinger.de\/digidiary\/wp-json\/wp\/v2\/media?parent=2518"}],"wp:term":[{"taxonomy":"category","embeddable":true,"href":"https:\/\/www.claudia-klinger.de\/digidiary\/wp-json\/wp\/v2\/categories?post=2518"},{"taxonomy":"post_tag","embeddable":true,"href":"https:\/\/www.claudia-klinger.de\/digidiary\/wp-json\/wp\/v2\/tags?post=2518"}],"curies":[{"name":"wp","href":"https:\/\/api.w.org\/{rel}","templated":true}]}}