{"id":2510,"date":"2017-11-04T13:26:35","date_gmt":"2017-11-04T12:26:35","guid":{"rendered":"http:\/\/www.claudia-klinger.de\/digidiary\/?p=2510"},"modified":"2017-11-05T15:05:48","modified_gmt":"2017-11-05T14:05:48","slug":"zum-23-klimagipfel-wer-will-noch-was-retten","status":"publish","type":"post","link":"https:\/\/www.claudia-klinger.de\/digidiary\/2017\/11\/04\/zum-23-klimagipfel-wer-will-noch-was-retten\/","title":{"rendered":"Zum 23. Klimagipfel: Wer will noch was retten?"},"content":{"rendered":"<p>Schluss mit den <a href=\"https:\/\/www.claudia-klinger.de\/digidiary\/2017\/10\/29\/sommerzeit-fuer-immer\/\">Marginalien<\/a>! Ab Montag findet in Bonn der 23. Klimagipfel statt, eine Weltkonferenz, die sich immerhin die Aufgabe gestellt hat, den Planeten f\u00fcr die Menschheit bewohnbar zu halten. In der Presse wird der Mega-Event zwar pflichtschuldig gemeldet, aber wirklich zu interessieren scheint es nicht. Unsere derzeit &#8222;sondierenden&#8220; Politiker k\u00f6nnen auch kaum etwas zum Gipfel beitragen, denn Einigkeit \u00fcber das Vorgehen in Sachen Energiewende, Verkehr, Landwirtschaft ist nicht in Sicht. Und die USA sind sowieso ausgestiegen, dank des Irren Trump. Was soll das Ganze also noch?<!--more--><\/p>\n<p>Nicht einmal in der Theorie scheint es machbar, weltweit die Emissionen zu senken, die das Klima aus dem Takt bringen. &#8222;Wachstum&#8220; ist nach wie vor die heilige Kuh, und jeden Tag k\u00f6nnen wir lesen, wie sich Zentralbanken engagieren, es in Gang zu halten, wom\u00f6glich zu steigern. Denn wenn das nicht gelingen sollte, bricht wegen dann uneintreibbbarer Schulden das Finanzsystem zusammen und die Welt versinkt im Chaos vielf\u00e4ltiger Kriege und Verteilungskonflikte. So jedenfalls das Angstszenario, das selten ausgesprochen wird, aber (neben den &#8222;Systemzw\u00e4ngen&#8220;) gegen einen anderen Kurs spricht.<\/p>\n<p>Technische Fortschritte, die tats\u00e4chlich Emissionen senken, werden regelm\u00e4\u00dfig \u00fcberholt von der aufholenden Entwicklung in der ehemals &#8222;3.Welt&#8220;. Die aber &#8211; insbesondere in Afrika &#8211; bei weitem noch nicht reicht, um der massiv wachsenden Bev\u00f6lkerung eine Perspektive zu geben (ein Thema, das Linke ungern bedenken). In den entwickelten M\u00e4rkten sehen wir immer k\u00fcrzere Produktzyklen, die auch noch regelrecht gefeiert werden &#8211; man denke nur an die Smartphone-Hypes! Und bei Ger\u00e4tschaften und Gegenst\u00e4nden des t\u00e4glichen Bedarfs bemerken bewusste K\u00e4ufer schon lange: das Neuere ist oft das Schlechtere und kommt noch schneller auf den M\u00fcll als die \u00e4lteren Produkte.<\/p>\n<p>Ich k\u00f6nnte schier endlos weiter schreiben \u00fcber all die ungebrochenen Trends, die dem Bem\u00fchen, f\u00fcr das die Klimakonferenz steht, zuwider laufen. Oder \u00fcber all die Sch\u00e4den am \u00d6kosystem, die unsere Lebensart bereits angerichtet hat. Zuletzt publik wurde das <a href=\"http:\/\/www.sueddeutsche.de\/wissen\/biologie-das-insektensterben-bedroht-unsere-lebensgrundlagen-1.3734633\">Insektensterben<\/a>: 80% weniger, sogar in Naturschutzgebieten. Dass damit eine wesentliche Grundlage der Nahrungskette und Artenvielfalt zu verschwinden droht, scheint die Politik wenig zu jucken: Wir wollen so weiter machen, wie gehabt, koste es, was es wolle! Was \u00fcbrigens nicht alleinige Schuld b\u00f6ser Politiker ist, sondern allgemeine Einstellung der Wahlb\u00fcrger. Wer will schon gerne verzichten? Auf Bequemlichkeit, Flugreisen, Autobesitz, viel Fleisch und Luxuskonsum, den es zum Leben nicht wirklich braucht?<\/p>\n<p>Wir schaffen es einfach nicht, zu Gunsten langfristiger Gefahrenabwehr auf kurzfristigen Nutzen zu verzichten. Weil wir gar nicht so langlebig sind, dass uns die (hierzulande!) wirklich drastischen Klima\u00e4nderungen noch treffen k\u00f6nnten. So zumindest wird vielfach gedacht, was auch verst\u00e4ndlich ist. Menschen mit Kindern sind evtl. etwas besorgter und engagierter (ist das so?), weil ja absehbar ist, dass wir den Kindern eine deutlich unangenehmere Erde vererben werden.<\/p>\n<p>Wie unangenehm, daf\u00fcr empfehle ich den grandiosen Artikel<\/p>\n<ul>\n<li><a href=\"https:\/\/www.freitag.de\/autoren\/der-freitag\/der-planet-schlaegt-zurueck\">Der Planet schl\u00e4gt zur\u00fcck<\/a> &#8211; Apokalypse Hunger, St\u00fcrme, Kriege und eine Sonne, die uns kocht: Wie der Klimawandel die Welt ver\u00e4ndern wird.Der Text beruht auf einer h\u00f6chst umfangreichen Recherche und ist<\/li>\n<\/ul>\n<blockquote><p>&#8222;&#8230;das Ergebnis von Dutzenden Interviews mit Klimatologen und Wissenschaftlern. Er ber\u00fccksichtigt Hunderte Studien und Aufs\u00e4tze zum Klimawandel. Was Sie hier lesen, ist \u2013 nach bestem Wissen und Gewissen \u2013 eine Darstellung, worauf unser Planet zusteuert, wenn wir nicht aggressive gegensteuern.&#8220;<\/p><\/blockquote>\n<p>Wirklich sehr lesenswert (f\u00fcr alle, die sich trauen), denn da werden mal nicht nur die g\u00e4ngigen Folgen (&#8222;Meeresspiegel steigt&#8220;) unter die Lupe genommen, sondern ziemlich viele andere Schrecknisse, die uns bl\u00fchen werden. Und nicht nur in der Zukunft, auch schon in der Gegenwart bringt der Klimawandel Menschen um, aber lest selbst!<\/p>\n<h2>Untergangsfilme<\/h2>\n<p>\u00dcber die H\u00e4lfte des Kohlenstoffs, den die Menschheit in ihrer Geschichte in die Atmosph\u00e4re geblasen hat, wurde in den vergangenen drei Jahrzehnten ausgesto\u00dfen (auch eine Info aus dem Artikel). Das korreliert mit meiner pers\u00f6nlichen Medien-Erfahrung: in der Zeit davor erschien die Zukunft noch als eine Besserwelt. Science Fiction malte tolle Utopien, man konnte sich auf diese Zukunft freuen, die immer eine &#8222;bessere, sch\u00f6nere, gro\u00dfartigere&#8220; sein w\u00fcrde als die Gegenwart.<\/p>\n<p>Das hat sich gewaltig ge\u00e4ndert. Zukunft ist seit 30 Jahren zunehmend Angstgegner. Grade startet N24 den November mit spektakul\u00e4r inszenierten &#8222;Dokus&#8220; (<a href=\"https:\/\/www.youtube.com\/watch?v=3qlDjJz0T2w\">Wir zeigen den WELTUNTERGANG!<\/a>), wobei die Untergangsszenarien (1. Asteroid schl\u00e4gt ein, 2. Erde wird vom schwarzen Loch verschlungen) gemeinsam haben, dass sie z\u00fcgig ablaufen und unvermeidbar sind (&#8222;there is nothing you can do&#8220;). Detailreich wird dann gezeigt, wie das im einzelnen ablaufen w\u00fcrde. Woher blo\u00df diese Faszination am unabwendbaren Untergang?<\/p>\n<p>Der real ablaufende &#8222;Untergang&#8220; verl\u00e4uft schleichender, eignet sich also weniger f\u00fcrs Drama. Und wir K\u00d6NNTEN sogar etwas dagegen tun, zumindest gegen die allerschlimmsten Verl\u00e4ufe. Das aber ist es uns anscheinend nicht wert. Nicht individuell und erst recht nicht kollektiv.<\/p>\n<p>Trotzdem weiter Klimakonferenzen? <a href=\"http:\/\/www.zeit.de\/politik\/deutschland\/2017-10\/klimagipfel-klimawandel-bonn-cop-23-internationale-gemeinschaft-kritik-5vor8\">Petra Pinzler zeigt in der ZEIT auf<\/a>, warum sie sinnvoll sind und bleiben. Ich kann mich grade nicht zu positiven Ausblicken aufraffen. Bei der Klimakonferenz 2009 <a href=\"https:\/\/www.claudia-klinger.de\/digidiary\/2009\/12\/07\/klimagipfel-wir-koennen-wenn-wir-wollen\/\">war ich noch etwas motivierter<\/a> und schrieb am Ende:<\/p>\n<blockquote><p>&#8222;Heute hab\u2018 ich meine Heizung auf 19 Grad gestellt. Kein gro\u00dfer Sprung, denn ich war eh schon bei 20\/21. Mal schauen, wie mir das bekommt, vielleicht ist es auch ein Anreiz, den Tag vor dem Monitor \u00f6fter mal durch ein paar Kreislauf anregende, w\u00e4rmende Yoga-\u00dcbungen zu unterbrechen. Klimaschutz ist meistens auch gleichzeitig gesund.&#8220;<\/p><\/blockquote>\n<p>Ich erg\u00e4nze: k\u00fchlere Temperaturen helfen auch beim Abnehmen &#8211; und DAS ist uns ja immerhin verdammt wichtig!<\/p>\n<p><span style=\"border-radius: 2px; text-indent: 20px; width: auto; padding: 0px 4px 0px 0px; text-align: center; font: bold 11px\/20px 'Helvetica Neue',Helvetica,sans-serif; color: #ffffff; background: #bd081c no-repeat scroll 3px 50% \/ 14px 14px; position: absolute; opacity: 1; z-index: 8675309; display: none; cursor: pointer;\">Merken<\/span><\/p>\n<p><span style=\"border-radius: 2px; text-indent: 20px; width: auto; padding: 0px 4px 0px 0px; text-align: center; font: bold 11px\/20px 'Helvetica Neue',Helvetica,sans-serif; color: #ffffff; background: #bd081c no-repeat scroll 3px 50% \/ 14px 14px; position: absolute; opacity: 1; z-index: 8675309; display: none; cursor: pointer;\">Merken<\/span><\/p>\n<p><span style=\"border-radius: 2px; text-indent: 20px; width: auto; padding: 0px 4px 0px 0px; text-align: center; font: bold 11px\/20px 'Helvetica Neue',Helvetica,sans-serif; color: #ffffff; background: #bd081c no-repeat scroll 3px 50% \/ 14px 14px; position: absolute; opacity: 1; z-index: 8675309; display: none; cursor: pointer;\">Merken<\/span><\/p>\n<p><span style=\"border-radius: 2px; text-indent: 20px; width: auto; padding: 0px 4px 0px 0px; text-align: center; font: bold 11px\/20px 'Helvetica Neue',Helvetica,sans-serif; color: #ffffff; background: #bd081c no-repeat scroll 3px 50% \/ 14px 14px; position: absolute; opacity: 1; z-index: 8675309; display: none; cursor: pointer;\">Merken<\/span><\/p>\n<p><span style=\"border-radius: 2px; text-indent: 20px; width: auto; padding: 0px 4px 0px 0px; text-align: center; font: bold 11px\/20px 'Helvetica Neue',Helvetica,sans-serif; color: #ffffff; background: #bd081c no-repeat scroll 3px 50% \/ 14px 14px; position: absolute; opacity: 1; z-index: 8675309; display: none; cursor: pointer;\">Merken<\/span><\/p>\n<p><span style=\"border-radius: 2px; text-indent: 20px; width: auto; padding: 0px 4px 0px 0px; text-align: center; font: bold 11px\/20px 'Helvetica Neue',Helvetica,sans-serif; color: #ffffff; background: #bd081c no-repeat scroll 3px 50% \/ 14px 14px; position: absolute; opacity: 1; z-index: 8675309; display: none; cursor: pointer;\">Merken<\/span><\/p>\n<p><span style=\"border-radius: 2px; text-indent: 20px; width: auto; padding: 0px 4px 0px 0px; text-align: center; font: bold 11px\/20px 'Helvetica Neue',Helvetica,sans-serif; color: #ffffff; background: #bd081c no-repeat scroll 3px 50% \/ 14px 14px; position: absolute; opacity: 1; z-index: 8675309; display: none; cursor: pointer;\">Merken<\/span><\/p>\n<p><span style=\"border-radius: 2px; text-indent: 20px; width: auto; padding: 0px 4px 0px 0px; text-align: center; font: bold 11px\/20px 'Helvetica Neue',Helvetica,sans-serif; color: #ffffff; background: #bd081c no-repeat scroll 3px 50% \/ 14px 14px; position: absolute; opacity: 1; z-index: 8675309; display: none; cursor: pointer;\">Merken<\/span><\/p>\n<p><span style=\"border-radius: 2px; text-indent: 20px; width: auto; padding: 0px 4px 0px 0px; text-align: center; font: bold 11px\/20px 'Helvetica Neue',Helvetica,sans-serif; color: #ffffff; background: #bd081c no-repeat scroll 3px 50% \/ 14px 14px; position: absolute; opacity: 1; z-index: 8675309; display: none; cursor: pointer;\">Merken<\/span><\/p>\n<p><span style=\"border-radius: 2px; text-indent: 20px; width: auto; padding: 0px 4px 0px 0px; text-align: center; font: bold 11px\/20px 'Helvetica Neue',Helvetica,sans-serif; color: #ffffff; background: #bd081c  no-repeat scroll 3px 50% \/ 14px 14px; position: absolute; opacity: 1; z-index: 8675309; display: none; cursor: pointer;\">Merken<\/span><\/p>","protected":false},"excerpt":{"rendered":"<p>Schluss mit den Marginalien! Ab Montag findet in Bonn der 23. Klimagipfel statt, eine Weltkonferenz, die sich immerhin die Aufgabe gestellt hat, den Planeten f\u00fcr die Menschheit bewohnbar zu halten. In der Presse wird der Mega-Event zwar pflichtschuldig gemeldet, aber wirklich zu interessieren scheint es nicht. Unsere derzeit &#8222;sondierenden&#8220; Politiker k\u00f6nnen auch kaum etwas zum [&hellip;]<\/p>\n","protected":false},"author":1,"featured_media":0,"comment_status":"open","ping_status":"open","sticky":false,"template":"","format":"standard","meta":[],"categories":[8],"tags":[],"post_mailing_queue_ids":[],"_links":{"self":[{"href":"https:\/\/www.claudia-klinger.de\/digidiary\/wp-json\/wp\/v2\/posts\/2510"}],"collection":[{"href":"https:\/\/www.claudia-klinger.de\/digidiary\/wp-json\/wp\/v2\/posts"}],"about":[{"href":"https:\/\/www.claudia-klinger.de\/digidiary\/wp-json\/wp\/v2\/types\/post"}],"author":[{"embeddable":true,"href":"https:\/\/www.claudia-klinger.de\/digidiary\/wp-json\/wp\/v2\/users\/1"}],"replies":[{"embeddable":true,"href":"https:\/\/www.claudia-klinger.de\/digidiary\/wp-json\/wp\/v2\/comments?post=2510"}],"version-history":[{"count":0,"href":"https:\/\/www.claudia-klinger.de\/digidiary\/wp-json\/wp\/v2\/posts\/2510\/revisions"}],"wp:attachment":[{"href":"https:\/\/www.claudia-klinger.de\/digidiary\/wp-json\/wp\/v2\/media?parent=2510"}],"wp:term":[{"taxonomy":"category","embeddable":true,"href":"https:\/\/www.claudia-klinger.de\/digidiary\/wp-json\/wp\/v2\/categories?post=2510"},{"taxonomy":"post_tag","embeddable":true,"href":"https:\/\/www.claudia-klinger.de\/digidiary\/wp-json\/wp\/v2\/tags?post=2510"}],"curies":[{"name":"wp","href":"https:\/\/api.w.org\/{rel}","templated":true}]}}