{"id":248,"date":"2009-01-17T15:07:22","date_gmt":"2009-01-17T13:07:22","guid":{"rendered":"http:\/\/www.claudia-klinger.de\/digidiary\/?p=248"},"modified":"2009-01-27T13:43:09","modified_gmt":"2009-01-27T11:43:09","slug":"der-ton-der-hype-die-provinz","status":"publish","type":"post","link":"https:\/\/www.claudia-klinger.de\/digidiary\/2009\/01\/17\/der-ton-der-hype-die-provinz\/","title":{"rendered":"Der Ton, der Hype, die Provinz"},"content":{"rendered":"<p>Ein Ger\u00e4usch, das ich wirklich hasse, ist dieses sanfte Tschilpen des Handys, wenn es wissen l\u00e4sst, dass es wieder an den Akku muss. Nur eine einzige, betont leise Meldung, und doch so unerbittlich. Auch mitten in der Nacht wei\u00df man ganz genau: wenn ich jetzt nicht aufstehe und es an den Draht h\u00e4nge, tschilpt es in zehn Minuten wieder &#8211; und wieder, und wieder.<!--more--><\/p>\n<p>*<\/p>\n<p>In dieser Woche bin ich mit dem <a title=\"witziges Video, das die Sache auf die Spitze treibt\" href=\"http:\/\/www.webwriting-magazin.de\/koestliches-video-die-robert-basic-story\/\">Basic-Thinking Hype<\/a> geschwommen und staunte, was f\u00fcr eine verbindende Kraft so ein gemeinsames Thema doch immer wieder hat.\u00a0 Man liest mehr als sonst, entdeckt zuvor nie bemerkte Blogs, verfolgt die unz\u00e4hligen Reaktionen auf jeden n\u00e4chsten Schritt im laufenden Spektakel, und lernt auch die Menschen hinter den Blogs anhand ihrer Postings und Kommentare besser kennen. Dass der Verkauf eines &#8222;Top-Blogs&#8220; so sehr bewegt, wird gerne bel\u00e4chelt, doch auch die L\u00e4sterer und L\u00e4chler kommen nicht umhin, sich zu \u00e4u\u00dfern &#8211; spannend!<\/p>\n<p>*<\/p>\n<p>Gestern <a href=\"http:\/\/weichensteller1.twoday.net\/stories\/5387972\/\">gefunden:<\/a><\/p>\n<p>&#8222;In der Provinz geht der Mensch gesenkten Hauptes hinter die B\u00e4ume, wenn Gott zu nahe kommt. Ansonsten hat er sich einigerma\u00dfen eingerichtet. Zwar muss er alle paar Jahre das Klo neu verflie\u00dfen oder die Einfahrt betonieren. Drau\u00dfen ist kein T\u00fcrschild, und seine Nummer steht in keinem Verzeichnis. An den Feiertagen versammelt er seine Kinder, die ansonsten eigene Wege gehen. Das ist \u00fcberhaupt die Provinz: dass alle ihre eigenen Wege gehen, und dennoch nicht alleine, sondern zu hunderttausend.&#8220; <\/p>\n<p>Auch in der Stadt ist Provinz &#8211; und nat\u00fcrlich auch in der &#8222;Blogosph\u00e4re&#8220;: alle sitzen alleine vor dem Monitor und machen ihr Ding. Wie nett, wenn dann &#8222;gef\u00fchlte 100.000&#8220; mal auf dieselben Webseiten schauen&#8230;<\/p>\n<p>*<\/p>","protected":false},"excerpt":{"rendered":"<p>Ein Ger\u00e4usch, das ich wirklich hasse, ist dieses sanfte Tschilpen des Handys, wenn es wissen l\u00e4sst, dass es wieder an den Akku muss. Nur eine einzige, betont leise Meldung, und doch so unerbittlich. Auch mitten in der Nacht wei\u00df man ganz genau: wenn ich jetzt nicht aufstehe und es an den Draht h\u00e4nge, tschilpt es [&hellip;]<\/p>\n","protected":false},"author":1,"featured_media":0,"comment_status":"open","ping_status":"open","sticky":false,"template":"","format":"standard","meta":[],"categories":[8],"tags":[],"post_mailing_queue_ids":[],"_links":{"self":[{"href":"https:\/\/www.claudia-klinger.de\/digidiary\/wp-json\/wp\/v2\/posts\/248"}],"collection":[{"href":"https:\/\/www.claudia-klinger.de\/digidiary\/wp-json\/wp\/v2\/posts"}],"about":[{"href":"https:\/\/www.claudia-klinger.de\/digidiary\/wp-json\/wp\/v2\/types\/post"}],"author":[{"embeddable":true,"href":"https:\/\/www.claudia-klinger.de\/digidiary\/wp-json\/wp\/v2\/users\/1"}],"replies":[{"embeddable":true,"href":"https:\/\/www.claudia-klinger.de\/digidiary\/wp-json\/wp\/v2\/comments?post=248"}],"version-history":[{"count":0,"href":"https:\/\/www.claudia-klinger.de\/digidiary\/wp-json\/wp\/v2\/posts\/248\/revisions"}],"wp:attachment":[{"href":"https:\/\/www.claudia-klinger.de\/digidiary\/wp-json\/wp\/v2\/media?parent=248"}],"wp:term":[{"taxonomy":"category","embeddable":true,"href":"https:\/\/www.claudia-klinger.de\/digidiary\/wp-json\/wp\/v2\/categories?post=248"},{"taxonomy":"post_tag","embeddable":true,"href":"https:\/\/www.claudia-klinger.de\/digidiary\/wp-json\/wp\/v2\/tags?post=248"}],"curies":[{"name":"wp","href":"https:\/\/api.w.org\/{rel}","templated":true}]}}