{"id":2427,"date":"2017-06-13T10:31:59","date_gmt":"2017-06-13T08:31:59","guid":{"rendered":"http:\/\/www.claudia-klinger.de\/digidiary\/?p=2427"},"modified":"2017-06-13T10:52:35","modified_gmt":"2017-06-13T08:52:35","slug":"uns-gehts-gut-sagen-die-denen-egal-ist-wie-es-anderen-geht","status":"publish","type":"post","link":"https:\/\/www.claudia-klinger.de\/digidiary\/2017\/06\/13\/uns-gehts-gut-sagen-die-denen-egal-ist-wie-es-anderen-geht\/","title":{"rendered":"Uns gehts gut? Sagen die, denen egal ist, wie es Anderen geht"},"content":{"rendered":"<p>Dass ich zur Zeit nicht blogge, liegt nicht nur daran, dass ich vieles Andere auf der ToDo-Liste habe. Mir fehlen einfach die Worte, um auszudr\u00fccken, wie gewaltig mich vieles anstinkt, was hierzulande so passiert. Ranten k\u00f6nnen andere besser, zu n\u00fctzen scheint es ja auch nichts. Also platze ich manchmal schier vor Wut, f\u00fchl mich deprimiert und blogge trotzdem nicht. Z.B. \u00fcber diese Themen:<\/p>\n<p><strong>Thema Arbeit:<\/strong>  <a href=\"http:\/\/www.phoenix.de\/content\/2443099?datum=2017-06-12\">Ausbeutung &#8211; Arbeit auf Abruf<\/a><\/p>\n<p><iframe loading=\"lazy\" width=\"560\" height=\"315\" src=\"https:\/\/www.youtube.com\/embed\/ELIY9-mv_mA\" frameborder=\"0\" allowfullscreen><\/iframe><\/p>\n<p>Diese Doku hab&#8216; ich gestern auf PHOENIX gesehen. Seit Jahren werden diese extrem unsicheren Arbeitsverh\u00e4ltnisse immer mehr und es interessiert niemanden, dass nicht einmal die rudiment\u00e4ren Vorschriften des einschl\u00e4gigen Gesetzes eingehalten werden. Besonders emp\u00f6rt hat mich: In \u00d6sterreich hat das h\u00f6chste Gericht solche On-Demand-Arbeitsvertr\u00e4ge (richtigerweise!) f\u00fcr sittenwidrig erkl\u00e4rt. Also haben die Leute in diesen Arbeitsfeldern dort Festanstellungen. Geht also auch! <\/p>\n<p><strong>Thema Pflege:<\/strong>  Ist mal wieder <a href=\"https:\/\/www.welt.de\/vermischtes\/article165476417\/Kranke-Welt-dass-wir-Leute-aus-dem-Ausland-herlocken.html\">bei &#8222;Hart aber fair&#8220; diskutiert<\/a> worden, doch es \u00e4ndert sich offenbar nichts an den Zust\u00e4nden. In vielen Pflegeheimen vegetieren die Menschen sich selbst \u00fcberlassen dahin, es gibt zu wenige, viel zu schlecht bezahlte Pflegekr\u00e4fte, aber Rendite muss so ein Heim bringen. Menschenw\u00fcrde ade!<\/p>\n<p><strong>Thema Meinungsfreiheit:<\/strong> Ich fasse es nicht, wie ignorant sich Heiko Mass, SPD und CDU zur Kritik am &#8222;Netzwerkdurchsetzungsgesetz&#8220; verhalten. Kann es wirklich sein, dass hierzulande ein Gesetz einfach durchgewunken wird, dass sogar laut Gutachten des Wissenschaftlichen Dienstes des Bundestags <a href=\"https:\/\/www.steinhoefel.com\/2017\/06\/neue-blamage-fuer-maas-wissenschaftlicher-dienst-netzwerkdurchsetzungsgesetz-verfassungswidrig.html\">verfassungswidrig ist?<\/a> Laut dem Sonderbeauftragten der UN f\u00fcr die Meinungsfreiheit <a href=\"https:\/\/netzpolitik.org\/2017\/un-sonderberichterstatter-netzwerkdurchsetzungsgesetz-verstoesst-gegen-menschenrechte\/\">verst\u00f6\u00dft es gar gegen die Menschenrechte<\/a>, aber wen ficht das schon an? Es liegt doch auf der Hand, dass Facebook &#038; Co. im Zweifel ALLES l\u00f6schen, was Ansto\u00df erregt und gemeldet wird, wenn bis zu 50 Millionen Strafe drohen!. Wer glaubt, das tr\u00e4fe doch nur ein paar b\u00f6se Rechtsradikale wird sich noch wundern, was dann alles als &#8222;Hatespeach&#8220; oder &#8222;Fakenews&#8220; gel\u00f6scht werden wird!<\/p>\n<p><strong>Thema Rassismus &#038; Diskriminierung:<\/strong> Es emp\u00f6rt mich, wenn z.B. die Gedanken eines Philosophen ohne jegliche Argumente mit dem Spruch niedergemacht werden, er sei eben &#8222;ein alter wei\u00dfer Mann&#8220;. Ohne die Beitr\u00e4ge &#8222;alter wei\u00dfer M\u00e4nner&#8220; aus vielen Jahrhunderten w\u00fcrden wir kulturell und wissenschaftlich ganz sch\u00f6n alt aussehen! <a href=\"http:\/\/phase-zwei.org\/hefte\/artikel\/weissabgleich-critical-whiteness-rassenkunde-anti-rassismus-565\/\">&#8222;Critical Whiteness&#8220;<\/a> kippt selbst um in rassistisches Verhalten, wenn Menschen wegen ihrer Hautfarbe Opfer bestimmter Zuschreibungen werden, ganz ebenso wie es sexistisch und diskriminierend wirkt, M\u00e4nner aufgrund ihres Geschlechts anzupampen (&#8222;wei\u00dfe CIS-M\u00e4nner&#8220;).<br \/>\n<em>Und weil jenen, die solche Spr\u00fcche machen, komplett egal ist, wie es wei\u00dfen M\u00e4nnern \u00fcber 40 (gilt in vielen Kontexten schon als alt) damit geht, passt auch diese Klage noch zur Artikel\u00fcberschrift, zumindest zum 2.Teil.<\/em><\/p>","protected":false},"excerpt":{"rendered":"<p>Dass ich zur Zeit nicht blogge, liegt nicht nur daran, dass ich vieles Andere auf der ToDo-Liste habe. Mir fehlen einfach die Worte, um auszudr\u00fccken, wie gewaltig mich vieles anstinkt, was hierzulande so passiert. Ranten k\u00f6nnen andere besser, zu n\u00fctzen scheint es ja auch nichts. Also platze ich manchmal schier vor Wut, f\u00fchl mich deprimiert [&hellip;]<\/p>\n","protected":false},"author":1,"featured_media":0,"comment_status":"open","ping_status":"open","sticky":false,"template":"","format":"standard","meta":[],"categories":[8],"tags":[],"post_mailing_queue_ids":[],"_links":{"self":[{"href":"https:\/\/www.claudia-klinger.de\/digidiary\/wp-json\/wp\/v2\/posts\/2427"}],"collection":[{"href":"https:\/\/www.claudia-klinger.de\/digidiary\/wp-json\/wp\/v2\/posts"}],"about":[{"href":"https:\/\/www.claudia-klinger.de\/digidiary\/wp-json\/wp\/v2\/types\/post"}],"author":[{"embeddable":true,"href":"https:\/\/www.claudia-klinger.de\/digidiary\/wp-json\/wp\/v2\/users\/1"}],"replies":[{"embeddable":true,"href":"https:\/\/www.claudia-klinger.de\/digidiary\/wp-json\/wp\/v2\/comments?post=2427"}],"version-history":[{"count":0,"href":"https:\/\/www.claudia-klinger.de\/digidiary\/wp-json\/wp\/v2\/posts\/2427\/revisions"}],"wp:attachment":[{"href":"https:\/\/www.claudia-klinger.de\/digidiary\/wp-json\/wp\/v2\/media?parent=2427"}],"wp:term":[{"taxonomy":"category","embeddable":true,"href":"https:\/\/www.claudia-klinger.de\/digidiary\/wp-json\/wp\/v2\/categories?post=2427"},{"taxonomy":"post_tag","embeddable":true,"href":"https:\/\/www.claudia-klinger.de\/digidiary\/wp-json\/wp\/v2\/tags?post=2427"}],"curies":[{"name":"wp","href":"https:\/\/api.w.org\/{rel}","templated":true}]}}