{"id":221,"date":"2008-10-16T10:33:01","date_gmt":"2008-10-16T08:33:01","guid":{"rendered":"http:\/\/www.claudia-klinger.de\/digidiary\/?p=221"},"modified":"2008-10-22T11:07:39","modified_gmt":"2008-10-22T09:07:39","slug":"angst","status":"publish","type":"post","link":"https:\/\/www.claudia-klinger.de\/digidiary\/2008\/10\/16\/angst\/","title":{"rendered":"Angst"},"content":{"rendered":"<p>Erst hatten alle Angst, dass das Finanzsystem zusammen brechen werde. Kaum scheint diese Gefahr aufgrund vielf\u00e4ltiger Rettungsaktivit\u00e4ten f\u00fcr den Moment gebannt, ist es die Angst vor der Rezession, die &#8222;die M\u00e4rkte nach unten zieht&#8220;. Die Menschen halten ihr Geld zusammen und stellen luxuri\u00f6se Anschaffungen zur\u00fcck, selbst bei den konsumfreudigen Amerikanern sitzen die Kreditkarten nicht mehr so locker. Ein Verhalten, das offensichtlich als weltuntergangsverd\u00e4chtig bewertet wird, dabei ist es doch nur vern\u00fcnftig, oder etwa nicht?<!--more--><\/p>\n<p>Unvern\u00fcnftig, um nicht zu sagen KOMPLETT VERR\u00dcCKT ist ein System, das f\u00fcr sein weiter funktionieren eine stetige Steigerung des Umsatzes, der Produktion und des Verbrauchs ben\u00f6tigt. Man k\u00f6nnte das allenfalls dann als sinnvoll ansehen, wenn es darum ginge, die weltweiten Unterschiede im Lebensstandard auszugleichen &#8211; das Gegenteil ist jedoch der Fall. Unsere EU-\u00dcbersch\u00fcsse werden noch immer in Afrika verramscht und verbauen den Menschen dort die Chancen auf eine eigenst\u00e4ndige Entwicklung, zuvorderst eine funktionierende Landwirtschaft. Man predigt den armen L\u00e4ndern die Segnungen des freien Warenverkehrs, schottet aber gleichzeitig die heimischen M\u00e4rkte gegen ihre Produkte ab.  Und in den entwickelten Industrienationen bedeutet &#8222;Wachstum&#8220; immer schnellere Produktzyklen auf weitgehend ges\u00e4ttigten M\u00e4rkten, nat\u00fcrlich alles auf Pump finanziert: hol dir jetzt das neue Handy, zahle sp\u00e4ter. <\/p>\n<p>Eine Rezession BREMST das alles, f\u00fchrt zu verlangsamter Ausbeutung der restlichen Rohstoffe, vernichtet weniger Natur, verbraucht weniger Energie, emittiert weniger CO\u00b2 &#8211; ist das wirklich so SCHLECHT? Warum sollten denn <a href=\"http:\/\/www.tagesspiegel.de\/berlin\/Mediaspree-Friedrichshain;art270,2632535\">immer mehr Hochh\u00e4user<\/a> in den Himmel wachsen, die doch energetisch viel aufw\u00e4ndiger und damit teuer sind als normale H\u00e4user? <\/p>\n<p>Was w\u00e4re, wenn wir alle auf den Lebensstandard von 1980 zur\u00fcckfallen w\u00fcrden?? Ich habe keine schlechten Erinnerungen an 1980, Ihr? In den 90gern wurde die Welt der Gegenst\u00e4nde, die Optik neuer Geb\u00e4ude und Einkaufsmeilen nochmal so richtig &#8222;aufgewertet&#8220;. Alles erreichte einen Grad protziger \u00c4sthetik, der dem Vergolden von Wasserh\u00e4hnen im Klo entspricht. Es muss ja WACHSTUM sein, auch wenn sich die erzeugten &#8222;Werte&#8220; von dem, was f\u00fcr ein gutes Leben N\u00d6TIG ist, schon \u00c4onen entfernt haben. <\/p>\n<p>Ja, ja, ich wei\u00df, wir wissen keine Alternative. Aber auch noch ANGST haben, wenn sich dieser Zug der Lemminge mal ein bisschen verlangsamt, kommt mir vor, wie auf der Titanic &#8222;voll Dampf voraus&#8220; Richtung Eisberg zu fordern! <\/p>","protected":false},"excerpt":{"rendered":"<p>Erst hatten alle Angst, dass das Finanzsystem zusammen brechen werde. Kaum scheint diese Gefahr aufgrund vielf\u00e4ltiger Rettungsaktivit\u00e4ten f\u00fcr den Moment gebannt, ist es die Angst vor der Rezession, die &#8222;die M\u00e4rkte nach unten zieht&#8220;. Die Menschen halten ihr Geld zusammen und stellen luxuri\u00f6se Anschaffungen zur\u00fcck, selbst bei den konsumfreudigen Amerikanern sitzen die Kreditkarten nicht mehr [&hellip;]<\/p>\n","protected":false},"author":1,"featured_media":0,"comment_status":"open","ping_status":"open","sticky":false,"template":"","format":"standard","meta":[],"categories":[8],"tags":[],"post_mailing_queue_ids":[],"_links":{"self":[{"href":"https:\/\/www.claudia-klinger.de\/digidiary\/wp-json\/wp\/v2\/posts\/221"}],"collection":[{"href":"https:\/\/www.claudia-klinger.de\/digidiary\/wp-json\/wp\/v2\/posts"}],"about":[{"href":"https:\/\/www.claudia-klinger.de\/digidiary\/wp-json\/wp\/v2\/types\/post"}],"author":[{"embeddable":true,"href":"https:\/\/www.claudia-klinger.de\/digidiary\/wp-json\/wp\/v2\/users\/1"}],"replies":[{"embeddable":true,"href":"https:\/\/www.claudia-klinger.de\/digidiary\/wp-json\/wp\/v2\/comments?post=221"}],"version-history":[{"count":0,"href":"https:\/\/www.claudia-klinger.de\/digidiary\/wp-json\/wp\/v2\/posts\/221\/revisions"}],"wp:attachment":[{"href":"https:\/\/www.claudia-klinger.de\/digidiary\/wp-json\/wp\/v2\/media?parent=221"}],"wp:term":[{"taxonomy":"category","embeddable":true,"href":"https:\/\/www.claudia-klinger.de\/digidiary\/wp-json\/wp\/v2\/categories?post=221"},{"taxonomy":"post_tag","embeddable":true,"href":"https:\/\/www.claudia-klinger.de\/digidiary\/wp-json\/wp\/v2\/tags?post=221"}],"curies":[{"name":"wp","href":"https:\/\/api.w.org\/{rel}","templated":true}]}}