{"id":2159,"date":"2016-10-27T11:41:44","date_gmt":"2016-10-27T09:41:44","guid":{"rendered":"http:\/\/www.claudia-klinger.de\/digidiary\/?p=2159"},"modified":"2016-10-27T12:27:48","modified_gmt":"2016-10-27T10:27:48","slug":"wordpress-kuenftig-mit-gender-sternchen-und-unterstrichen","status":"publish","type":"post","link":"https:\/\/www.claudia-klinger.de\/digidiary\/2016\/10\/27\/wordpress-kuenftig-mit-gender-sternchen-und-unterstrichen\/","title":{"rendered":"WordPress k\u00fcnftig mit Gender-Sternchen und Unterstrichen?"},"content":{"rendered":"<p>Schon gewusst? Es gibt die ernsthafte Absicht, das deutschsprachige WordPress (=die Software der meisten Blogs und vieler kommerzieller Webseiten) k\u00fcnftig in &#8222;gendersensibler Sprache&#8220; auszuliefern. Nicht als Option, die frei w\u00e4hlbar w\u00e4re, sondern als Standardversion. <\/p>\n<p>Das von Caspar H\u00fcbinger vorgeschlagene Projekt nennt sich <a href=\"https:\/\/de.wordpress.org\/team\/2016\/10\/13\/stringintelligenz-localization-feature-proposal\/\">&#8222;Stringintelligenz \u2013 Vorschlag zur Verbesserung der deutschen Lokalisierung f\u00fcr WordPress 4.7&#8220;<\/a> und hat den Status eines &#8222;Feature Projects&#8220; innerhalb der Verfahrens- und Entscheidungsstrukturen der WordPress-Community. <!--more--><\/p>\n<p>Ein &#8222;Feature Project&#8220; f\u00fcr Lokalisierung hat es noch nie gegeben. Warum man diesen Weg w\u00e4hlt, schreibt Caspar recht deutlich:<\/p>\n<blockquote><p>&#8222;Wenden wir das Konzept \u201eFeature Project\u201c auf die Lokalisierung von WordPress an (hier: die deutschsprachige), ergibt sich eine Verschiebung in den Zust\u00e4ndigkeiten: Nicht das Core-Team von WordPress muss dem Projektvorschlag zustimmen, sondern das Polyglots-Team f\u00fcr WordPress in Deutsch.&#8220;<\/p><\/blockquote>\n<h2>Sternchen statt generisches Maskulinum?<\/h2>\n<p><img decoding=\"async\" loading=\"lazy\" src=\"https:\/\/www.claudia-klinger.de\/digidiary\/wp-content\/uploads\/2016\/10\/gendern.jpg\" alt=\"Texte gendern mit Sternchen und Unterstrichen\" width=\"110\" height=\"120\" class=\"alignright size-full wp-image-2161\" \/>Nun ist es ja im Prinzp richtig, dass eine Entscheidung zur verwendeten deutschen Sprache vom deutschsprachigen WP-Team getroffen wird. Und es wird in einem Plugin-Forum auch <a href=\"https:\/\/wordpress.org\/support\/plugin\/stringintelligenz\">umf\u00e4nglich diskutiert<\/a>, wie genau das &#8222;gendersensible Deutsch&#8220; ausgestaltet werden soll &#8211; allerdings soll es dort keine Grundsatzdiskussionen \u00fcber das &#8222;ob&#8220; geben.<\/p>\n<p> Ziel ist es, &#8222;WordPress durchzugendern&#8220;, wie Caspar in seinem <a href=\"https:\/\/presswerk.net\/pw021\/\">Podcast auf dem Presswerk<\/a> berichtet (dort laufen auch lesenswerte Kommentare ein). Insbesondere soll das generische Maskulinum weichen, da Frauen dabei zwar offiziell &#8222;mitgemeint&#8220; seien, aber dies in den K\u00f6pfen der Menschen nicht so ankomme. Mehrheitlich geht es dabei um Rollenbezeichnungen wie &#8222;Autor&#8220; oder &#8222;Benutzer&#8220;, so dass ich zun\u00e4chst dachte, das Gendern betr\u00e4fe nur das Backend, den Administrationsbereich &#8211; nichts davon w\u00e4re also von au\u00dfen zu sehen. Dazu schreibt jedoch ein Kommentierender:<\/p>\n<blockquote><p>&#8222;An einer anderen Stelle im Gespr\u00e4ch wurde gesagt, es w\u00fcrde nur das Backend betreffen. &#8222;Haupts\u00e4chlich&#8220; m\u00fcsste es hei\u00dfen. Zum Beipsiel sind 20% der Sternchen im Frontend zu finden.&#8220;<\/p><\/blockquote>\n<p>Oh je! Gegen &#8222;gendersensible Sprache&#8220; habe ich nichts, solange sie in Form allgemein akzeptierter Grammatik und Rechtschreibung stattfindet. Auch Caspar strebt das, wie er mehrfach betonte, genau SO an: Wo immer m\u00f6glich sollen Umschreibungen das generische Maskulinum ersetzen, nur im &#8222;Notfall&#8220;, wenn gar nichts anderes einf\u00e4llt (etwa bei &#8222;Autor&#8220;), w\u00fcrde man auf Sternchen, Gender-Gaps oder \u00e4hnliche Formen zur\u00fcck greifen wie  Autor*in, Autor\/in, Autor_in und AutorIn. Es handle sich h\u00f6chstens um 1% der F\u00e4lle, wo dies relevant w\u00fcrde.<\/p>\n<p>Meinen <a href=\"https:\/\/presswerk.net\/pw021\/#comment-130\">Kommentar auf Presswerk<\/a> gebe ich hier mal 1:1 wieder:<\/p>\n<blockquote><p>&#8222;Zu meinen Kunden geh\u00f6ren Bloggerinnen 70plus genauso wie kleine und mittlere Unternehmen. Die Unternehmen betreiben jeweils mehrere Blogs, sind gut in ihrem jeweiligen Business und vertreiben physische Produkte an extrem gemischte Zielgruppen, auch B2B.<\/p>\n<p>Die werden Sternchen\/Unterstriche und dergleichen nicht akzeptieren k\u00f6nnen, selbst WENN sie selbst intern nicht dagegen w\u00e4ren!<br \/>\nIch mag mir gar nicht vorstellen, was es da f\u00fcr Diskussionen geben wird \u2013 und f\u00fcrchte, dass lieber auf Joomla umgestiegen wird als sich mit Gender-Sternchen zu arrangieren! Weil man nicht riskieren will, deshalb auch nur einige Kunden zu irritieren\u2026<\/p>\n<p>Also bitte bitte: Habt ein Einsehen! Geschlechtersensible, aber deutschsprachig korrekte Formulierungen sind ok. ABER KEINE Sternchen, Unterstriche, Gaps \u2013 auch nicht bei \u201cnur 1%\u201d!!!&#8220;<\/p><\/blockquote>\n<p>Den Einwand beantworte Caspar mit dem tr\u00f6stlich gemeinten Hinweis, dass das letzlich entscheidende Polyglott-Team Einw\u00e4nde wie meinen nicht auf die leichte Schulter n\u00e4hme und dass noch nichts entschieden sei. Hm&#8230; <\/p>\n<p>Eine andere Gruppe, die unter Sternchen et al zu leiden h\u00e4tte, w\u00e4ren alle, die einen Screenreader nutzen. S\u00e4mtliche Vorleseprogramme lesen diese &#8222;St\u00f6rfaktoren&#8220; n\u00e4mlich auf sehr gew\u00f6hnungsbed\u00fcrftige Weise vor. Erstaunlich also, dass das Projekt sich mit der Intention schm\u00fcckt, eine bessere Accessibility (Zug\u00e4nglichkeit, Barrierefreiheit) zu gew\u00e4hrleisten.<\/p>\n<h2>Ideologie und WordPress<\/h2>\n<p>Grunds\u00e4tzliche Kritik am gesamten Vorhaben formuliert Vladimir Simovic auf Perun.net im Artikel <a href=\"http:\/\/www.perun.net\/2016\/10\/21\/warum-es-wichtig-ist-dass-wordpress-frei-von-ideologien-bleibt\/\">&#8222;Warum es wichtig ist, dass WordPress frei von Ideologien bleibt?&#8220;<\/a> Schlie\u00dflich ist nicht zu leugnen, dass die Frage des Genderns von Texten hoch umstritten ist. Ihm stinkt einerseits die Argumentationsweise der Bef\u00fcrworter:<\/p>\n<blockquote><p>&#8222;Es werden Argumentationsebenen gewechselt: mal will angeblich die Mehrheit diese Ma\u00dfnahme, mal geht es um den Minderheitenschutz, dann wieder um Accessibility (h\u00e4h?), mal sollen die Frauen und mal die ganze Welt gerettet werden. Mal davon abgesehen, dass f\u00fcr so etwas belastbare Belege fehlen, ist es nicht die Aufgabe von WordPress bzw. der deutschen Ausgabe, die Welt, Frauen, Kinder, Delfine und was wei\u00df ich wen zu retten.&#8220;<\/p><\/blockquote>\n<p>Andrerseits formuliert er eine Kritik, der ich mich voll und ganz anschlie\u00dfe:<\/p>\n<blockquote><p>&#8222;H\u00e4tten die Autoren des Plugins lediglich vor gehabt, eine weitere Sprachdatei anzubieten, wie es auch jetzt im Fall der f\u00f6rmlichen Anrede ist (Sie statt du) oder es bei einem Plugin belassen, dann w\u00e4re alles kein Problem gewesen. So, aber handelt es sich schlicht um eine Bevormundung, die keinen weiter bringt und gegen die ich mich hier ausdr\u00fccklich wehren m\u00f6chte.&#8220;<\/p><\/blockquote>\n<h2>Warum keine Wahlfreiheit?<\/h2>\n<p>Auf die berechtigte Frage, warum es nicht den Einzelnen \u00fcberlassen bleiben soll, (wie bisher) so ein Gender-Plugin einzubinden oder eben nicht, fand ich keine Antwort bei den Bef\u00fcrwortern. Zum Verst\u00e4ndnis f\u00fcr Nicht-Wordpress-Kundige: Ein Plugin muss man zus\u00e4tzlich installieren, doch genau das reicht dem Initiator eben nicht. Die \u00c4nderung soll in den &#8222;Core&#8220;, das Herz von WordPress, in die eigentliche Software, die dann an alle deutschsprachigen Installationen ausgeliefert wird. <\/p>\n<p>Die M\u00f6glichkeit, durch ein &#8222;Reverse-Plugin&#8220; diese \u00c4nderungen aus der jeweiligen Version wieder zu entfernen, w\u00e4re zwar gegeben. Allerdings: Wenn das Gendern mal im Core ist, dann gelten die entsprechenden \u00dcbersetzungsregeln auch f\u00fcr alle anderen zigtausend Plugins, die es f\u00fcr WordPress gibt. Praktisch jedes Blog nutzt mehrere bis viele davon &#8211; und f\u00fcr alle m\u00fcssten &#8222;Reverse-Plugins&#8220; programmiert und gepflegt werden. Ein unvorstellbar aufw\u00e4ndiges Unternehmen, in der Praxis kaum umsetzbar. Man h\u00e4tte im Ergebnis mal Sternchen und mal nicht &#8211; ein un\u00fcbersichtlicher Verhau, dessen Bereinigung viel Arbeitszeit fressen w\u00fcrde. <\/p>\n<p><strong>Mein Fazit:<\/strong> Solange die gegenderte Version freiwillig zu nutzen ist, bin ich daf\u00fcr &#8211; egal ob als Plugin oder extra Sprachversion. Ansonsten bin ich dagegen, einerseits aus sprach\u00e4sthetischen Gr\u00fcnden, aber haupts\u00e4chlich wegen der professionellen Verwendung bei Kundinnen und Kunden, die Sternchen und \u00c4hnliches definitiv nicht auf ihren Seiten sehen wollen. <\/p>\n<p>***<\/p>\n<p>Diskutiert wird das Vorhaben auch <a href=\"https:\/\/wordpress.org\/support\/topic\/extrem-einseitig\/#post-8292445\">in einem Unterpunkt<\/a> zur Plugin-Diskussion, die sich ansonsten nur auf das <a href=\"https:\/\/wordpress.org\/support\/plugin\/stringintelligenz\/\">WIE der \u00dcbersetzung<\/a> bezieht. <\/p>","protected":false},"excerpt":{"rendered":"<p>Schon gewusst? Es gibt die ernsthafte Absicht, das deutschsprachige WordPress (=die Software der meisten Blogs und vieler kommerzieller Webseiten) k\u00fcnftig in &#8222;gendersensibler Sprache&#8220; auszuliefern. Nicht als Option, die frei w\u00e4hlbar w\u00e4re, sondern als Standardversion. Das von Caspar H\u00fcbinger vorgeschlagene Projekt nennt sich &#8222;Stringintelligenz \u2013 Vorschlag zur Verbesserung der deutschen Lokalisierung f\u00fcr WordPress 4.7&#8220; und hat [&hellip;]<\/p>\n","protected":false},"author":1,"featured_media":2161,"comment_status":"open","ping_status":"open","sticky":false,"template":"","format":"standard","meta":[],"categories":[3,7,414,231],"tags":[425],"post_mailing_queue_ids":[],"_links":{"self":[{"href":"https:\/\/www.claudia-klinger.de\/digidiary\/wp-json\/wp\/v2\/posts\/2159"}],"collection":[{"href":"https:\/\/www.claudia-klinger.de\/digidiary\/wp-json\/wp\/v2\/posts"}],"about":[{"href":"https:\/\/www.claudia-klinger.de\/digidiary\/wp-json\/wp\/v2\/types\/post"}],"author":[{"embeddable":true,"href":"https:\/\/www.claudia-klinger.de\/digidiary\/wp-json\/wp\/v2\/users\/1"}],"replies":[{"embeddable":true,"href":"https:\/\/www.claudia-klinger.de\/digidiary\/wp-json\/wp\/v2\/comments?post=2159"}],"version-history":[{"count":0,"href":"https:\/\/www.claudia-klinger.de\/digidiary\/wp-json\/wp\/v2\/posts\/2159\/revisions"}],"wp:featuredmedia":[{"embeddable":true,"href":"https:\/\/www.claudia-klinger.de\/digidiary\/wp-json\/wp\/v2\/media\/2161"}],"wp:attachment":[{"href":"https:\/\/www.claudia-klinger.de\/digidiary\/wp-json\/wp\/v2\/media?parent=2159"}],"wp:term":[{"taxonomy":"category","embeddable":true,"href":"https:\/\/www.claudia-klinger.de\/digidiary\/wp-json\/wp\/v2\/categories?post=2159"},{"taxonomy":"post_tag","embeddable":true,"href":"https:\/\/www.claudia-klinger.de\/digidiary\/wp-json\/wp\/v2\/tags?post=2159"}],"curies":[{"name":"wp","href":"https:\/\/api.w.org\/{rel}","templated":true}]}}