{"id":2147,"date":"2016-10-16T12:15:22","date_gmt":"2016-10-16T10:15:22","guid":{"rendered":"http:\/\/www.claudia-klinger.de\/digidiary\/?p=2147"},"modified":"2016-10-16T12:26:11","modified_gmt":"2016-10-16T10:26:11","slug":"eltern-pflege-muetter-maenner-populismus-7-lesetipps","status":"publish","type":"post","link":"https:\/\/www.claudia-klinger.de\/digidiary\/2016\/10\/16\/eltern-pflege-muetter-maenner-populismus-7-lesetipps\/","title":{"rendered":"Eltern, Pflege, M\u00fctter, M\u00e4nner, Populismus &#8211; 7 Lesetipps"},"content":{"rendered":"<p>Los gehts:<\/p>\n<ul>\n<li><a href=\"http:\/\/www.taz.de\/!5332865\/\">Drei sind keiner zuviel<\/a> &#8211; In Deutschland k\u00f6nnen bisher h\u00f6chstens zwei Menschen rechtlich anerkannte Eltern eines Kindes sein. Warum nicht auch drei? Der deutsche Juristentag <a href=\"http:\/\/jochenkoenig.net\/2016\/10\/10\/deutscher-juristentag-fordert-sorgerecht-fuer-mehr-als-zwei-personen-zuzulassen\/\">w\u00e4re durchaus daf\u00fcr<\/a> !<\/li>\n<p><!--more--><\/p>\n<li><a href=\"https:\/\/onyxgedankensalat.wordpress.com\/2016\/10\/14\/warum-arbeiten-menschen-in-der-altenpflege\/\">Warum arbeiten Menschen in der #Altenpflege?<\/a> Onyx wettert zu Recht \u00fcber ziemlich asoziale \u00c4u\u00dferungen einer Bloggerin \u00fcber Demenz-Kranke und ihre Pflegerinnen und Pfleger. Wirklich krass, wie die Barbarei in den K\u00f6pfen voran schreitet! Und wie gut, dass es Pflegende wie Onyx gibt, die dagegen anschreiben.<\/li>\n<li>\n<a href=\"http:\/\/www.geistundgegenwart.de\/2016\/10\/stimmung-machen.html\">Fakten helfen nicht gegen Populismus, was dann?<\/a> Es hilft nur eins: Stimmung machen! &#8211; ein Beitrag auf Geist &#038; Gegenwart zur aktuellen Debattenlage.<\/li>\n<li>Die Buch-Empfehlung von Antje Schrupp <a href=\"http:\/\/www.bzw-weiterdenken.de\/2016\/09\/vergewaltigung-und-geschlecht-oder-denk-nicht-an-einen-elefanten\/\">Vergewaltigung und Geschlecht oder: Denk nicht an einen Elefanten!<\/a> hatte ich <a href=\"https:\/\/www.claudia-klinger.de\/digidiary\/2016\/10\/13\/dorothee-markert-ueber-minderheiten-antidiskriminierung-und-staerke-in-der-differenz\/\">im letzten Blogpost<\/a> besprochen. Null Kommentare und extrem wenige Leser\/innen halten mich nicht davon ab, das Thema weiterhin spannend zu finden.<\/li>\n<li><a href=\"http:\/\/www.journelle.de\/5015\/wie-ich-meiner-tochter-was-vorlas-und-dann-einen-feministischen-rant-schrieb\/\">Wie ich meiner Tochter was vorlas und dann einen feministischen Rant schrieb<\/a> &#8211; <em>&#8222;In unserer Gesellschaft ist Mutterschaft sehr eng verbunden mit der Erwartung an eine weibliche Selbstaufgabe&#8220;<\/em>, schreibt Journelle und verfestigt meinen Eindruck, dass Frauen, &#8222;weil sie Frauen sind&#8220; heute und hierzulande kaum mehr benachteiligt werden, wohl aber, &#8222;weil sie Mutter sind&#8220; bzw. &#8222;Mutter werden&#8220; k\u00f6nnten. <\/li>\n<li><a href=\"https:\/\/man-tau.com\/2016\/10\/15\/drei-gute-grunde-fur-male-tears\/\">Drei gute Gr\u00fcnde f\u00fcr Male Tears<\/a> benennt Lukas Schoppe auf Man Tau und begr\u00fcndet die einzelnen Punkte ausf\u00fchrlich. Entstanden ist der Blogpost aus einer Debatte, an der ich mich beteiligt und konkret nachgefragt hatte, was denn aus Schoppes Sicht die drei &#8222;Worst of&#8220; in Sachen M\u00e4nnerdiskriminierung seien. Es kann gut sein, dass ich zu diesen Themen demn\u00e4chst mal blogge, denn m.E. verdienen nicht nur von Frauen und M\u00fcttern angeprangerte Leiden und Nachteile Beachtung, sondern auch jene von M\u00e4nnern, Jungs und V\u00e4tern. <\/li>\n<\/ul>\n<p>Zuletzt ein Thema, das mit jeglicher inhaltlicher Befassung meinerseits mehr zu tun hat als mir lieb ist:<\/p>\n<ul>\n<li><a href=\"http:\/\/dekomilch.de\/diy-do-it-yourself\/hoehenverstellbarer-schreibtisch-fuer-ergonomisches-arbeiten\/\">Der r\u00fcckenfreundlichste All-In-One PC Tisch zum selber bauen (Industrial Style)<\/a> &#8211; wow, so ein Arrangement aus variabler Liegeposition und passender Positionierung von Monitor und Tastatur w\u00e4re wunderbar! Ich merke nicht erst seit gestern, dass das Sitzen vor dem PC bei mir keine gro\u00dfe Zukunft mehr hat. Mehrere 1000 Euro f\u00fcr <a href=\"http:\/\/altwork.com\/our-gallery\/\">die ideale L\u00f6sung<\/a> hab&#8216; ich leider nicht \u00fcbrig, also werde ich mich wohl oder \u00fcbel mit dem Selberbau befassen m\u00fcssen!<\/li>\n<\/ul>","protected":false},"excerpt":{"rendered":"<p>Los gehts: Drei sind keiner zuviel &#8211; In Deutschland k\u00f6nnen bisher h\u00f6chstens zwei Menschen rechtlich anerkannte Eltern eines Kindes sein. Warum nicht auch drei? Der deutsche Juristentag w\u00e4re durchaus daf\u00fcr !<\/p>\n","protected":false},"author":1,"featured_media":0,"comment_status":"open","ping_status":"open","sticky":false,"template":"","format":"standard","meta":[],"categories":[10,8],"tags":[],"post_mailing_queue_ids":[],"_links":{"self":[{"href":"https:\/\/www.claudia-klinger.de\/digidiary\/wp-json\/wp\/v2\/posts\/2147"}],"collection":[{"href":"https:\/\/www.claudia-klinger.de\/digidiary\/wp-json\/wp\/v2\/posts"}],"about":[{"href":"https:\/\/www.claudia-klinger.de\/digidiary\/wp-json\/wp\/v2\/types\/post"}],"author":[{"embeddable":true,"href":"https:\/\/www.claudia-klinger.de\/digidiary\/wp-json\/wp\/v2\/users\/1"}],"replies":[{"embeddable":true,"href":"https:\/\/www.claudia-klinger.de\/digidiary\/wp-json\/wp\/v2\/comments?post=2147"}],"version-history":[{"count":0,"href":"https:\/\/www.claudia-klinger.de\/digidiary\/wp-json\/wp\/v2\/posts\/2147\/revisions"}],"wp:attachment":[{"href":"https:\/\/www.claudia-klinger.de\/digidiary\/wp-json\/wp\/v2\/media?parent=2147"}],"wp:term":[{"taxonomy":"category","embeddable":true,"href":"https:\/\/www.claudia-klinger.de\/digidiary\/wp-json\/wp\/v2\/categories?post=2147"},{"taxonomy":"post_tag","embeddable":true,"href":"https:\/\/www.claudia-klinger.de\/digidiary\/wp-json\/wp\/v2\/tags?post=2147"}],"curies":[{"name":"wp","href":"https:\/\/api.w.org\/{rel}","templated":true}]}}