{"id":2069,"date":"2016-06-14T12:37:46","date_gmt":"2016-06-14T10:37:46","guid":{"rendered":"http:\/\/www.claudia-klinger.de\/digidiary\/?p=2069"},"modified":"2016-06-14T12:37:46","modified_gmt":"2016-06-14T10:37:46","slug":"konzentration-auf-das-wesentliche-aber-was-ist-das","status":"publish","type":"post","link":"https:\/\/www.claudia-klinger.de\/digidiary\/2016\/06\/14\/konzentration-auf-das-wesentliche-aber-was-ist-das\/","title":{"rendered":"Konzentration auf das Wesentliche &#8211; aber was ist das?"},"content":{"rendered":"<p>Ja, das treibt mich derzeit um, bzw. es treibt eigentlich nicht genug, deshalb schreibe ich dar\u00fcber. Gef\u00fchlt stagniere ich so vor mich hin, durchaus auf einem ganz gem\u00fctlichen Niveau, abseits von krassen existenziellen Sorgen. <!--more--><\/p>\n<p>&#8222;\u00d6fter mal was Neues&#8220; war Jahrzehnte lang meine Art, Leben und Arbeit spannend und erfreulich zu finden. Zur Not hab&#8216; ich ein neues Blog zu einem neuen Interessengebiet aufgemacht, doch das ist l\u00e4nger schon nicht mehr drin. Ich kann die <a href=\"https:\/\/www.claudia-klinger.de\/\">vielen Blogs<\/a> sowieso nicht angemessen pflegen, dazu fehlt mittlerweile die Energie, der Ehrgeiz und die Bereitschaft, unendlich lange am PC zu werkeln.  <\/p>\n<p>Im Sektor der Brotarbeit mache ich seit drei Jahren dasselbe: schreibe sinnvollen &#8222;Content&#8220; f\u00fcr zwei Langzeit-Auftraggeber, die ich sehr sch\u00e4tze. Die Arbeit l\u00e4uft gut und von zuhause aus, bequemer k\u00f6nnte ich es gar nicht haben. Daneben gibts noch gelegentliche kleine Web-Arbeiten hier und da, alles unproblematisch und stressfrei. Weil da also durchaus Freir\u00e4ume bleiben, engagierte ich mich &#8211; ebenfalls seit drei Jahren &#8211; ehrenamtlich im <a href=\"https:\/\/www.claudia-klinger.de\/digidiary\/spende-fuer-das-projekt-formulare-verstehbar-machen\/\">&#8222;Formularprojekt&#8220;<\/a>, in dem die \u00dcbersetzung deutscher Amtsformulare in Fremdsprachen von Freiwilligen organisiert wird. Dass ich solange dabei geblieben bin, liegt auch daran, dass ich es selbst angeschoben habe &#8211; dadurch f\u00fchle ich mich in besonderer Weise verantwortlich. Auch jetzt will ich nicht ganz davon weg, bin aber froh, dass jemand anders es \u00fcbernehmen wird, das &#8222;Gesicht des Projekts&#8220; zu sein. Eine erste Ver\u00e4nderung meines gef\u00fchlt &#8222;immer gleichen&#8220; Tuns, der andere folgen sollen &#8211; aber welche?<\/p>\n<h2>Wer selbst nichts \u00e4ndert, den \u00e4ndert das Leben<\/h2>\n<p>Das ist definitiv meine Erfahrung: Wenn man sich nicht aufrafft und selbst kreativ etwas tut, um Stagnation und Tr\u00e4gheit etwas entgegen zu setzen, dann dauert es nicht lange und &#8222;die Umst\u00e4nde&#8220; ver\u00e4ndern sich so, dass es gar nicht anders geht. Es braucht ja nur einer meiner Gro\u00dfauftraggeber wegbrechen und schon muss ich umtriebig werden und neue Einkommenss\u00e4ulen finden. Oder ich werde krank, habe einen Unfall, der alles \u00e4ndert &#8211; alles ist m\u00f6glich und dann meist gar nicht mehr &#8222;gem\u00fctlich&#8220;.  Dieses Ph\u00e4nomen ist m.E. das subtile Wirken des Unbewussten, das &#8211; abseits des wachen Verstands &#8211; daf\u00fcr sorgt, dass die Dinge in Bewegung geraten, wenns anders nicht funktioniert. <\/p>\n<p>Gerne w\u00fcrde ich vermeiden, dass mir Ver\u00e4nderung auf diese Weise zust\u00f6\u00dft! <\/p>\n<h2>16 Kilo zuviel<\/h2>\n<p>Das letzte &#8222;neue Projekt&#8220; in meinem Leben war das Abnehmen: zwischen Mai und Oktober 2015 wurde ich 10 Kilo weniger, motiviert durch das gro\u00dfartige Buch <a rel=\"nofollow\" href=\"http:\/\/www.amazon.de\/gp\/product\/3548376517\/ref=as_li_tl?ie=UTF8&#038;camp=1638&#038;creative=19454&#038;creativeASIN=3548376517&#038;linkCode=as2&#038;tag=digitaldiary-21\">Fettlogik \u00fcberwinden<\/a><img decoding=\"async\" loading=\"lazy\" src=\"http:\/\/ir-de.amazon-adsystem.com\/e\/ir?t=digitaldiary-21&#038;l=as2&#038;o=3&#038;a=3548376517\" width=\"1\" height=\"1\" border=\"0\" alt=\"\" style=\"border:none !important; margin:0px !important;\" \/> (Werbelink!) von Nadja Hermann. Neulich hab ich das Buch einem lieben Freund geschenkt, den es so beeindruckt hat, dass er glatt auch schon ein paar Kilo verloren hat.<\/p>\n<p>Leider hat die Begeisterung (Abnehmen funktioniert!) bei mir nicht lange angehalten. \u00dcber den Winter hab&#8216; ich den Gro\u00dfteil der Kilos wieder zugelegt und bin nun nurmehr 4 Kilo unter dem Status VOR dem Abnehmen &#8211; immerhin.  Das Gesundheitsthema reicht mir als Motiv offenbar nicht, es bleibt ein blasser Gedanke, der im Zweifel hinter der Freude am Essen zur\u00fcck steht. Ich glaube mittlerweile, dass viele, die an Di\u00e4ten scheitern, sich nicht eingestehen, dass sie eigentlich <a href=\"http:\/\/portionsdiaet.de\/diaet-reflexion\/selbst-betrug-oder-ehrlich-abnehmen11#comment-15647\">nicht abnehmen WOLLEN<\/a>. Das war jedenfalls mein Fazit angesichts der auslaufenden Motivation, an meiner Ern\u00e4hrung herum zu doktern. <\/p>\n<p>Was mich aber k\u00fcrzlich wirklich ber\u00fchrt hat, war die im Gespr\u00e4ch \u00fcber &#8222;Normalgewicht&#8220; mit eben jenem Freund aufgetauchte Erkenntnis: Ich wiege exakt soviel zuviel wie die Langhantel schwer ist, mit der ich \u00fcber den Winter &#8222;gesportelt&#8220; habe. Hier ein Foto von dem Ger\u00e4t, gleich mit einem verdienten <a rel=\"nofollow\" href=\"http:\/\/www.amazon.de\/gp\/product\/B00OHG5LFC\/ref=as_li_tl?ie=UTF8&#038;camp=1638&#038;creative=19454&#038;creativeASIN=B00OHG5LFC&#038;linkCode=as2&#038;tag=digitaldiary-21\">Werbelink<\/a><img decoding=\"async\" loading=\"lazy\" src=\"http:\/\/ir-de.amazon-adsystem.com\/e\/ir?t=digitaldiary-21&#038;l=as2&#038;o=3&#038;a=B00OHG5LFC\" width=\"1\" height=\"1\" border=\"0\" alt=\"\" style=\"border:none !important; margin:0px !important;\" \/>:<\/p>\n<p><img decoding=\"async\" loading=\"lazy\" src=\"https:\/\/www.claudia-klinger.de\/digidiary\/wp-content\/uploads\/2016\/06\/langhantel-500x187.jpg\" alt=\"langhantel\" width=\"500\" height=\"187\" class=\"aligncenter size-large wp-image-2070\" srcset=\"https:\/\/www.claudia-klinger.de\/digidiary\/wp-content\/uploads\/2016\/06\/langhantel-500x187.jpg 500w, https:\/\/www.claudia-klinger.de\/digidiary\/wp-content\/uploads\/2016\/06\/langhantel-300x112.jpg 300w, https:\/\/www.claudia-klinger.de\/digidiary\/wp-content\/uploads\/2016\/06\/langhantel.jpg 501w\" sizes=\"(max-width: 500px) 100vw, 500px\" \/><\/p>\n<p>Angefangen hab&#8216; ich mit nur einer Scheibe auf jeder Seite, im Fr\u00fchjahr hatte ich dann soviel Muskelkraft zugelegt, dass ich sie &#8222;voll ausgebaut&#8220; mit 16 Kilo dran locker stemmen konnte. Als dann die Gartensaison anfing, bin ich leider in mein Sporthasser-Tum zur\u00fcckgefallen und hab&#8216; sie nicht mehr anger\u00fchrt. Bis gestern: mal eben angehoben, es geht noch! Schlie\u00dflich trainiere ich die beteiligten Muskeln auch beim Gie\u00dfen mit 10-Liter-Kannen, wenn auch nicht so intensiv wie mit der Hantel. Drei verschiedene \u00dcbungen, jeweils 3 x 10 mal &#8211; das war so das Programm, nach dem ich immer ganz sch\u00f6n geschafft war. <\/p>\n<p>Jetzt hebe ich sie an und denke: genau dieses gar nicht kleine Gewicht trage ich also AN MIR die ganze Zeit herum!!! Wie w\u00fcrde ich mich wohl f\u00fchlen, wenn diese Last weg w\u00e4re?<\/p>\n<p>Auf einmal ist das kein blasser Gedanke an Gesundheit oder attraktive Schlankheit mehr, sondern eine Chance, die offensichtlich vorhandene Tr\u00e4gheit und Bequemlichkeit auf einer sehr grundlegenden Ebene anzugreifen. Vielleicht ist DAS im Moment DAS WESENTLICHE, um das ich mich k\u00fcmmern sollte &#8211; k\u00fcmmern will? <\/p>","protected":false},"excerpt":{"rendered":"<p>Ja, das treibt mich derzeit um, bzw. es treibt eigentlich nicht genug, deshalb schreibe ich dar\u00fcber. Gef\u00fchlt stagniere ich so vor mich hin, durchaus auf einem ganz gem\u00fctlichen Niveau, abseits von krassen existenziellen Sorgen.<\/p>\n","protected":false},"author":1,"featured_media":0,"comment_status":"open","ping_status":"open","sticky":false,"template":"","format":"standard","meta":[],"categories":[9],"tags":[],"post_mailing_queue_ids":[],"_links":{"self":[{"href":"https:\/\/www.claudia-klinger.de\/digidiary\/wp-json\/wp\/v2\/posts\/2069"}],"collection":[{"href":"https:\/\/www.claudia-klinger.de\/digidiary\/wp-json\/wp\/v2\/posts"}],"about":[{"href":"https:\/\/www.claudia-klinger.de\/digidiary\/wp-json\/wp\/v2\/types\/post"}],"author":[{"embeddable":true,"href":"https:\/\/www.claudia-klinger.de\/digidiary\/wp-json\/wp\/v2\/users\/1"}],"replies":[{"embeddable":true,"href":"https:\/\/www.claudia-klinger.de\/digidiary\/wp-json\/wp\/v2\/comments?post=2069"}],"version-history":[{"count":0,"href":"https:\/\/www.claudia-klinger.de\/digidiary\/wp-json\/wp\/v2\/posts\/2069\/revisions"}],"wp:attachment":[{"href":"https:\/\/www.claudia-klinger.de\/digidiary\/wp-json\/wp\/v2\/media?parent=2069"}],"wp:term":[{"taxonomy":"category","embeddable":true,"href":"https:\/\/www.claudia-klinger.de\/digidiary\/wp-json\/wp\/v2\/categories?post=2069"},{"taxonomy":"post_tag","embeddable":true,"href":"https:\/\/www.claudia-klinger.de\/digidiary\/wp-json\/wp\/v2\/tags?post=2069"}],"curies":[{"name":"wp","href":"https:\/\/api.w.org\/{rel}","templated":true}]}}