{"id":2054,"date":"2016-05-16T02:11:25","date_gmt":"2016-05-16T00:11:25","guid":{"rendered":"http:\/\/www.claudia-klinger.de\/digidiary\/?p=2054"},"modified":"2016-05-16T13:05:53","modified_gmt":"2016-05-16T11:05:53","slug":"einfache-loesung-aktueller-krisen-heute-erdowahn-tuerkei-deal-griechenland","status":"publish","type":"post","link":"https:\/\/www.claudia-klinger.de\/digidiary\/2016\/05\/16\/einfache-loesung-aktueller-krisen-heute-erdowahn-tuerkei-deal-griechenland\/","title":{"rendered":"Einfache L\u00f6sung aktueller Krisen. Heute: Erdowahn, T\u00fcrkei-Deal, Griechenland"},"content":{"rendered":"<p>Zum Gl\u00fcck scheint weitgehend Konsens zu sein, dass die EU sich nicht den Launen Erdogans unterwirft &#8211; egal, was das f\u00fcr Folgen f\u00fcr den &#8222;T\u00fcrkei-Deal&#8220; haben mag. <\/p>\n<p>Viele gefallen sich gerade darin, das Ganze rein parteipolitisch zu personalisieren: <strong>Merkel-D\u00e4mmerung, WIE GEIL IST DAS DENN!<\/strong><!--more--><\/p>\n<p>Es ist halt eine Berufskrankheit vieler &#8222;Qualit\u00e4tsjournalisten&#8220;, die Dinge haupts\u00e4chlich unter dem Aspekt des Kampfs von Politiker\/innen* und Parteien gegeneinander zu betrachten. Sie sind ja in dieser Filter-Bubble der (vermeintlich) M\u00e4chtigen zu gange. (Dass es auch darum gehen k\u00f6nnte, die Bev\u00f6lkerung \u00fcber die oft komplexen Inhalte zu informieren, um die es geht, tritt dem gegen\u00fcber allzu oft in den Hintergrund).<\/p>\n<p>Aber zur Sache: W\u00e4re es nicht angesagt, zwei &#8222;Krisen&#8220; miteinander zu verbinden zu einer gemeinsamen L\u00f6sung?<br \/>\nSoll doch Erdogan die Fl\u00fcchtlinge ziehen lassen&#8230; die kommen dann in Griechenland an, dem <strong>neuen europ\u00e4ischen Asylantrags-Zentrum.<\/strong> Das Geld, das f\u00fcr die T\u00fcrkei bestimmt war, bekommt Griechenland, um das &#8211; ordentlich, menschenw\u00fcrdig! &#8211; ins Werk zu setzen. Und zudem einen ordentlichen Schuldenschnitt als eigenen Benefit (plus t\u00e4tige Unterst\u00fctzung f\u00fcrs Gelingen). <\/p>\n<p>Und weil an einer solchen L\u00f6sung vermutlich recht viele Staaten mitwirken w\u00fcrden, w\u00e4ren sie alsbald viel mehr als bisher in der Pflicht, sich auf eine faire Verteilung zu einigen. Denn das Recht, einen Asylantrag zu stellen und ein individuelles Verfahren zu bekommen, ist EU-Recht und &#8222;christlich-abenl\u00e4ndischer Wert&#8220; gleichzeitig &#8211; das kann man nicht wirklich abschaffen.<\/p>\n<p><strong>Zynische Kommentare<\/strong> hab&#8216; ich \u00fcbrigens beim Schreiben immer auch selber genug im Kopf. Daf\u00fcr brauch ich nicht auch noch Verst\u00e4rkung. <\/p>\n<p>***<\/p>\n<p>(*) Das ist sprach\u00e4sthetisches <a href=\"https:\/\/www.claudia-klinger.de\/digidiary\/2014\/03\/13\/feministisches-sprachhandeln-mein-kommentar\/\">Handeln<\/a>. Zum Unterstrich oder Sternchen mitten im Wort bin ich nicht bereit. Aber &#8222;Politiker\/innen*&#8220; sieht gar nicht mal so schlecht aus&#8230; und ich hab&#8216; ja nix gegen Sternchen. Bin mir sogar meiner Pivilegien als CIS\/Hetero-Normalo (Normala? Normalx?) bewusst&#8230;  :-)<\/p>","protected":false},"excerpt":{"rendered":"<p>Zum Gl\u00fcck scheint weitgehend Konsens zu sein, dass die EU sich nicht den Launen Erdogans unterwirft &#8211; egal, was das f\u00fcr Folgen f\u00fcr den &#8222;T\u00fcrkei-Deal&#8220; haben mag. Viele gefallen sich gerade darin, das Ganze rein parteipolitisch zu personalisieren: Merkel-D\u00e4mmerung, WIE GEIL IST DAS DENN!<\/p>\n","protected":false},"author":1,"featured_media":0,"comment_status":"open","ping_status":"open","sticky":false,"template":"","format":"standard","meta":[],"categories":[8],"tags":[],"post_mailing_queue_ids":[],"_links":{"self":[{"href":"https:\/\/www.claudia-klinger.de\/digidiary\/wp-json\/wp\/v2\/posts\/2054"}],"collection":[{"href":"https:\/\/www.claudia-klinger.de\/digidiary\/wp-json\/wp\/v2\/posts"}],"about":[{"href":"https:\/\/www.claudia-klinger.de\/digidiary\/wp-json\/wp\/v2\/types\/post"}],"author":[{"embeddable":true,"href":"https:\/\/www.claudia-klinger.de\/digidiary\/wp-json\/wp\/v2\/users\/1"}],"replies":[{"embeddable":true,"href":"https:\/\/www.claudia-klinger.de\/digidiary\/wp-json\/wp\/v2\/comments?post=2054"}],"version-history":[{"count":0,"href":"https:\/\/www.claudia-klinger.de\/digidiary\/wp-json\/wp\/v2\/posts\/2054\/revisions"}],"wp:attachment":[{"href":"https:\/\/www.claudia-klinger.de\/digidiary\/wp-json\/wp\/v2\/media?parent=2054"}],"wp:term":[{"taxonomy":"category","embeddable":true,"href":"https:\/\/www.claudia-klinger.de\/digidiary\/wp-json\/wp\/v2\/categories?post=2054"},{"taxonomy":"post_tag","embeddable":true,"href":"https:\/\/www.claudia-klinger.de\/digidiary\/wp-json\/wp\/v2\/tags?post=2054"}],"curies":[{"name":"wp","href":"https:\/\/api.w.org\/{rel}","templated":true}]}}