{"id":2043,"date":"2016-05-03T10:25:53","date_gmt":"2016-05-03T08:25:53","guid":{"rendered":"http:\/\/www.claudia-klinger.de\/digidiary\/?p=2043"},"modified":"2016-05-03T10:40:47","modified_gmt":"2016-05-03T08:40:47","slug":"markenkritik-ich-will-keine-trigema-schwinge-auf-der-brust","status":"publish","type":"post","link":"https:\/\/www.claudia-klinger.de\/digidiary\/2016\/05\/03\/markenkritik-ich-will-keine-trigema-schwinge-auf-der-brust\/","title":{"rendered":"Markenkritik: Ich will keine Trigema-Schwinge auf der Brust!"},"content":{"rendered":"<p>Eigentlich bin ich Zielgruppe der TRIGEMA-Klamotten: in Deutschland hergestellt von einem Unternehmen, das soziale Verantwortung ernst nimmt und seine Produktion so wenig umweltsch\u00e4dlich wie m\u00f6glich gestaltet. Es gibt nicht nur Garne nach \u00d6kotext Standard 100, sondern sogar eine eigene <a href=\"https:\/\/www.trigema.de\/cms\/Produktionsprozess\/\">Produktlinie TRIGEMA Change\u00ae<\/a>, die nach dem Cradle-to-Cradle\u00ae-Prinzip hergestellt w\u00edrd. Das erfordert, dass alle Komponenten, die bei der Produktion zum Einsatz kommen, bedenkenlos an das \u00d6kosystem zur\u00fcckgegeben werden k\u00f6nnen. <!--more--><\/p>\n<p>Alles gut und sch\u00f6n! Dass ich dennoch keine TRIGEMA-Shirts kaufe, verdankt sich deren offensivem Gebrauch des eigenen Logos. In fast JEDER Artikelbeschreibung wird das sogar als &#8222;Feature&#8220; aufgez\u00e4hlt: <em>&#8222;Trigema-Schwinge am rechten Arm&#8220;<\/em>, <em>&#8222;Trigema-Schwinge auf der Brust&#8220;<\/em> &#8211; und sogar <em>&#8222;Schwinge veredelt mit Swarovski\u00ae Kristallen&#8220;<\/em> &#8211; wow!  <\/p>\n<p>Nur wenige Produkte gibts ohne Logo, bzw. es ist dann dort, wo es nicht sichtbar ist: innen, hinten am Kragen. Verzichtet hat man zum Beispiel beim <a href=\"https:\/\/www.trigema.de\/Damen\/Kollektion\/Sweat-Shirts\/Sweat-Shirt-Stern.html\">&#8222;Sweat-Shirt Stern Schwarz&#8220;<\/a> &#8211; vermutlich aus der Einsicht, dass die Zielgruppe &#8222;schwarzer Block&#8220;, zu der das Shirt gut passen w\u00fcrde, auf Logos eher nicht so positiv anspricht. <\/p>\n<p>Klar, diese Kritik trifft nicht nur TRIGEMA und vermutlich st\u00f6rt es heutzutage viele gar nicht mehr, mit den eigenen Klamotten zur wandelnden Werbes\u00e4ule f\u00fcr die Hersteller zu werden. Insofern ist das hier nur ein h\u00f6chst individuelles Granteln, ohne jede Relevanz f\u00fcr die Allgemeinheit.  Ich mag es einfach nicht, blo\u00df wegen des Vorhandenseins eines Logos m\u00f6glicherweise in ein Gespr\u00e4ch \u00fcber den Hersteller verstrickt zu werden. Warum ich z.B. dieses Shirt trage, obwohl das Unternehmen so &#8222;patriarchalisch&#8220; gef\u00fchrt werde&#8230; und und und&#8230;<\/p>\n<p>Nein danke, ich kauf das nicht. Schade eigentlich!<\/p>","protected":false},"excerpt":{"rendered":"<p>Eigentlich bin ich Zielgruppe der TRIGEMA-Klamotten: in Deutschland hergestellt von einem Unternehmen, das soziale Verantwortung ernst nimmt und seine Produktion so wenig umweltsch\u00e4dlich wie m\u00f6glich gestaltet. Es gibt nicht nur Garne nach \u00d6kotext Standard 100, sondern sogar eine eigene Produktlinie TRIGEMA Change\u00ae, die nach dem Cradle-to-Cradle\u00ae-Prinzip hergestellt w\u00edrd. Das erfordert, dass alle Komponenten, die bei [&hellip;]<\/p>\n","protected":false},"author":1,"featured_media":0,"comment_status":"open","ping_status":"open","sticky":false,"template":"","format":"standard","meta":[],"categories":[148],"tags":[],"post_mailing_queue_ids":[],"_links":{"self":[{"href":"https:\/\/www.claudia-klinger.de\/digidiary\/wp-json\/wp\/v2\/posts\/2043"}],"collection":[{"href":"https:\/\/www.claudia-klinger.de\/digidiary\/wp-json\/wp\/v2\/posts"}],"about":[{"href":"https:\/\/www.claudia-klinger.de\/digidiary\/wp-json\/wp\/v2\/types\/post"}],"author":[{"embeddable":true,"href":"https:\/\/www.claudia-klinger.de\/digidiary\/wp-json\/wp\/v2\/users\/1"}],"replies":[{"embeddable":true,"href":"https:\/\/www.claudia-klinger.de\/digidiary\/wp-json\/wp\/v2\/comments?post=2043"}],"version-history":[{"count":0,"href":"https:\/\/www.claudia-klinger.de\/digidiary\/wp-json\/wp\/v2\/posts\/2043\/revisions"}],"wp:attachment":[{"href":"https:\/\/www.claudia-klinger.de\/digidiary\/wp-json\/wp\/v2\/media?parent=2043"}],"wp:term":[{"taxonomy":"category","embeddable":true,"href":"https:\/\/www.claudia-klinger.de\/digidiary\/wp-json\/wp\/v2\/categories?post=2043"},{"taxonomy":"post_tag","embeddable":true,"href":"https:\/\/www.claudia-klinger.de\/digidiary\/wp-json\/wp\/v2\/tags?post=2043"}],"curies":[{"name":"wp","href":"https:\/\/api.w.org\/{rel}","templated":true}]}}