{"id":2017,"date":"2016-03-31T18:06:35","date_gmt":"2016-03-31T16:06:35","guid":{"rendered":"http:\/\/www.claudia-klinger.de\/digidiary\/?p=2017"},"modified":"2016-04-03T10:52:21","modified_gmt":"2016-04-03T08:52:21","slug":"be-deutsch-boehmermann-sagt-was-sache-ist","status":"publish","type":"post","link":"https:\/\/www.claudia-klinger.de\/digidiary\/2016\/03\/31\/be-deutsch-boehmermann-sagt-was-sache-ist\/","title":{"rendered":"BE DEUTSCH!  B\u00f6hmermann sagt, was Sache ist"},"content":{"rendered":"<p>Schon einmal hat B\u00f6hmermann tolle Sequenzen zum Thema &#8222;Deutsch&#8220; gedreht, n\u00e4mlich im <a href=\"https:\/\/www.claudia-klinger.de\/digidiary\/2015\/03\/15\/v-for-varoufakis-bester-german-humor\/\">Varoufakis-Video<\/a> von Anfang 2015. Jetzt hat er nachgelegt, doch ist die Botschaft diesmal drastisch anders. <\/p>\n<p><iframe loading=\"lazy\" width=\"600\" height=\"338\" src=\"https:\/\/www.youtube.com\/embed\/HMQkV5cTuoY\" frameborder=\"0\" allowfullscreen><\/iframe><\/p>\n<p>Mir gef\u00e4llt&#8217;s! Ich bin lange schon der Meinung, dass man &#8222;deutsch&#8220; nicht den Rechtsradikalen und Nationalisten \u00fcberlassen soll. Zudem werden hier ALLE auf die Schippe genommen, seltsam, dass man das offenbar \u00fcbersehen kann.<\/p>\n<p><strong>Update 1.4.:<\/strong><\/p>\n<p>Schon erstaunlich, was f\u00fcr Reaktionen das Video hervor ruft! Auf Youtube geht die Hetze ab, formuliert als Abgesang auf Europa &#038; Deutschland, das sich an Horden von Fl\u00fcchtlingen \/ Muslimen restlos verliere &#8211; und auf VICE nehmen sie das Video richtig ERNST und meinen, <a href=\"http:\/\/www.vice.com\/de\/read\/sorry-aber-bhmermanns-be-deutsch-ist-unfassbar-peinlich-346\">BE DEUTSCH sei &#8222;keine L\u00f6sung&#8220;<\/a>. Weil es schlie\u00dflich nicht ALLE Deutschen repr\u00e4sentiere und der Song auf einen &#8222;S\u00fcndenstolz&#8220; und &#8222;Kuschelnationalismus&#8220; hinaus laufe&#8230; hach je, wie TYPISCH DEUTSCH!<\/p>","protected":false},"excerpt":{"rendered":"<p>Schon einmal hat B\u00f6hmermann tolle Sequenzen zum Thema &#8222;Deutsch&#8220; gedreht, n\u00e4mlich im Varoufakis-Video von Anfang 2015. Jetzt hat er nachgelegt, doch ist die Botschaft diesmal drastisch anders. Mir gef\u00e4llt&#8217;s! Ich bin lange schon der Meinung, dass man &#8222;deutsch&#8220; nicht den Rechtsradikalen und Nationalisten \u00fcberlassen soll. Zudem werden hier ALLE auf die Schippe genommen, seltsam, dass [&hellip;]<\/p>\n","protected":false},"author":1,"featured_media":0,"comment_status":"open","ping_status":"open","sticky":false,"template":"","format":"standard","meta":[],"categories":[10],"tags":[],"post_mailing_queue_ids":[],"_links":{"self":[{"href":"https:\/\/www.claudia-klinger.de\/digidiary\/wp-json\/wp\/v2\/posts\/2017"}],"collection":[{"href":"https:\/\/www.claudia-klinger.de\/digidiary\/wp-json\/wp\/v2\/posts"}],"about":[{"href":"https:\/\/www.claudia-klinger.de\/digidiary\/wp-json\/wp\/v2\/types\/post"}],"author":[{"embeddable":true,"href":"https:\/\/www.claudia-klinger.de\/digidiary\/wp-json\/wp\/v2\/users\/1"}],"replies":[{"embeddable":true,"href":"https:\/\/www.claudia-klinger.de\/digidiary\/wp-json\/wp\/v2\/comments?post=2017"}],"version-history":[{"count":0,"href":"https:\/\/www.claudia-klinger.de\/digidiary\/wp-json\/wp\/v2\/posts\/2017\/revisions"}],"wp:attachment":[{"href":"https:\/\/www.claudia-klinger.de\/digidiary\/wp-json\/wp\/v2\/media?parent=2017"}],"wp:term":[{"taxonomy":"category","embeddable":true,"href":"https:\/\/www.claudia-klinger.de\/digidiary\/wp-json\/wp\/v2\/categories?post=2017"},{"taxonomy":"post_tag","embeddable":true,"href":"https:\/\/www.claudia-klinger.de\/digidiary\/wp-json\/wp\/v2\/tags?post=2017"}],"curies":[{"name":"wp","href":"https:\/\/api.w.org\/{rel}","templated":true}]}}