{"id":1865,"date":"2015-12-19T12:40:30","date_gmt":"2015-12-19T11:40:30","guid":{"rendered":"http:\/\/www.claudia-klinger.de\/digidiary\/?p=1865"},"modified":"2015-12-20T23:26:10","modified_gmt":"2015-12-20T22:26:10","slug":"resonanz-und-inspiration-blogs-statt-news-2","status":"publish","type":"post","link":"https:\/\/www.claudia-klinger.de\/digidiary\/2015\/12\/19\/resonanz-und-inspiration-blogs-statt-news-2\/","title":{"rendered":"Resonanz und Inspiration &#8211; Blogs statt News 2"},"content":{"rendered":"<p>Zwei Monate hatte Menachem geschwiegen, bevor er sich mit dem Beitrag <a href=\"https:\/\/gemeinsamleben.wordpress.com\/2015\/12\/15\/stilistisch-geschliffen-fein\/\">&#8222;Stilistisch geschliffen fein&#8220;<\/a> wieder zu Wort meldete. Prompt ergab sich darunter ein gut besuchtes Kommentargespr\u00e4ch, <!--more-->in dessen Verlauf <a href=\"https:\/\/gemeinsamleben.wordpress.com\/2015\/12\/15\/stilistisch-geschliffen-fein\/#comment-1488\">ich erfuhr<\/a>, dass nicht zuletzt mein <a href=\"https:\/\/www.claudia-klinger.de\/digidiary\/2015\/12\/12\/wieviel-persoenliches-und-privates-kommt-ins-blog\/\">Posting zum pers\u00f6nlichen Bloggen<\/a> den neuen Text initiiert hatte. Also genau jener Beitrag zu <a href=\"http:\/\/unruhewerk.de\/blogparade1\/\">Maria Al-Manas Blogparade<\/a>, in dem ich das Thema sehr ausf\u00fchrlich abhandelte, aber genau NULL Kommentare bekam &#8211; mal abgesehen von der wundersch\u00f6nen Wertsch\u00e4tzung durch die Veranstalterin. <\/p>\n<p>Blogtexte sind also nicht zwangsl\u00e4ufig wirkungslos, wenn sich niemand inspiriert f\u00fchlt, direkt zu kommentieren. Das wei\u00df ich nat\u00fcrlich nicht erst seit jetzt, aber ich bin nicht gefeit gegen die Entt\u00e4uschung, die schon mal einsetzt, wenn ich an einem Beitrag lange gearbeitet habe und dann keine merkbaren Resonanzen kommen.<\/p>\n<p>Marias Einsteiger-Energie in Sachen Bloggen hat mich &#8211; neben dem Leiden an der vielerorts wachsenden Hasskommentar-Unkultur &#8211; immerhin inspiriert, mich grunds\u00e4tzlich mehr den Blogs zuzuwenden. Sowohl mit Kommentaren als auch mit Resonanztexten wie den gestrigen \u00fcber <a href=\"https:\/\/www.claudia-klinger.de\/digidiary\/2015\/12\/18\/facebook-die-waermestube\/\">Facebook als W\u00e4rmestube<\/a>, der neue Besucher und alte Bekannte zum Erz\u00e4hlen der eigenen FB-Geschichte inspirierte (danke!!!). Ich werde also so weiter machen, doch will ich mich auch mal k\u00fcrzer fassen k\u00f6nnen! Meist schreibe ich mit diesem Vorsatz drauf los, doch ufert es dann regelm\u00e4\u00dfig doch in einen l\u00e4ngeren Text aus.<\/p>\n<p>Heute also in K\u00fcrze nur das, was mich angesprochen hat: <\/p>\n<ul>\n<li><a href=\"https:\/\/incht2.wordpress.com\/2015\/12\/13\/die-werden-mich-nicht-beschuetzen\/\">Die werden mich nicht besch\u00fctzen<\/a> &#8211; ein detaillierter Demo-Bericht aus Leipzig, der zeigt, was dahinter stehen kann wenn es in der Presse hei\u00dft &#8222;1000 gewaltbereite Demonstranten griffen Polizei an&#8220;. <strong>Inchs Blog Nr.2<\/strong> hab ich \u00fcber einen <a href=\"https:\/\/gemeinsamleben.wordpress.com\/2015\/12\/15\/stilistisch-geschliffen-fein\/#comment-1497\">Kommentar zum pers\u00f6nlichen Bloggen<\/a> bei Menachem gefunden.<\/li>\n<li><a href=\"http:\/\/jochenkoenig.net\/2015\/12\/18\/ich-hatte-zehn-jahre-lang-eine-schlecht-gelaunte-mutter-sein-konnen-und-es-hatte-niemanden-gestort\/\">\u201eIch h\u00e4tte zehn Jahre lang eine schlecht gelaunte Mutter sein k\u00f6nnen und es h\u00e4tte niemanden gest\u00f6rt\u201c<\/a> &#8211; Jochen K\u00f6nig \u00fcber die unterschiedlichen Erwartungen, die M\u00fcttern und V\u00e4tern oft das Leben schwer machen.<\/li>\n<li><a href=\"https:\/\/gleichheitunddifferenz.wordpress.com\/2015\/12\/17\/die-situation-fuer-frauen-in-saudi-arabien\/\">Die Situation f\u00fcr Frauen in Saudi-Arabien<\/a> &#8211; Margret zeigt auf &#8222;Gleichheit und Differenz&#8220; auf, wie absurd die Relativierungen sind, die in &#8222;Masku-Blogs&#8220; bez\u00fcglich gesellschaftlicher Machtverh\u00e4ltnisse angestellt werden, die Frauen zu M\u00fcndeln von M\u00e4nnern machen und auf vielf\u00e4ltige Weise beschr\u00e4nken und unterdr\u00fccken. Ich sympathisiere durchaus mit einigen Forderungen der M\u00e4nnerbewegung, insbesondere im Familienrecht, nicht aber mit krassem Antifeminismus, der die Schlechterstellung von Frauen dort, wo sie offenkundig und gesetzlich zementiert ist, leugnet und relativiert.<\/li>\n<\/ul>\n<p>Zu guter Letzt <strong>ein bisschen Katzencontent<\/strong>, den ich <a href=\"http:\/\/hinterwaldwelt.blogspot.de\/2015\/12\/o-tannen-baum.html\"> von Hardy geklaut<\/a> und ein wenig bearbeitet habe. Er wird mir gewiss nicht die Urheberrechtspolizei auf den Hals hetzen und das Motiv ist einfach zu sch\u00f6n, um es im Dunklen versumpfen zu lassen:<\/p>\n<p><img decoding=\"async\" loading=\"lazy\" src=\"https:\/\/www.claudia-klinger.de\/digidiary\/wp-content\/uploads\/2015\/12\/katze.jpg\" alt=\"katze\" width=\"500\" height=\"623\" class=\"aligncenter size-full wp-image-1866\" srcset=\"https:\/\/www.claudia-klinger.de\/digidiary\/wp-content\/uploads\/2015\/12\/katze.jpg 500w, https:\/\/www.claudia-klinger.de\/digidiary\/wp-content\/uploads\/2015\/12\/katze-300x374.jpg 300w\" sizes=\"(max-width: 500px) 100vw, 500px\" \/><\/p>\n<p>Einen sch\u00f6nen 4.Advent w\u00fcnsch ich allen, die das feiern &#8211; und allen anderen ein sch\u00f6nes Wochenende!<\/p>","protected":false},"excerpt":{"rendered":"<p>Zwei Monate hatte Menachem geschwiegen, bevor er sich mit dem Beitrag &#8222;Stilistisch geschliffen fein&#8220; wieder zu Wort meldete. Prompt ergab sich darunter ein gut besuchtes Kommentargespr\u00e4ch,<\/p>\n","protected":false},"author":1,"featured_media":0,"comment_status":"open","ping_status":"open","sticky":false,"template":"","format":"standard","meta":[],"categories":[7,414],"tags":[],"post_mailing_queue_ids":[],"_links":{"self":[{"href":"https:\/\/www.claudia-klinger.de\/digidiary\/wp-json\/wp\/v2\/posts\/1865"}],"collection":[{"href":"https:\/\/www.claudia-klinger.de\/digidiary\/wp-json\/wp\/v2\/posts"}],"about":[{"href":"https:\/\/www.claudia-klinger.de\/digidiary\/wp-json\/wp\/v2\/types\/post"}],"author":[{"embeddable":true,"href":"https:\/\/www.claudia-klinger.de\/digidiary\/wp-json\/wp\/v2\/users\/1"}],"replies":[{"embeddable":true,"href":"https:\/\/www.claudia-klinger.de\/digidiary\/wp-json\/wp\/v2\/comments?post=1865"}],"version-history":[{"count":0,"href":"https:\/\/www.claudia-klinger.de\/digidiary\/wp-json\/wp\/v2\/posts\/1865\/revisions"}],"wp:attachment":[{"href":"https:\/\/www.claudia-klinger.de\/digidiary\/wp-json\/wp\/v2\/media?parent=1865"}],"wp:term":[{"taxonomy":"category","embeddable":true,"href":"https:\/\/www.claudia-klinger.de\/digidiary\/wp-json\/wp\/v2\/categories?post=1865"},{"taxonomy":"post_tag","embeddable":true,"href":"https:\/\/www.claudia-klinger.de\/digidiary\/wp-json\/wp\/v2\/tags?post=1865"}],"curies":[{"name":"wp","href":"https:\/\/api.w.org\/{rel}","templated":true}]}}