{"id":1769,"date":"2015-08-12T09:55:49","date_gmt":"2015-08-12T07:55:49","guid":{"rendered":"http:\/\/www.claudia-klinger.de\/digidiary\/?p=1769"},"modified":"2015-08-17T11:30:55","modified_gmt":"2015-08-17T09:30:55","slug":"das-neue-diary-design-derzeit-im-laufenden-ausbau","status":"publish","type":"post","link":"https:\/\/www.claudia-klinger.de\/digidiary\/2015\/08\/12\/das-neue-diary-design-derzeit-im-laufenden-ausbau\/","title":{"rendered":"Das neue Diary-Design &#8211; derzeit im laufenden Ausbau&#8230;."},"content":{"rendered":"<p>Stammleser haben vielleicht mitbekommen, wie oft ich schon vorhatte, das Diary-Design den aktuellen Standards anzupassen &#8211; insbesondere sollte es nun endlich &#8222;responsive&#8220; werden, sich also allen Bildschirmgr\u00f6\u00dfen anpassen.  <!--more--> Lange bin ich nicht dazu gekommen, hatte mich zwischenzeitlich sogar mit dem Plan getragen, einfach ein vorhandenes Theme ein bisschen anzupassen und fertig!<br \/>\nDas hab&#8216; ich dann aber doch nicht \u00fcbers Herz gebracht. Wer wie ich so lange im selben Blog schreibt, h\u00e4ngt an jedem Detail! Es musste einfach eine modernere Version des &#8222;Klinger-Designs&#8220; werden &#8211; und nicht irgendwas&#8230;. <\/p>\n<p>Dank <a href=\"http:\/\/strictly-html.de\/\">Arnd<\/a>, der schon \u00f6fter in meinen Webprojekten mitgearbeitet hat, ist es nun doch gelungen. Geduldig setzt er meine oft ziemlich detaillierten Vorstellungen in aktuelles HTML5 und CSS um, geanz gem\u00fctlich arbeiteten wir seit ca. zwei Monaten immer mal wieder am neuen Digital Diary. Es ist auch jetzt noch nicht fertig, doch immerhin ist alles Wesentliche schon vorhanden.<\/p>\n<p>Der Kommentarbereich ist noch sehr unvollst\u00e4ndig, doch liegt mir der besonders am Herzen. Da hier oft gute Gespr\u00e4che mit l\u00e4ngeren Texten stattfinden, soll dieser Bereich das auch unterst\u00fctzen: keine engen Eingabefelder, keine kleinere Schrift, sondern eine dem Artikel weitgehend gleichwertige Optik. Die \u00f6fter gew\u00fcnschten Editierfunktionen werden ebenfalls noch kommen!<\/p>\n<h2>Altes Design: Rest in peace!<\/h2>\n<p>Und so hat es ausgesehen: gute 10 Jahre von M\u00e4rz 2006 bis heute:<\/p>\n<p><a href=\"https:\/\/www.claudia-klinger.de\/digidiary\/wp-content\/uploads\/2015\/08\/Design2006bis2016.jpg\"><img decoding=\"async\" loading=\"lazy\" class=\"aligncenter size-large wp-image-1776\" src=\"https:\/\/www.claudia-klinger.de\/digidiary\/wp-content\/uploads\/2015\/08\/Design2006bis2016-600x429.jpg\" alt=\"Screenshot altes Layout\" width=\"600\" height=\"429\" srcset=\"https:\/\/www.claudia-klinger.de\/digidiary\/wp-content\/uploads\/2015\/08\/Design2006bis2016-600x429.jpg 600w, https:\/\/www.claudia-klinger.de\/digidiary\/wp-content\/uploads\/2015\/08\/Design2006bis2016-300x214.jpg 300w, https:\/\/www.claudia-klinger.de\/digidiary\/wp-content\/uploads\/2015\/08\/Design2006bis2016.jpg 1265w\" sizes=\"(max-width: 600px) 100vw, 600px\" \/><\/a><\/p>\n<p>R.I.P.!<\/p>","protected":false},"excerpt":{"rendered":"<p>Stammleser haben vielleicht mitbekommen, wie oft ich schon vorhatte, das Diary-Design den aktuellen Standards anzupassen &#8211; insbesondere sollte es nun endlich &#8222;responsive&#8220; werden, sich also allen Bildschirmgr\u00f6\u00dfen anpassen.<\/p>\n","protected":false},"author":1,"featured_media":0,"comment_status":"open","ping_status":"closed","sticky":false,"template":"","format":"standard","meta":[],"categories":[7],"tags":[],"post_mailing_queue_ids":[],"_links":{"self":[{"href":"https:\/\/www.claudia-klinger.de\/digidiary\/wp-json\/wp\/v2\/posts\/1769"}],"collection":[{"href":"https:\/\/www.claudia-klinger.de\/digidiary\/wp-json\/wp\/v2\/posts"}],"about":[{"href":"https:\/\/www.claudia-klinger.de\/digidiary\/wp-json\/wp\/v2\/types\/post"}],"author":[{"embeddable":true,"href":"https:\/\/www.claudia-klinger.de\/digidiary\/wp-json\/wp\/v2\/users\/1"}],"replies":[{"embeddable":true,"href":"https:\/\/www.claudia-klinger.de\/digidiary\/wp-json\/wp\/v2\/comments?post=1769"}],"version-history":[{"count":0,"href":"https:\/\/www.claudia-klinger.de\/digidiary\/wp-json\/wp\/v2\/posts\/1769\/revisions"}],"wp:attachment":[{"href":"https:\/\/www.claudia-klinger.de\/digidiary\/wp-json\/wp\/v2\/media?parent=1769"}],"wp:term":[{"taxonomy":"category","embeddable":true,"href":"https:\/\/www.claudia-klinger.de\/digidiary\/wp-json\/wp\/v2\/categories?post=1769"},{"taxonomy":"post_tag","embeddable":true,"href":"https:\/\/www.claudia-klinger.de\/digidiary\/wp-json\/wp\/v2\/tags?post=1769"}],"curies":[{"name":"wp","href":"https:\/\/api.w.org\/{rel}","templated":true}]}}