{"id":1738,"date":"2015-06-23T20:22:28","date_gmt":"2015-06-23T18:22:28","guid":{"rendered":"http:\/\/www.claudia-klinger.de\/digidiary\/?p=1738"},"modified":"2017-12-11T03:11:38","modified_gmt":"2017-12-11T02:11:38","slug":"gewalt-und-geschlecht","status":"publish","type":"post","link":"https:\/\/www.claudia-klinger.de\/digidiary\/2015\/06\/23\/gewalt-und-geschlecht\/","title":{"rendered":"Gewalt und Geschlecht"},"content":{"rendered":"<p><em>Vorausgeschickt: Ja, unter Feministinnen gibt es M\u00e4nner Hassende \u2013 genauso wie es unter M\u00e4nnerrechtlern Frauen Hassende gibt. Verletzte Seelen, auf beiden Seiten.<\/em><\/p>\n<p><strong>Was aber die Gewalt angeht<\/strong>, so ist es halt doch so, dass eher junge Frauen sich f\u00fcrchten, wenn ihnen junge, angetrunkene M\u00e4nner entgegen kommen, einzeln oder zu mehreren\u2026 wogegen M\u00e4nner sich nicht mal vorstellen k\u00f6nnen, wie es ist, mit so einer Belastung im Blick aufs andere Geschlecht zu leben. <!--more--><\/p>\n<p>Mit einem langj\u00e4hrigen Beziehungspartner hatte ich das Erlebnis, dass ihm auf einmal der Groschen gefallen ist. Wir sprachen \u00fcbers Reisen\u2026 und ich nat\u00fcrlich dar\u00fcber, dass ich nicht so ohne weiteres alleine hier und dahin reise, jedenfalls nicht so, wie es M\u00e4nner in meiner Umgebung machten. Er merkte pl\u00f6tzlich auf, sah mich hochgradig erstaunt-entsetzt an und sagte: \u201cMein Gott! Ihr seid ja quasi immer im Krieg!\u201d<\/p>\n<p>Ein (hierzulande!) prozentual geringer Anteil M\u00e4nner, die k\u00f6rperlich \u00fcbergriffig anbaggern, gar vergewaltigen oder auch nicht-sexuelle Gewalt gegen Frauen aus\u00fcben reicht v\u00f6llig aus, um \u201calle Frauen\u201d zumindest in eine Hab-Acht!-Haltung gegen\u00fcber M\u00e4nnern zu bringen.<\/p>\n<p>Und ja, auch Frauen \u00fcben gelegentlich Gewalt aus, allerdings f\u00fchrt weder deren Form noch die Fallzahl dazu , dass sich \u201calle M\u00e4nner\u201d (bzw. solche, die in der jeweiligen Situation als \u201cObjkekt der Begierde\u201d in Betracht kommen) f\u00fcrchten m\u00fcssten.<\/p>\n<p>Es gibt also schon einen Unterschied, der auch Gegenstand der Diskussion sein darf \u2013 sogar muss, will man ihn aufkl\u00e4ren und \/ oder ver\u00e4ndern.<\/p>\n<p>***<\/p>\n<p><a href=\"http:\/\/antjeschrupp.com\/2015\/06\/22\/mord-und-totschlag-kleine-kommentar-revue\/#comment-239973\">Aus dem Kontext gerissen<\/a> und f\u00fcr sich alleine hier ver\u00f6ffentlicht.<\/p>","protected":false},"excerpt":{"rendered":"<p>Vorausgeschickt: Ja, unter Feministinnen gibt es M\u00e4nner Hassende \u2013 genauso wie es unter M\u00e4nnerrechtlern Frauen Hassende gibt. Verletzte Seelen, auf beiden Seiten. Was aber die Gewalt angeht, so ist es halt doch so, dass eher junge Frauen sich f\u00fcrchten, wenn ihnen junge, angetrunkene M\u00e4nner entgegen kommen, einzeln oder zu mehreren\u2026 wogegen M\u00e4nner sich nicht mal [&hellip;]<\/p>\n","protected":false},"author":1,"featured_media":0,"comment_status":"open","ping_status":"closed","sticky":false,"template":"","format":"standard","meta":[],"categories":[3],"tags":[],"post_mailing_queue_ids":[],"_links":{"self":[{"href":"https:\/\/www.claudia-klinger.de\/digidiary\/wp-json\/wp\/v2\/posts\/1738"}],"collection":[{"href":"https:\/\/www.claudia-klinger.de\/digidiary\/wp-json\/wp\/v2\/posts"}],"about":[{"href":"https:\/\/www.claudia-klinger.de\/digidiary\/wp-json\/wp\/v2\/types\/post"}],"author":[{"embeddable":true,"href":"https:\/\/www.claudia-klinger.de\/digidiary\/wp-json\/wp\/v2\/users\/1"}],"replies":[{"embeddable":true,"href":"https:\/\/www.claudia-klinger.de\/digidiary\/wp-json\/wp\/v2\/comments?post=1738"}],"version-history":[{"count":0,"href":"https:\/\/www.claudia-klinger.de\/digidiary\/wp-json\/wp\/v2\/posts\/1738\/revisions"}],"wp:attachment":[{"href":"https:\/\/www.claudia-klinger.de\/digidiary\/wp-json\/wp\/v2\/media?parent=1738"}],"wp:term":[{"taxonomy":"category","embeddable":true,"href":"https:\/\/www.claudia-klinger.de\/digidiary\/wp-json\/wp\/v2\/categories?post=1738"},{"taxonomy":"post_tag","embeddable":true,"href":"https:\/\/www.claudia-klinger.de\/digidiary\/wp-json\/wp\/v2\/tags?post=1738"}],"curies":[{"name":"wp","href":"https:\/\/api.w.org\/{rel}","templated":true}]}}