{"id":1554,"date":"2014-09-28T12:37:16","date_gmt":"2014-09-28T10:37:16","guid":{"rendered":"http:\/\/www.claudia-klinger.de\/digidiary\/?p=1554"},"modified":"2014-09-29T09:33:49","modified_gmt":"2014-09-29T07:33:49","slug":"linktipps-am-sonntag","status":"publish","type":"post","link":"https:\/\/www.claudia-klinger.de\/digidiary\/2014\/09\/28\/linktipps-am-sonntag\/","title":{"rendered":"Linktipps am Sonntag"},"content":{"rendered":"<p>Einen <a href=\"http:\/\/www.junaimnetz.de\/zwischenrant-internet\">Zwischenrant Internet<\/a> hat Juna verfasst: <em>&#8222;Keine Initiative, kein Engagement f\u00fcr einen guten Zweck, keine neue Idee und keine Diskussion in diesem unserem Internet ohne die Korinthenkackerei selbsternannter Experten.&#8220;<\/em> Recht hat sie, ich lese sowas mittlerweile kaum noch. <\/p>\n<p>Nach <a href=\"http:\/\/geschlechterallerlei.wordpress.com\/2014\/09\/25\/gesten-und-benimmregeln\">Gesten und Benimmregeln<\/a> fragt Anne K\u00fchn auf Geschlechterallerlei &#8211; und ob sie heute noch zeitgem\u00e4\u00df seien. Das Kommentargespr\u00e4ch macht deutlich, was f\u00fcr ein Gew\u00fcrge rund um solche nicht mehr selbstverst\u00e4ndlichen zwischengeschlechtlichen Verhaltensweisen heutzutage stattfindet (<a href=\"http:\/\/geschlechterallerlei.wordpress.com\/2014\/09\/25\/gesten-und-benimmregeln\/comment-page-1\/#comment-4384\">mein Kommentar<\/a> ist jetzt frei geschaltet). <\/p>\n<p><a href=\"http:\/\/www.faz.net\/aktuell\/wissen\/natur\/tierethik-schreien-fische-stumm-13152023.html\">Schreien Fische stumm?<\/a> fragt J\u00f6rg Albrecht bei der FAZ und geht der Frage nach, ab wann man bei Tieren von Schmerzempfinden sprechen kann. No brain, no pain?<\/p>\n<p>Die RBB-Doku <a href=\"https:\/\/www.youtube.com\/watch?v=dLRRNKU6maI\">Fleisch vom Flie\u00dfband &#8211; Massentierhaltung und ihre Folgen<\/a> bringt binnen einer knappen halben Stunde (fast) s\u00e4mtliche Aspekte der Kritik an der immer noch zunehmenden Massentierhaltung auf den Punkt. Dabei wird nicht die Moralkeule geschwungen, sondern kurz und knackig informiert, was f\u00fcr krasse Sch\u00e4den und Gefahren die fabrikartige Fleischerzeugung f\u00fcr Mensch und Umwelt ganz konkret mit sich bringt. <\/p>\n<p><a href=\"http:\/\/www.wolfgangmichal.de\/2014\/09\/panik-im-mittelstand-oder-wohin-driftet-der-journalismus\/\">Panik im Mittelstand oder: Wohin driftet der Journalismus?<\/a> &#8211; Wolfgang Michal, der bei CARTA ausgestiegen ist, analysiert die Lage und wirft einen Blick in die Zukunft. <\/p>\n<p>***<\/p>","protected":false},"excerpt":{"rendered":"<p>Einen Zwischenrant Internet hat Juna verfasst: &#8222;Keine Initiative, kein Engagement f\u00fcr einen guten Zweck, keine neue Idee und keine Diskussion in diesem unserem Internet ohne die Korinthenkackerei selbsternannter Experten.&#8220; Recht hat sie, ich lese sowas mittlerweile kaum noch. Nach Gesten und Benimmregeln fragt Anne K\u00fchn auf Geschlechterallerlei &#8211; und ob sie heute noch zeitgem\u00e4\u00df seien. [&hellip;]<\/p>\n","protected":false},"author":1,"featured_media":0,"comment_status":"open","ping_status":"closed","sticky":false,"template":"","format":"standard","meta":[],"categories":[10],"tags":[],"post_mailing_queue_ids":[],"_links":{"self":[{"href":"https:\/\/www.claudia-klinger.de\/digidiary\/wp-json\/wp\/v2\/posts\/1554"}],"collection":[{"href":"https:\/\/www.claudia-klinger.de\/digidiary\/wp-json\/wp\/v2\/posts"}],"about":[{"href":"https:\/\/www.claudia-klinger.de\/digidiary\/wp-json\/wp\/v2\/types\/post"}],"author":[{"embeddable":true,"href":"https:\/\/www.claudia-klinger.de\/digidiary\/wp-json\/wp\/v2\/users\/1"}],"replies":[{"embeddable":true,"href":"https:\/\/www.claudia-klinger.de\/digidiary\/wp-json\/wp\/v2\/comments?post=1554"}],"version-history":[{"count":0,"href":"https:\/\/www.claudia-klinger.de\/digidiary\/wp-json\/wp\/v2\/posts\/1554\/revisions"}],"wp:attachment":[{"href":"https:\/\/www.claudia-klinger.de\/digidiary\/wp-json\/wp\/v2\/media?parent=1554"}],"wp:term":[{"taxonomy":"category","embeddable":true,"href":"https:\/\/www.claudia-klinger.de\/digidiary\/wp-json\/wp\/v2\/categories?post=1554"},{"taxonomy":"post_tag","embeddable":true,"href":"https:\/\/www.claudia-klinger.de\/digidiary\/wp-json\/wp\/v2\/tags?post=1554"}],"curies":[{"name":"wp","href":"https:\/\/api.w.org\/{rel}","templated":true}]}}