{"id":1493,"date":"2014-06-27T11:07:45","date_gmt":"2014-06-27T09:07:45","guid":{"rendered":"http:\/\/www.claudia-klinger.de\/digidiary\/?p=1493"},"modified":"2014-06-27T11:42:35","modified_gmt":"2014-06-27T09:42:35","slug":"showdown-in-halle-zerstrittene-piraten-stolpern-von-gate-zu-gate","status":"publish","type":"post","link":"https:\/\/www.claudia-klinger.de\/digidiary\/2014\/06\/27\/showdown-in-halle-zerstrittene-piraten-stolpern-von-gate-zu-gate\/","title":{"rendered":"Showdown in Halle? Zerstrittene Piraten stolpern von Gate zu Gate"},"content":{"rendered":"<p>Diese Partei hab ich in Berlin mal gew\u00e4hlt. Frischen Wind wollten sie in die Parteienlandschaft bringen, doch lange schon sind nurmehr St\u00fcrme der Entr\u00fcstung zu beobachten. R\u00fccktritte, Austritte und &#8211; man glaubt es kaum! &#8211; juristische Auseinandersetzungen, Abmahnungen, Gegendarstellungen, Anzeigen&#8230; <\/p>\n<p><img decoding=\"async\" loading=\"lazy\" src=\"https:\/\/www.claudia-klinger.de\/digidiary\/wp-content\/uploads\/2014\/06\/piratenplakat.jpg\" alt=\"Piratenplakat\" width=\"210\" height=\"149\" class=\"alignright rechts size-full wp-image-1494\" \/>Da Teile des Parteivorstands hingeschmissen hatten, findet an diesem Wochenende ein &#8222;au\u00dferordentlicher Parteitag&#8220; (#aBPT) statt. Die Neuwahl s\u00e4mtlicher F\u00fchrungspositionen (die bei den Piraten ja nicht f\u00fchren sollen) steht an. Die zerstrittenen &#8222;Fl\u00fcgel&#8220; erhoffen sich vom aBPT die Entscheidung, wem die Partei geh\u00f6ren soll: den &#8222;Sozialliberalen&#8220; oder den &#8222;Progressiven&#8220;, wahlweise auch Konservative bzw. Linksradikale genannt. Das Problem dabei: Ein &#8222;au\u00dferordentlicher&#8220; Parteitag darf nur das eine Thema, n\u00e4mlich die Neuwahlen behandeln. Wird die Tagesordnung ausgeweitet auf all die &#8222;sonstigen Themen&#8220;, die den Piraten unter den N\u00e4geln brennen, k\u00f6nnten jegliche Beschl\u00fcsse und sogar die Wahlen ung\u00fcltig werden.<br \/>\n<!--more--><\/p>\n<p>So ist das Feld also optimal bereitet, um s\u00e4mtliche Auseinandersetzungen entlang an zur Wahl stehenden Personen auszutragen. Viel Spass dabei, ich wundere mich, dass sich \u00fcberhaupt noch Menschen finden, die da kandidieren! (<a href=\"http:\/\/cockpornpiraten.wordpress.com\/2014\/06\/25\/es-gibt-situationen-in-denen-nur-noch-gewalt-hilft-cockpornpiraten-im-interview-mit-hagenbaeumer\/\">\u00c4u\u00dferst seltsame &#8222;Saalordner&#8220;<\/a> stehen jedenfalls bereit).<\/p>\n<h2>Piraten ohne KOMPASS? (Sic!)<\/h2>\n<p>Kurz vor Start lassen es sich die Piraten nat\u00fcrlich nicht nehmen, ein weiteres &#8222;Gate&#8220; zu produzieren: Die Zeitung <a href=\"http:\/\/kompass.im\/ausgaben\/KompassBPT2014_2_Web.pdf\">&#8222;Kompass&#8220; mit Infos zum Parteitag<\/a> und den Kandidierenden, erstellt von einer &#8222;AG Piratenzeitung&#8220;, hat dem gesch\u00e4ftsf\u00fchrenden Vorst\u00e4nden offenbar nicht zugesagt. Erst bekam das Blatt ein &#8222;Gegendarstellungsverlangen&#8220; vom Justitiar der Partei, das <a href=\"http:\/\/www.kanzleikompa.de\/2014\/06\/26\/wie-man-keine-gegendarstellung-durchsetzt-blick-ins-gesetz-erleichtert-die-rechtsfindung\/\">an juristischer Inkompetenz kaum zu \u00fcbertreffen<\/a> ist. Und nun macht die Info die Runde, es sei jetzt &#8222;verboten&#8220;, dieses Blatt auf dem Parteitag zu verteilen. ALLES AUF PAPIER unterfalle dem Verteilverbot, kontern andere. V\u00f6llig irre, das Ganze &#8211; mir ist es aufgefallen, weil dieser &#8222;Kompass&#8220; das einzig \u00fcbersichtliche, journalistisch aufbereitete Medium zum Parteitag ist, das f\u00fcr Au\u00dfenstehende einigerma\u00dfen verst\u00e4ndliche Infos gibt! <\/p>\n<h2>Da waren mal gute Ideen&#8230;<\/h2>\n<p>Manch eine\/r wird sich fragen, ob es nicht ganz irrelevant ist, was diese 1,3-Prozentpartei noch so alles anstellt. Das mag f\u00fcr die derzeitige Parteienlandschaft stimmen, doch immerhin sind die Piraten angetreten, alles zum Besseren zu \u00e4ndern: demokratischer, transparenter, Basis-n\u00e4her&#8230;. im Ergebnis hat die Abwesenheit &#8222;althergebrachter Strukturen&#8220; daf\u00fcr gesorgt, dass sich Kl\u00fcngel-Politik, Hinterzimmerkreise und &#8222;Seilschaften&#8220; erst richtig entfalten konnten. Ein Ph\u00e4nomen, dass ich Anfang der 80ger auch bei der Alternativen Liste Berlin (Vorl\u00e4ufer der GR\u00dcNEN) hautnah erleben konnte &#8211; damals mein Grund zum Austritt. <\/p>\n<p>Die Idee, &#8222;Basisdemokratie&#8220; mal mit den Mitteln des Internets umzusetzen, erschien mir jedoch vielversprechend. Doch gerade damit sind die Piraten kein St\u00fcck voran gekommen, sondern haben sich in den Widerspr\u00fcchen zwischen Datenschutz und Transparenz hoffnungslos selber lahmgelegt. <\/p>\n<p>Ein Trauerspiel, das Ganze. Manche nehmens mit Humor, kaufen gro\u00dfe Mengen Popkorn, um sich \u00fcbers Parteitagswochenende den erwarteten Showdown in Halle als Livestream zu g\u00f6nnen (ob es sowas diesmal \u00fcberhaupgt gibt?). Andere <a href=\"https:\/\/twitter.com\/EinAugenschmaus\/status\/482113719305244672\">twittern noch schnell ihren Austritt<\/a>&#8230;<\/p>\n<p>Das Piratenschiff ist gekentert. Eine NEUE, ganz ANDERE Partei br\u00e4uchte eben auch neue Menschen, die sich anders verhalten. Und die sind nicht in Sicht.<\/p>\n<p>***<\/p>\n<ul>\n<li><a href=\"http:\/\/flaschenpost.piratenpartei.de\/2014\/06\/24\/richtungsstreit\/\">Richtungsstreit?<\/a> Ein Th\u00fcringer Pirat sieht nur einen Streit um Methoden;<\/li>\n<li><a href=\"http:\/\/www.aranita.de\/blog\/2014\/06\/27\/fluegelstreit-nein-kampf-gegen-amigo-mentalitaet\/\">Fl\u00fcgelstreit? Nein, Kampf gegen Amigo-Mentalit\u00e4t<\/a> &#8211; Piratin Aranita sieht das anders.<\/li>\n<li><a href=\"http:\/\/kompass.im\/ausgaben\/KompassBPT2014_2_Web.pdf\">KOMPASS: Logbuch BPT 2014.2 (.pdf)<\/a><\/li>\n<li><a href=\"http:\/\/substanz.davidherzog.ch\/appell-zum-bundesparteitag-der-piratenpartei-deutschland\/\">Substanz &#8211; Appell (aus der Schweitz) zum Bundesparteitag der Piratenpartei Deutschland<\/a> &#8211; vermutlich in den Wind gesprochen!<\/li>\n<li><a href=\"http:\/\/www.kanzleikompa.de\/2014\/06\/26\/wie-man-keine-gegendarstellung-durchsetzt-blick-ins-gesetz-erleichtert-die-rechtsfindung\/\">Wie man keine Gegendarstellung durchsetzt \u2013 Blick ins Gesetz erleichtert die Rechtsfindung<\/a> &#8211; RA Markus Kompa zerlegt das Gegendarstellungsverlangen;<\/li>\n<li><a href=\"http:\/\/www.heise.de\/tp\/artikel\/42\/42083\/1.html\">Die H\u00f6lle von Halle<\/a> &#8211; Markus Kompa auf Heise, zum anstehenden Parteitag<\/li>\n<li><a href=\"http:\/\/www.kanzleikompa.de\/2014\/06\/27\/kompassgate-thorsten-wirth-pullt-eine-streisand\/\">KOMPASSGATE \u2013 Thorsten Wirth pullt eine Streisand<\/a> &#8211; tja&#8230; und das ist offenbar alles ernst gemeint&#8230; <\/li>\n<li><a href=\"http:\/\/kollegejansen.wordpress.com\/2014\/06\/18\/gastbeitrag-anmerkungen-von-mir-uber-kommunikation-piratenpartei-und-trolle-wie-die-piratenpartei-zukunftsfahig-bleibt\/\">\u00dcber Kommunikation, Piratenpartei und Trolle \u2013 Wie die Piratenpartei zukunftsf\u00e4hig bleibt<\/a> &#8211; @Junkfoodkoch meint, viele Eskalationen l\u00e4gen an der Netzkommunikation &#8211; immerhin einer, der noch Hoffnung hat.<\/li>\n<li><a href=\"http:\/\/stream.piraten-bpt.de\/\">Livestream vom Piratenparteitag<\/a> &#8211; es wird ihn geben&#8230;<\/li>\n<\/ul>","protected":false},"excerpt":{"rendered":"<p>Diese Partei hab ich in Berlin mal gew\u00e4hlt. Frischen Wind wollten sie in die Parteienlandschaft bringen, doch lange schon sind nurmehr St\u00fcrme der Entr\u00fcstung zu beobachten. R\u00fccktritte, Austritte und &#8211; man glaubt es kaum! &#8211; juristische Auseinandersetzungen, Abmahnungen, Gegendarstellungen, Anzeigen&#8230; Da Teile des Parteivorstands hingeschmissen hatten, findet an diesem Wochenende ein &#8222;au\u00dferordentlicher Parteitag&#8220; (#aBPT) statt. [&hellip;]<\/p>\n","protected":false},"author":1,"featured_media":0,"comment_status":"open","ping_status":"open","sticky":false,"template":"","format":"standard","meta":[],"categories":[7,8],"tags":[],"post_mailing_queue_ids":[],"_links":{"self":[{"href":"https:\/\/www.claudia-klinger.de\/digidiary\/wp-json\/wp\/v2\/posts\/1493"}],"collection":[{"href":"https:\/\/www.claudia-klinger.de\/digidiary\/wp-json\/wp\/v2\/posts"}],"about":[{"href":"https:\/\/www.claudia-klinger.de\/digidiary\/wp-json\/wp\/v2\/types\/post"}],"author":[{"embeddable":true,"href":"https:\/\/www.claudia-klinger.de\/digidiary\/wp-json\/wp\/v2\/users\/1"}],"replies":[{"embeddable":true,"href":"https:\/\/www.claudia-klinger.de\/digidiary\/wp-json\/wp\/v2\/comments?post=1493"}],"version-history":[{"count":0,"href":"https:\/\/www.claudia-klinger.de\/digidiary\/wp-json\/wp\/v2\/posts\/1493\/revisions"}],"wp:attachment":[{"href":"https:\/\/www.claudia-klinger.de\/digidiary\/wp-json\/wp\/v2\/media?parent=1493"}],"wp:term":[{"taxonomy":"category","embeddable":true,"href":"https:\/\/www.claudia-klinger.de\/digidiary\/wp-json\/wp\/v2\/categories?post=1493"},{"taxonomy":"post_tag","embeddable":true,"href":"https:\/\/www.claudia-klinger.de\/digidiary\/wp-json\/wp\/v2\/tags?post=1493"}],"curies":[{"name":"wp","href":"https:\/\/api.w.org\/{rel}","templated":true}]}}