{"id":1489,"date":"2014-06-20T12:53:14","date_gmt":"2014-06-20T10:53:14","guid":{"rendered":"http:\/\/www.claudia-klinger.de\/digidiary\/?p=1489"},"modified":"2014-06-20T19:44:57","modified_gmt":"2014-06-20T17:44:57","slug":"neues-blog-startet-minima-muse","status":"publish","type":"post","link":"https:\/\/www.claudia-klinger.de\/digidiary\/2014\/06\/20\/neues-blog-startet-minima-muse\/","title":{"rendered":"Neues Blog startet: Minima Muse"},"content":{"rendered":"<p>Heute hab&#8216; ich mal wieder meine <a href=\"https:\/\/www.claudia-klinger.de\/digidiary\/meine-blog-bibliothek\/\">Blogroll<\/a> \u00fcberarbeitet. Blogs, die nur alle Monate oder seltener einen Beitrag bringen, mussten zu Gunsten neuer Kandidaten weichen. Hinzu gekommen ist ein funkelnagelneues Blog mit dem sch\u00f6nen Namen <a href=\"http:\/\/minimamuse.wordpress.com\/\">&#8222;Minima Muse&#8220;<\/a>, untertitelt mir &#8222;kreativer Konsumverzicht im kollektiven Selbstversuch&#8220;. <\/p>\n<p><a href=\"http:\/\/minimamuse.wordpress.com\/\"><img decoding=\"async\" loading=\"lazy\" src=\"https:\/\/www.claudia-klinger.de\/digidiary\/wp-content\/uploads\/2014\/06\/minimamuse.jpg\" alt=\"minimamuse\" width=\"354\" height=\"188\" class=\"aligncenter size-full wp-image-1490\" srcset=\"https:\/\/www.claudia-klinger.de\/digidiary\/wp-content\/uploads\/2014\/06\/minimamuse.jpg 354w, https:\/\/www.claudia-klinger.de\/digidiary\/wp-content\/uploads\/2014\/06\/minimamuse-300x159.jpg 300w\" sizes=\"(max-width: 354px) 100vw, 354px\" \/><\/a><\/p>\n<p>Die Bloggerin ist <a href=\"http:\/\/minimamuse.wordpress.com\/ueber\/\">D\u00f6rte Giebel<\/a>, 1970 geboren, <em>&#8222;mit einem Schwarzwei\u00dffernseher ohne Fernbedienung, einem kleinen Kassettenrekorder und Festnetztelefon gro\u00df geworden. Ja, das war toll!&#8220;. <\/em><br \/>\n<!--more--><br \/>\nBisher gibt es <a href=\"http:\/\/minimamuse.wordpress.com\/2014\/06\/20\/vorwort\/\">das Vorwort<\/a>, sowie eine Seite mit <a href=\"http:\/\/minimamuse.wordpress.com\/was-ist-minimalismus\/\">Infos \u00fcber Minimalismus<\/a> &#8211; <strong>&#8222;weniger Materie, mehr Energie&#8220;<\/strong> ist ein Motto dieser Bewegung, die (schaut man auf die Blogrolls der Aktiven) offenbar immer mehr Anh\u00e4nger\/innen findet. <\/p>\n<p>Das Projekt Minima Muse gef\u00e4llt mir, weil da nicht nur jemand aus dem eigenen Leben vor sich hin bloggen will. Der Untertitel ist durchaus ernst gemeint, denn D\u00f6rte (Twittername <a href=\"http:\/\/twitter.com\/diegoerelebt\">dieGoerelebt<\/a>) schreibt:<\/p>\n<blockquote><p>Und <strong>damit dieses Blog auch wirklich zur Gemeinschaftsbildung beitr\u00e4gt, hab ich<\/strong> mir ein bisschen was \u00fcberlegt \u2013 eine monatliche Challenge, die auch Dich hinterm Ofen vorlocken k\u00f6nnte, Blogparaden, die es Dich in den Fingern jucken lassen, und die Chance, Dich hier als Gastblogger\/in einzubringen.<\/p><\/blockquote>\n<p>Was f\u00fcr Challenges? Es geht um &#8222;Herausforderungen&#8220;, reale Experiment mit dem eigenen Lebensstil, wie auf der Seite <a href=\"http:\/\/minimamuse.wordpress.com\/mitmachen\/\">&#8222;Mitmachen&#8220;<\/a> erl\u00e4utert wird:<\/p>\n<blockquote><p>F\u00fcr mindestens sieben Tage am St\u00fcck (innerhalb des laufenden Monats) gilt es, eine bestimmte neue Verhaltensweise durchzuhalten, die alte Gewohnheiten in punkto Konsum und Besitz aushebelt. <\/p><\/blockquote>\n<p>Die Teilnehmenden sollen dann \u00fcber ihre Erfahrungen mit der jeweiligen Ver\u00e4nderung berichten. Wer lieber zu reinem Gedankenaustausch neigt, kommt aber auch nicht zu kurz, denn es wird &#8222;Blogparaden&#8220; geben:<\/p>\n<blockquote><p>Blogs sind digitale Gespr\u00e4che \u2013 allerdings nur dann, wenn wir uns beim Bloggen auch aufeinander beziehen, aufeinander reagieren und uns von einem Blogpost zu einem eigenen Artikel anregen lassen. Deshalb lade ich in regelm\u00e4\u00dfigen Abst\u00e4nden alle, die selbst im Netz publizieren (bloggen, pod- oder vodcasten oder z.B. auf Google+ schreiben), ein, sich mit eigenen Beitr\u00e4gen auf den eigenen Plattformen mit einer Fragestellung auseinanderzusetzen, die ich hier in den Raum stelle \u2013 und dann auch selbst f\u00fcr mich beantworte. <\/p><\/blockquote>\n<p>Ich bin gespannt, was diesen Ank\u00fcndigungen folgen wird und ob es D\u00f6rte gelingt, viele zum Mitmachen zu inspirieren. F\u00fcr jetzt w\u00fcnsche ich ihr alles Gute, viel Resonanz und die Ausdauer, auch am Thema dran zu bleiben, wenn der erste Motivationsschub verblasst. <\/p>\n<p>\u00dcber D\u00f6rtes Blogroll bin ich auch auf <strong>&#8222;Minimalismus leben&#8220;<\/strong> gesto\u00dfen, ein seit 2011 etabliertes Minimalismus-Blog von Michael Klumb, dessen Beitrag <a href=\"http:\/\/www.minimalismus-leben.de\/minimalismus-hobbies\/\">&#8222;Minimalismus und Hobbys<\/a>&#8220; nachdenkenswerte Anst\u00f6\u00dfe gibt. (Erinnert mich an die Zeit, als ich meinte, MALEN zu wollen und mir Staffelei, \u00d6l- und Temperafarben, L\u00f6sungsmittel, B\u00fccher ohne Ende kaufte, anstatt einfach zu malen!) Auch dieses Blog bereichert jetzt meine Blogroll &#8211; es kann nicht schaden, dieses Thema etwas mehr im Bewusstsein zu halten, auch wenn ich von mir denke, schon lange einen &#8222;minimalistischen&#8220; Lebensstil zu pflegen. Aber hey, wenn man genau hinsieht&#8230; <\/p>","protected":false},"excerpt":{"rendered":"<p>Heute hab&#8216; ich mal wieder meine Blogroll \u00fcberarbeitet. Blogs, die nur alle Monate oder seltener einen Beitrag bringen, mussten zu Gunsten neuer Kandidaten weichen. Hinzu gekommen ist ein funkelnagelneues Blog mit dem sch\u00f6nen Namen &#8222;Minima Muse&#8220;, untertitelt mir &#8222;kreativer Konsumverzicht im kollektiven Selbstversuch&#8220;. Die Bloggerin ist D\u00f6rte Giebel, 1970 geboren, &#8222;mit einem Schwarzwei\u00dffernseher ohne Fernbedienung, [&hellip;]<\/p>\n","protected":false},"author":1,"featured_media":0,"comment_status":"open","ping_status":"open","sticky":false,"template":"","format":"standard","meta":[],"categories":[11,10],"tags":[],"post_mailing_queue_ids":[],"_links":{"self":[{"href":"https:\/\/www.claudia-klinger.de\/digidiary\/wp-json\/wp\/v2\/posts\/1489"}],"collection":[{"href":"https:\/\/www.claudia-klinger.de\/digidiary\/wp-json\/wp\/v2\/posts"}],"about":[{"href":"https:\/\/www.claudia-klinger.de\/digidiary\/wp-json\/wp\/v2\/types\/post"}],"author":[{"embeddable":true,"href":"https:\/\/www.claudia-klinger.de\/digidiary\/wp-json\/wp\/v2\/users\/1"}],"replies":[{"embeddable":true,"href":"https:\/\/www.claudia-klinger.de\/digidiary\/wp-json\/wp\/v2\/comments?post=1489"}],"version-history":[{"count":0,"href":"https:\/\/www.claudia-klinger.de\/digidiary\/wp-json\/wp\/v2\/posts\/1489\/revisions"}],"wp:attachment":[{"href":"https:\/\/www.claudia-klinger.de\/digidiary\/wp-json\/wp\/v2\/media?parent=1489"}],"wp:term":[{"taxonomy":"category","embeddable":true,"href":"https:\/\/www.claudia-klinger.de\/digidiary\/wp-json\/wp\/v2\/categories?post=1489"},{"taxonomy":"post_tag","embeddable":true,"href":"https:\/\/www.claudia-klinger.de\/digidiary\/wp-json\/wp\/v2\/tags?post=1489"}],"curies":[{"name":"wp","href":"https:\/\/api.w.org\/{rel}","templated":true}]}}