{"id":1476,"date":"2014-06-10T23:15:06","date_gmt":"2014-06-10T22:15:06","guid":{"rendered":"http:\/\/www.claudia-klinger.de\/digidiary\/?p=1476"},"modified":"2014-06-20T13:07:02","modified_gmt":"2014-06-20T11:07:02","slug":"netzutopie-frieden-unter-den-menschen","status":"publish","type":"post","link":"https:\/\/www.claudia-klinger.de\/digidiary\/2014\/06\/10\/netzutopie-frieden-unter-den-menschen\/","title":{"rendered":"Netzutopie &#8222;Frieden unter den Menschen&#8220;"},"content":{"rendered":"<p>Angeregt durch die <a href=\"http:\/\/hinterwaldwelt.blogspot.com\/2014\/06\/epitaph.html?showComment=1402434667181#c6640682763821219737\">Debatte um Lanier<\/a> hab ich mich getraut, mal nachzulesen, was ich selbst DAMALS in der Zeit der ersten Internet-Euphorie, w\u00e4hrend dieses &#8222;kurzen Sommers der Anarchie im Netz&#8220; so zum Thema verzapfte. Das &#8222;bloggen&#8220; entlang am blo\u00dfen Datum und der ver\u00f6ffentlichenden Person war noch nicht erfunden. Man baute noch &#8222;Homepages&#8220; oder Webprojekte, Themenseiten &#8211; jeder Impuls, auf irgend eine Art die eigenen Gedanken mit der Welt zu teilen, erforderte auch Auseinandersetzung mit der Technik, designerische Entscheidungen &#8211; es gab noch keine &#8222;Sehgewohnheiten&#8220; im Web.<br \/>\n<!--more--><br \/>\nWas ich fand, ist <a href=\"http:\/\/claudia-klinger.de\/archiv\/MissingLinkAusstell\/cyber1f.htm\">ein Steinbruch<\/a>, den ich nun einfach mal als Schreibimpuls nutze. Z.B. dieser Text zum Thema<\/p>\n<h2>Frieden unter den Menschen ?<\/h2>\n<p>als eines von mehreren Unterthemen in einem langen Artikel names &#8222;Cyberspace &#8211; Zwischenbilanz einer Utopie&#8220;. Ging so:<\/p>\n<blockquote><p>Wer damit anf\u00e4ngt, E-Mail-Kontakte zu kn\u00fcpfen, wer eine Homepage im Web aufbaut und ein wenig am sozialen Leben im Cyberspace teilnimmt, wundert sich \u00fcber die betonte Freundlichkeit, die positiv gehaltenen Botschaften, das freigiebig gespendete Lob, das von v\u00f6llig fremden Menschen \u00fcber den Newcomer hereinbricht.<\/p>\n<p><strong>Was ist das?<\/strong> Wir sind es doch eher gewohnt, mit der Miesepetrigkeit, den agressiven und depressiven Stimmungen, den \u00c4ngsten und Unzufriedenheiten der Mitmenschen konfrontiert zu werden &#8211; zumindest im Alltag, jenseits einer &#8222;sch\u00fctzenden Umgebung&#8220;.<\/p>\n<p><strong>Der technisch gest\u00fctzte Friede<\/strong> der Cyber-Kommunikation verdankt sich der Tatsache, da\u00df der L\u00f6schknopf nah ist: Wenn mir etwas nicht gef\u00e4llt, bef\u00f6rdere ich es mit einem Klick ins Nichtmehrda und diese M\u00f6glichkeit ist allen, wenn auch nicht immer bewu\u00dft, so doch aus eigener Erfahrung pr\u00e4sent. Jeder verf\u00fcgt \u00fcber dasselbe effektive virtuelle &#8218;Vernichtungspotential&#8216; &#8211; und so bem\u00fcht man sich, nett zueinander zu sein.<\/p>\n<p><strong>Nat\u00fcrlich gilt das nur<\/strong>, wo Kontakt ernsthaft gew\u00fcnscht wird (auf anderen Ebenen, z.B. in manchen &#8222;Newsgroups&#8220;, brechen schon mal die ber\u00fcchtigten FLAME-WARS aus, w\u00fcste Beschimpfungen, F\u00e4kalsprache, die manchmal dazu f\u00fchren, da\u00df alle &#8222;Gutwilligen&#8220; den Ort des Geschehens verlassen und sich an einem anderen Fleck wieder neu zusammenfinden &#8211; oder auch nicht).<\/p>\n<p><strong>Trotz der normalerweise beabsichtigten Friedlichkeit<\/strong>, die so lange ernst gemeint ist, wie es um nichts geht, birgt der E-Mail-Kontakt unz\u00e4hlige M\u00f6glichkeiten des Mi\u00dfverst\u00e4ndnisses. Ohne es zu wollen, trete ich immer wieder Leuten auf irgendeinen Schlips &#8211; wie das? Hier zeigt sich die Folge der aufs rein mentale begrenzten Kommunikation: der andere sieht meine Stimmung nicht, keine Mimik, keine Gestik. Also h\u00e4ngt es wesentlich vom Empf\u00e4nger ab, wie er meine Botschaft versteht. Vielleicht versteht er meine Frage: &#8222;Wann bist Du fertig mit deinem Projekt X?&#8220; als heftigen Vorwurf, je nachdem, wie er selbst gerade mit sich im reinen oder eben unreinen ist. So werden die Empfehlungen der Selbsterkenntnis-\u00dcbungen zum notwendigen R\u00fcstzeug im Cyber-Alltag: Hege keine Erwartungen, mache Dir kein Bild, sei Dir zumindest Deiner Vorurteile bewu\u00dft!  <\/p><\/blockquote>\n<p>***<br \/>\nder Text muss 1996#97 entstanden sein. Datum war damals noch nicht \u00fcblich&#8230;<\/p>","protected":false},"excerpt":{"rendered":"<p>Angeregt durch die Debatte um Lanier hab ich mich getraut, mal nachzulesen, was ich selbst DAMALS in der Zeit der ersten Internet-Euphorie, w\u00e4hrend dieses &#8222;kurzen Sommers der Anarchie im Netz&#8220; so zum Thema verzapfte. Das &#8222;bloggen&#8220; entlang am blo\u00dfen Datum und der ver\u00f6ffentlichenden Person war noch nicht erfunden. Man baute noch &#8222;Homepages&#8220; oder Webprojekte, Themenseiten [&hellip;]<\/p>\n","protected":false},"author":1,"featured_media":0,"comment_status":"open","ping_status":"open","sticky":false,"template":"","format":"standard","meta":[],"categories":[7],"tags":[],"post_mailing_queue_ids":[],"_links":{"self":[{"href":"https:\/\/www.claudia-klinger.de\/digidiary\/wp-json\/wp\/v2\/posts\/1476"}],"collection":[{"href":"https:\/\/www.claudia-klinger.de\/digidiary\/wp-json\/wp\/v2\/posts"}],"about":[{"href":"https:\/\/www.claudia-klinger.de\/digidiary\/wp-json\/wp\/v2\/types\/post"}],"author":[{"embeddable":true,"href":"https:\/\/www.claudia-klinger.de\/digidiary\/wp-json\/wp\/v2\/users\/1"}],"replies":[{"embeddable":true,"href":"https:\/\/www.claudia-klinger.de\/digidiary\/wp-json\/wp\/v2\/comments?post=1476"}],"version-history":[{"count":0,"href":"https:\/\/www.claudia-klinger.de\/digidiary\/wp-json\/wp\/v2\/posts\/1476\/revisions"}],"wp:attachment":[{"href":"https:\/\/www.claudia-klinger.de\/digidiary\/wp-json\/wp\/v2\/media?parent=1476"}],"wp:term":[{"taxonomy":"category","embeddable":true,"href":"https:\/\/www.claudia-klinger.de\/digidiary\/wp-json\/wp\/v2\/categories?post=1476"},{"taxonomy":"post_tag","embeddable":true,"href":"https:\/\/www.claudia-klinger.de\/digidiary\/wp-json\/wp\/v2\/tags?post=1476"}],"curies":[{"name":"wp","href":"https:\/\/api.w.org\/{rel}","templated":true}]}}