{"id":1474,"date":"2014-06-09T11:56:09","date_gmt":"2014-06-09T09:56:09","guid":{"rendered":"http:\/\/www.claudia-klinger.de\/digidiary\/?p=1474"},"modified":"2015-12-12T15:20:22","modified_gmt":"2015-12-12T14:20:22","slug":"warum-dieses-blog-noch-immer-nicht-erneuert-ist","status":"publish","type":"post","link":"https:\/\/www.claudia-klinger.de\/digidiary\/2014\/06\/09\/warum-dieses-blog-noch-immer-nicht-erneuert-ist\/","title":{"rendered":"Warum dieses Blog noch immer nicht erneuert ist"},"content":{"rendered":"<p>Die \u00e4u\u00dferst ruhigen Pfingsttage vermitteln mir die Mu\u00dfe, \u00fcber wirklich unwichtige Dinge zu schreiben. Zum Beispiel dar\u00fcber, warum das <a href=\"https:\/\/www.claudia-klinger.de\/digidiary\/2014\/02\/17\/erneuerungsdruck-und-vergangenheitsbewaeltigung-in-einem-15-jahre-alten-blog\/\">eigentlich dringlich n\u00f6tige Neudesign<\/a> des Digital Diary noch immer nicht umgesetzt ist. <\/p>\n<p>Tats\u00e4chlich habe ich es auf einem Baustellenblog testweise umgesetzt, zumindest bis zu einem Stadium, ab dem ich es &#8222;hier&#8220; h\u00e4tte fertig machen k\u00f6nnen. Seltsamerweise hatte ich darauf dann aber keine Lust, bzw. immer Anderes, Dringlicheres zu tun. <!--more--><\/p>\n<p>Da ich mir im eigenen Hauptblog keinen Druck machen muss, hab&#8216; ich das so hingenommen, anstatt mich &#8222;am Riemen zu reissen&#8220;. Und wie so oft, stellt sich nach einiger Zeit beil\u00e4ufig heraus, dass dieses &#8222;keine Lust haben&#8220; seine Gr\u00fcnde hat. Und eben nicht nur dem Zeitmangel geschuldet ist.<\/p>\n<h2>Die Sackgasse des Gewohnten<\/h2>\n<p>Bei der Diskussion um eine Erneuerung der Optik war ich ja &#8211; auch im Gespr\u00e4ch mit Stammleser\/innen &#8211; wieder mal in der Sackgasse des Gewohnten gelandet: Eigentlich sieht es doch gar nicht so schlecht aus, zwar ein bisschen wirr was die vielen Links oberhalb, rechts und links vom Text angeht, aber das k\u00f6nnte man ja bei gleicher Optik ein bisschen besser ordnen, bzw. verschlanken. Dazu auf der Funktionsebene wieder einen ordentlichen Editor f\u00fcr die Kommentare &#8211; aber ansonsten reicht es doch, die ganze Sache &#8222;responsive&#8220; zu machen, damit das Lesen auch per Tablet und Smartphone besser funktioniert. Macht es nicht gerade den Charme dieses \u00fcber 15 Jahre alten Blogs aus, dass es sich optisch nicht ver\u00e4ndert, auch wenn die Technik unter der Haube wechselt? Es folgt keiner designerischen Mode und wer immer hier mal eine Zeit lang mitliest, freut sich Jahre sp\u00e4ter, dass es &#8222;vertraut&#8220; wirkt. Weil es immer noch so aussieht &#8222;wie fr\u00fcher&#8220;&#8230;<\/p>\n<h2>&#8222;Neu&#8220; muss MEHR bedeuten als Technik und Code<\/h2>\n<p>Genau dieser Ansatz einer &#8222;Erneuerung als ob&#8220; ist es wohl, der mich nicht gerade motiviert, am Blog gro\u00df herum zu basteln. Und in dem Fall bin ich ganz froh drum, hier auf mein &#8222;Bauchgef\u00fchl&#8220; achten zu d\u00fcrfen, denn mittlerweile merke ich, dass diese alte Optik und &#8222;Ordnung&#8220; des Blogs nicht mehr wirklich dem entspricht, was ich gerne h\u00e4tte. Das NEUE, wenn es denn kommt, soll Probleme l\u00f6sen und W\u00fcnsche erf\u00fcllen, nicht einfach nur technisch updaten, was da ist. <\/p>\n<p>Welche Probleme? Das Hauptproblem ist der &#8222;Gemischtwarenladen&#8220;, den dieses Blog inhaltlich darstellt. Die Suchmaschine, die uns allen sagt, was in Sachen Webseiten-Gestaltung gut und b\u00f6se ist, pr\u00e4feriert schon seit Jahren konzentrierte Themenblogs. Auch ist die &#8222;Monetarisierung&#8220;, das beil\u00e4ufige Geld verdienen mit Werbung, nur auf Themenblogs wirklich gut machbar. Beide Aspekte habe ich hier weitgehend ignoriert, da das Digital Diary mein pers\u00f6nlichstes Blog ist, das ich nicht der Hatz um Klicks unterwerfen will. Solange hier ab und an gute Gespr\u00e4che stattfinden, muss es mich doch nicht interessieren, wie eine Suchmaschine dieses Blog bewertet &#8211; dachte ich und denke immer noch so.<\/p>\n<p>ABER: es ist ja nicht nur die Suchmaschine! Auch Gelegenheitsg\u00e4ste kommen nicht wieder, weil sie das Blog nicht als &#8222;Quelle zum Thema&#8220; erkennen, das man sich bookmarken oder per Newsreader abonnieren sollte. Sondern eben als &#8222;allgemeines Blog&#8220;, bei dem kaum zu erwarten ist, dass zum grade interessierenden Themenfeld noch mehr kommt. <\/p>\n<p>Nicht einmal mein Liebster, mit dem ich seit bald zehn Jahren zusammen bin und der hier JEDEN Artikel gelesen hat, wusste, dass es in diesem Blog KATEGORIEN gibt! Und ich verstehe das sogar, denn selbst wenn ich die als Neuleserin sehen w\u00fcrde, w\u00fcrde mich dieser Linkblog (rechts oben, &#8222;Themen&#8220;) kaum zum Klick animieren. <\/p>\n<p>Alle genannten Gr\u00fcnde und meine durchaus wechselnden Interessen haben dazu gef\u00fchrt, dass ich im Lauf der Zeit mehrere Themenblogs gr\u00fcndete. Tats\u00e4chlich betreibe ich aber nur <a href=\"http:\/\/www.unverbissen-vegetarisch.de\">unverbissen-vegetarisch.de<\/a> und <a href=\"http:\/\/www.das-wilde-gartenblog.de\/\">das-wilde-gartenblog.de<\/a> halbwegs engagiert, der Rest d\u00fcmpelt so dahin. Es gibt ja doch noch ein Leben neben dem Bloggen&#8230; <\/p>\n<p>Noch ein neues Blog, wenn mir ein Thema wichtig wird, ist also keine Wahl mehr. Was aber dann? Genau diese Frage sollte mit dem Update bearbeitet und besser gel\u00f6st werden. Mein (erstes) neues Thema wird &#8222;mein Europa&#8220; (oder \u00e4hnlich) hei\u00dfen und dann auch optisch vermitteln, dass es nicht randst\u00e4ndig ist. Und auch andere Kategorien sollen prominenter, besser betitelt und gepflegt werden &#8211; fast als w\u00e4ren es eigenst\u00e4ndige Blogs.<\/p>\n<h2>Ge\u00e4nderte Sehgewohnheiten und Informationsbed\u00fcrfnisse<\/h2>\n<p>Ohne Erneuerungsdruck neigt man dazu, das Gewohnte als das immer noch Richtige anzusehen, auch wenn sich die Sehgewohnheiten und Info-Bed\u00fcrfnisse gewandelt haben. <\/p>\n<p>Muss es mich interessieren, dass Blogs heute sehr Bild-orientiert sind? Meine Stammleser\/innern werden das verneinen, denn sie m\u00f6gen viel Text und vermissen das &#8222;Artikelbild&#8220; nicht. Wohl aber mindert die Abwesenheit jeglichen Bildelements die Anziehungskraft eines Blogs heute ganz allgemein: etliche Aggregatoren nutzen das Artikelbild, Surfer\/innen sind es gewohnt, nicht nur auf eine &#8222;Textw\u00fcste&#8220; zu blicken. Selbst <a href=\"http:\/\/www.thinkabout.ch\/\">&#8222;Thinkabout&#8220;<\/a>, der ja immer schon durch Text-Inhalte \u00fcberzeugt, bringt seit l\u00e4ngerem ein Bild pro Artikel, zur Not ein gekauftes. Und ja, es wirkt freundlicher und anziehender so&#8230;<\/p>\n<p>Dann die Info &#8222;rund ums Blog&#8220;. Bei mir findet sich da gar nichts mehr! Fr\u00fcher gab es mal ein Editorial, sogar eine &#8222;FAQ&#8220; mit Antworten auf Fragen wie &#8222;Warum ich schreibe&#8220;, &#8222;f\u00fcr wen ich schreibe&#8220; &#8211; aber fast nichts &#8222;\u00fcber mich&#8220;. Immer schon hatte ich mit expliziter Selbstdarstellung ein Problem, wollte dass sich die Menschen f\u00fcr die Inhalte interessieren, nicht f\u00fcr meine Person. Irgendwann kam mir auch diese FAQ zu &#8222;eitel&#8220; vor und beim Umstieg auf WordPress ist jegliche Info &#8222;\u00fcber&#8230;&#8220; weggefallen.<\/p>\n<p>Mittlerweile \u00e4rgert es mich allerdings, wenn ich auf einem neuen Blog so gar nichts \u00fcber den Menschen finde, der da schreibt. Dass es Stammleser\/innen gibt, die mich in gewisser Weise besser kennen als ich mich selbst, weil sie tats\u00e4chlich JEDEN Artikel seit 1999 gelesen haben (ja, es gibt sie, wei\u00df ich aus E-Mail-Kontakt!), befreit nicht von der Notwendigkeit, auch neuen Mitlesenden ein paar Ausk\u00fcnfte zu geben. Allein die Tatsache, dass das Digital Diary mittlerweile das \u00e4lteste durchweg aktive (!) deutschsprachige Blog ist, ist nun wirklich keine ausreichende Info zur Person.<\/p>\n<h2>Kommentargespr\u00e4che &#8211; Kommentarkultur<\/h2>\n<p>Es gibt Themen (Europa geh\u00f6rt dazu, ebenso wie &#8222;Geschlechterkampf&#8220;), die ziehen potenziell Leute an, die einfach nur trollen bzw. sich sehr destruktiv zu allem \u00e4u\u00dfern, was f\u00fcr mich gut und wichtig ist. Bisher war das kein massives Problem, eben WEIL ich mit diesem Blog weitgehend unter dem Radar bleibe &#8211; was aber, wenn ich kontroversere Themen beblogge und durch allerlei Modernisierungen daf\u00fcr gesorgt habe, dass das Blog sichtbarer wird? <\/p>\n<p>Ich habe nicht die geringste Lust, hier &#8222;Diskussionen&#8220; wie bei Heise oder sonstigen Hardcore-Kommentariaten zu f\u00fchren. Sollte sich das also mal anbahnen, braucht es andere L\u00f6sungen als nur die, Kommentare auf &#8222;moderiert&#8220; umzustellen &#8211; und dann die Arbeit und den Vorwurf der &#8222;Zensur&#8220; am Hals zu haben. Auch daf\u00fcr habe ich Ideen, die zwar nicht direkt mit den vorhandenen Blog-Strukturen umsetzbar, aber sicher &#8222;irgendwie&#8220; realisierbar sind (getreu dem Software-Grundsatz: geht nicht gibts nicht!). <\/p>\n<p>Genug f\u00fcr jetzt. Es gibt Wichtigeres als Blogdesign und der Text ist sowieso schon ausgeufert&#8230; <\/p>","protected":false},"excerpt":{"rendered":"<p>Die \u00e4u\u00dferst ruhigen Pfingsttage vermitteln mir die Mu\u00dfe, \u00fcber wirklich unwichtige Dinge zu schreiben. Zum Beispiel dar\u00fcber, warum das eigentlich dringlich n\u00f6tige Neudesign des Digital Diary noch immer nicht umgesetzt ist. Tats\u00e4chlich habe ich es auf einem Baustellenblog testweise umgesetzt, zumindest bis zu einem Stadium, ab dem ich es &#8222;hier&#8220; h\u00e4tte fertig machen k\u00f6nnen. Seltsamerweise [&hellip;]<\/p>\n","protected":false},"author":1,"featured_media":0,"comment_status":"open","ping_status":"open","sticky":false,"template":"","format":"standard","meta":[],"categories":[7,414],"tags":[],"post_mailing_queue_ids":[],"_links":{"self":[{"href":"https:\/\/www.claudia-klinger.de\/digidiary\/wp-json\/wp\/v2\/posts\/1474"}],"collection":[{"href":"https:\/\/www.claudia-klinger.de\/digidiary\/wp-json\/wp\/v2\/posts"}],"about":[{"href":"https:\/\/www.claudia-klinger.de\/digidiary\/wp-json\/wp\/v2\/types\/post"}],"author":[{"embeddable":true,"href":"https:\/\/www.claudia-klinger.de\/digidiary\/wp-json\/wp\/v2\/users\/1"}],"replies":[{"embeddable":true,"href":"https:\/\/www.claudia-klinger.de\/digidiary\/wp-json\/wp\/v2\/comments?post=1474"}],"version-history":[{"count":0,"href":"https:\/\/www.claudia-klinger.de\/digidiary\/wp-json\/wp\/v2\/posts\/1474\/revisions"}],"wp:attachment":[{"href":"https:\/\/www.claudia-klinger.de\/digidiary\/wp-json\/wp\/v2\/media?parent=1474"}],"wp:term":[{"taxonomy":"category","embeddable":true,"href":"https:\/\/www.claudia-klinger.de\/digidiary\/wp-json\/wp\/v2\/categories?post=1474"},{"taxonomy":"post_tag","embeddable":true,"href":"https:\/\/www.claudia-klinger.de\/digidiary\/wp-json\/wp\/v2\/tags?post=1474"}],"curies":[{"name":"wp","href":"https:\/\/api.w.org\/{rel}","templated":true}]}}