{"id":1460,"date":"2014-05-26T08:11:06","date_gmt":"2014-05-26T07:11:06","guid":{"rendered":"http:\/\/www.claudia-klinger.de\/digidiary\/?p=1460"},"modified":"2014-05-26T08:50:25","modified_gmt":"2014-05-26T07:50:25","slug":"offene-weite-die-tempelhofer-freiheit-bleibt-unbebaut","status":"publish","type":"post","link":"https:\/\/www.claudia-klinger.de\/digidiary\/2014\/05\/26\/offene-weite-die-tempelhofer-freiheit-bleibt-unbebaut\/","title":{"rendered":"Offene Weite &#8211; die Tempelhofer Freiheit bleibt unbebaut!!!"},"content":{"rendered":"<p>Ich freue mich riesig, dass die Berliner\/innen mit gro\u00dfer Mehrheit gegen die Bebauung des Tempelhofer Feldes gestimmt haben! Damit sind alle Senatspl\u00e4ne vom Tisch: <a href=\"http:\/\/www.derhauptstadtbrief.de\/cms\/index.php\/99-der-hauptstadtbrief-120\/491-berliner-politik-im-rausch-des-groessenwahns\">kein h\u00e4sslicher wei\u00dfer Bibliothekskasten <\/a>(&#8222;Wowereit-Gedenkbibliothek&#8220;), keine neuen Stadtviertel am Rand, wobei nur 9% &#8222;bezahlbare Wohnungen&#8220; entstehen sollten.  Klein Fl\u00e4chengeschachere mit Investoren, keine riesigen Gewerbebereiche &#8211; sondern einfach nur offene Weite in der Gr\u00f6\u00dfe des F\u00fcrstentums Monaco &#8211; mitten in der Stadt!<\/p>\n<p><a href=\"http:\/\/www.thf100.de\/start.html\"><img decoding=\"async\" loading=\"lazy\" src=\"https:\/\/www.claudia-klinger.de\/digidiary\/wp-content\/uploads\/2014\/05\/tempelhofer-feld.jpg\" alt=\"tempelhofer-feld\" width=\"470\" height=\"356\" class=\"aligncenter size-full wp-image-1461\" srcset=\"https:\/\/www.claudia-klinger.de\/digidiary\/wp-content\/uploads\/2014\/05\/tempelhofer-feld.jpg 470w, https:\/\/www.claudia-klinger.de\/digidiary\/wp-content\/uploads\/2014\/05\/tempelhofer-feld-300x227.jpg 300w\" sizes=\"(max-width: 470px) 100vw, 470px\" \/><\/a><\/p>\n<p>Das Feld wird lange schon vielf\u00e4ltig genutzt, Urban Gardening, Grillen, Wandern, sporteln, feiern &#8211; und f\u00fcr die Natur bleiben gewisse Bereiche immer abgesperrt, damit dort Bodenbr\u00fcter und andere Tiere Ruhe finden. <\/p>\n<p>Das windstille Auge inmitten des Orkans ist Stadtgestalt geworden. Sowas geht nur in Berlin!<\/p>\n<p>***<\/p>\n<ul>\n<li><a href=\"http:\/\/www.rbb-online.de\/politik\/thema\/tempelhofer-feld\/beitraege\/volksentscheid-berlin-tempelhofer-feld1.html\">Volksentscheid der Initiative 100% Tempelhof erfolgreich<\/a> &#8211; RBB: <em>&#8222;\u00dcberw\u00e4ltigender Erfolg f\u00fcr die B\u00fcrgerinitiative &#8222;100 Prozent Tempelhofer Feld&#8220;: Rund 64 Prozent der W\u00e4hler stimmten f\u00fcr den Plan, das Feld unbebaut zu erhalten. Der Volksentscheid ist erfolgreich, denn auch die 25 Prozent Ja-Stimmen aller Wahlberechtigungen kamen zusammen. W\u00e4hrend die Anh\u00e4nger der Initiative feierten, sprach Stadtentwicklungssenator M\u00fcller von einem bitteren Ergebnis.&#8220;<\/em><\/li>\n<li><a href=\"http:\/\/www.tagesspiegel.de\/meinung\/tempelhofer-feld-klaus-wowereit-lernt-seine-berliner-neu-kennen\/9948588.html\">Klaus Wowereit lernt seine Berliner neu kennen<\/a> &#8211; Tagesspiegel; <em>&#8222;Das Berlin-Gef\u00fchl, dessentwegen so viele Menschen gerne hier hier leben und immer mehr gerne herkommen, spielt sich eben nicht hinter den eigenen vier W\u00e4nden ab. Der Senat hat das nicht verstanden. Er sah den Bau von Wohnungen auf dem alten Flughafengel\u00e4nde als die L\u00f6sung des vermeintlich dr\u00e4ngendsten Problems an, der Wohnungsnot; doch er \u00fcbersah dabei, dass die Menschen auch deshalb lieber hier leben wollen als anderswo, weil Berlin so besonders ist. Es gibt eben keine andere Stadt, die mittendrin eine solche Freifl\u00e4che hat.&#8220;<\/em><\/li>\n<li><a href=\"http:\/\/www.tagesspiegel.de\/mediacenter\/fotostrecken\/berlin\/bildergalerie-das-tempelhofer-feld-fotos-von-andrea-ramsteck\/9396696.html\">Fotostrecke Tempelhofer Feld;<\/a><\/li>\n<\/ul>","protected":false},"excerpt":{"rendered":"<p>Ich freue mich riesig, dass die Berliner\/innen mit gro\u00dfer Mehrheit gegen die Bebauung des Tempelhofer Feldes gestimmt haben! Damit sind alle Senatspl\u00e4ne vom Tisch: kein h\u00e4sslicher wei\u00dfer Bibliothekskasten (&#8222;Wowereit-Gedenkbibliothek&#8220;), keine neuen Stadtviertel am Rand, wobei nur 9% &#8222;bezahlbare Wohnungen&#8220; entstehen sollten. Klein Fl\u00e4chengeschachere mit Investoren, keine riesigen Gewerbebereiche &#8211; sondern einfach nur offene Weite in [&hellip;]<\/p>\n","protected":false},"author":1,"featured_media":0,"comment_status":"open","ping_status":"open","sticky":false,"template":"","format":"standard","meta":[],"categories":[8],"tags":[],"post_mailing_queue_ids":[],"_links":{"self":[{"href":"https:\/\/www.claudia-klinger.de\/digidiary\/wp-json\/wp\/v2\/posts\/1460"}],"collection":[{"href":"https:\/\/www.claudia-klinger.de\/digidiary\/wp-json\/wp\/v2\/posts"}],"about":[{"href":"https:\/\/www.claudia-klinger.de\/digidiary\/wp-json\/wp\/v2\/types\/post"}],"author":[{"embeddable":true,"href":"https:\/\/www.claudia-klinger.de\/digidiary\/wp-json\/wp\/v2\/users\/1"}],"replies":[{"embeddable":true,"href":"https:\/\/www.claudia-klinger.de\/digidiary\/wp-json\/wp\/v2\/comments?post=1460"}],"version-history":[{"count":0,"href":"https:\/\/www.claudia-klinger.de\/digidiary\/wp-json\/wp\/v2\/posts\/1460\/revisions"}],"wp:attachment":[{"href":"https:\/\/www.claudia-klinger.de\/digidiary\/wp-json\/wp\/v2\/media?parent=1460"}],"wp:term":[{"taxonomy":"category","embeddable":true,"href":"https:\/\/www.claudia-klinger.de\/digidiary\/wp-json\/wp\/v2\/categories?post=1460"},{"taxonomy":"post_tag","embeddable":true,"href":"https:\/\/www.claudia-klinger.de\/digidiary\/wp-json\/wp\/v2\/tags?post=1460"}],"curies":[{"name":"wp","href":"https:\/\/api.w.org\/{rel}","templated":true}]}}