{"id":1434,"date":"2014-04-22T12:01:42","date_gmt":"2014-04-22T11:01:42","guid":{"rendered":"http:\/\/www.claudia-klinger.de\/digidiary\/?p=1434"},"modified":"2014-05-03T11:20:48","modified_gmt":"2014-05-03T10:20:48","slug":"im-clash-der-subkulturen-fuer-den-frieden","status":"publish","type":"post","link":"https:\/\/www.claudia-klinger.de\/digidiary\/2014\/04\/22\/im-clash-der-subkulturen-fuer-den-frieden\/","title":{"rendered":"Im  Clash der Subkulturen f\u00fcr den Frieden"},"content":{"rendered":"<p>Irgendwie war abzusehen, dass das kommen musste: Sobald tats\u00e4chlich mal wieder &#8222;auf die Stra\u00dfe gegangen&#8220; wird, trifft man sich da halt auch! Ganz ohne die M\u00f6glichkeit, die Anderen einfach wegzuklicken, wenn sie Stuss reden, falsch denken, nichts begreifen, weiter schlafen oder zweifelhaften Rednern lauschen. Ohne sch\u00fctzende Filterblasen begegnen sich bei den &#8222;Montagsdemos&#8220; Menschen mit h\u00f6chst unterschiedlichen Weltsichten, vorsichtig gesagt. Menschen, die sich weder in der Analyse, noch im Weg, noch in den Zielen einig sind, demonstrieren gemeinsam f\u00fcr den Frieden.<br \/>\n<!--more--><br \/>\nBesorgt angesichts dessen, was sich rund um die Ukraine-Krise zusammen braut, und ver\u00e4rgert \u00fcber die zun\u00e4chst tats\u00e4chlich ziemlich &#8222;gleichgeschaltet&#8220; wirkende Berichterstattung hatte ich mir eine neue Friedensbewegung heftig gew\u00fcnscht. Jetzt gibt es sie, allerdings anders, als man sich das so vorgestellt hat. <em>(&#8222;Man&#8220; und nicht &#8222;ich&#8220;, denn ich hatte mir dazu noch gar nichts vorgestellt).<\/em><br \/>\nDass das Spektrum der Akteure von linksaussen bis rechtsaussen reicht, multipliziert mit den vielen, die sich in solche &#8222;Schubladen&#8220; nicht mehr einsortieren lassen wollen, macht die Sache nicht eben einfach. <\/p>\n<p>Den Ostermontag hab&#8216; ich damit zugebracht, verschiedene Diskussionen, Stellungnahmen und Artikel zur &#8222;neuen Friedensbewegung&#8220; zu lesen, die ich hier einfach mal aufliste. Meine Meinungsbildung zu alledem ist bei weitem nicht abgeschlossen, sondern derzeit erst im Werden. Dass es <a href=\"https:\/\/www.youtube.com\/watch?v=79-Tp2Bym30\">keine &#8222;Schubladen&#8220; mehr<\/a> geben soll, sehe ich allerdings kritisch und hab&#8216; <a href=\"https:\/\/plus.google.com\/u\/0\/115023284387629053061\/posts\/ewbkYazz9Wi\">dagegen angeredet<\/a>.<\/p>\n<p>Alsdenn: <\/p>\n<ul>\n<li><a href=\"https:\/\/www.freitag.de\/autoren\/andreas-hallaschka\/friedensdemo-sorgt-fuer-unfrieden-1\">Friedensdemo sorgt f\u00fcr Unfrieden &#8211; Andreas Hallaschka \/ FREITAG<\/a><\/li>\n<li><a href=\"http:\/\/www.ceiberweiber.at\/index.php?type=review&#038;area=1&#038;p=articles&#038;id=2963\">Wie Proteste gegen Kriegshetze verleumdet werden &#8211; Ceiberweiber<\/a><\/li>\n<li><a href=\"https:\/\/www.freitag.de\/autoren\/maennlicherlinker\/showdown-der-friedensfreunde\">Showdown der Friedensfreunde &#8211; Richard Zietz \/ FREITAG<\/a><\/li>\n<li><a href=\"http:\/\/www.ruhrbarone.de\/dortmund-querfrontler-uebernehmen-montagsdemo\/77172\">(Update) Dortmunder Nazis freuen sich \u00fcber Anonymous-Demo &#8211; Ruhrbarone<\/a><\/li>\n<li>Das scheint jedoch nicht wirklich Anonymous zu sein: <a href=\"http:\/\/paste.pwny.biz\/It9obU5RaFvmKts\">Die Seite &#8222;Anonymous.Kollektiv&#8220; bzw. &#8222;Anonymous&#8220; von Mario R\u00f6nsch hat nichts mit Anonymous zu tun. <\/a><\/li>\n<li><a href=\"https:\/\/www.youtube.com\/watch?v=AsPNPgaiEN0\">Meinung zu Montagsdemos: &#8222;Wir sind nicht rechts&#8220; (Video)<\/a><\/li>\n<li><a href=\"http:\/\/t.co\/RdW63FCIab\">Friedensbewegung 2.0: Lasst uns auf die Stra\u00dfe gehen \u2013 aber nicht dort! Piratenpartei Deutschland<\/a><\/li>\n<li><a href=\"http:\/\/weckerswelt.blog.de\/2014\/04\/17\/liebe-freundinnen-freunde-18267462\/\">Liebe Freundinnen und Freunde!<\/a> Konstantin Wecker zur Lage und zu den Montagsdemos<\/li>\n<\/ul>\n<p>Zu den &#8211; f\u00fcr Neulinge oft gew\u00f6hnungsbed\u00fcrftigen &#8211;  Inhalten der Proteste hat Michael Freitag einen verdienstvollen Vierteiler verfasst, der auf die einzelnen Themen der neuen Bewegung eingeht. Gut geeignet f\u00fcr die schnelle, aber dennoch nicht nur oberfl\u00e4chliche Orientierung:<\/p>\n<ul>\n<li><a href=\"http:\/\/www.l-iz.de\/Politik\/Engagement\/2014\/04\/Montagsdemo-Ein-angeblich-menschliches-Geldsystem-und-der-Zins-54888.html\">Montagsdemo unter der Lupe (1): Ein angeblich menschliches Geldsystem und der Zins \u2013 Leipziger Internet Zeitung<\/a><\/li>\n<li><a href=\"http:\/\/www.l-iz.de\/Politik\/Engagement\/2014\/04\/Montagsdemo-unter-der-Lupe-2-Freigeld-Vertrauen-Unstimmigkeiten-54889.html\">Montagsdemo unter der Lupe (2): Freigeld, Vertrauen und Unstimmigkeiten<\/a><\/li>\n<li><a href=\"http:\/\/www.l-iz.de\/Politik\/Engagement\/2014\/04\/Montagsdemo-unter-der-Lupe-3-Antiamerikanismus-Frieden-Antisemitismus-54897.html\">Montagsdemo unter der Lupe (3): Antiamerikanismus, Frieden und der Antisemitismusvorwurf<\/a><\/li>\n<li><a href=\"http:\/\/www.l-iz.de\/Politik\/Engagement\/2014\/04\/Montagsdemo-unter-der-Lupe-4-Gegen-die-Fed-fuer-eine-freie-Welt.html\">Montagsdemo unter der Lupe (4): Gegen die Fed, f\u00fcr eine freie Welt?<\/a><\/li>\n<\/ul>\n<p>Mein eigener Einstieg ins Thema geschah \u00fcber eine Diskussion auf Google+, die wiederum Stefan M\u00fcnz angesto\u00dfen hatte. Auch er sucht nach Orientierung inmitten des Info-Ozeans unterschiedlichster Interessen und <a href=\"https:\/\/plus.google.com\/u\/0\/+StefanM%C3%BCnzSELF\/posts\/1jU4U8gUeNf\">fragte nach der Bewertung des &#8222;alternativen&#8220; Newsportals &#8222;News23&#8220;<\/a>. <em>&#8222;Sicher wieder so ein rechter Kanal&#8220; <\/em>ist eine g\u00e4ngige Schnell-Bewertung, doch Stefan wollte wissen, worin sich konkret das &#8222;rechte Denken&#8220; zeigt. Eine gute Frage, die auch die &#8222;neue Friedensbewegung&#8220; wird beantworten m\u00fcssen, will sie nicht als von NPDlern mitgetragene &#8222;Querfront&#8220; und <a href=\"http:\/\/www.berliner-zeitung.de\/politik\/montagsdemos-voelkische-friedensbewegung,10808018,26872180.html\">&#8222;v\u00f6lkische Friedensbewegung&#8220;<\/a> im braunen Sumpf ersticken. <\/p>","protected":false},"excerpt":{"rendered":"<p>Irgendwie war abzusehen, dass das kommen musste: Sobald tats\u00e4chlich mal wieder &#8222;auf die Stra\u00dfe gegangen&#8220; wird, trifft man sich da halt auch! Ganz ohne die M\u00f6glichkeit, die Anderen einfach wegzuklicken, wenn sie Stuss reden, falsch denken, nichts begreifen, weiter schlafen oder zweifelhaften Rednern lauschen. Ohne sch\u00fctzende Filterblasen begegnen sich bei den &#8222;Montagsdemos&#8220; Menschen mit h\u00f6chst [&hellip;]<\/p>\n","protected":false},"author":1,"featured_media":0,"comment_status":"open","ping_status":"open","sticky":false,"template":"","format":"standard","meta":[],"categories":[8],"tags":[],"post_mailing_queue_ids":[],"_links":{"self":[{"href":"https:\/\/www.claudia-klinger.de\/digidiary\/wp-json\/wp\/v2\/posts\/1434"}],"collection":[{"href":"https:\/\/www.claudia-klinger.de\/digidiary\/wp-json\/wp\/v2\/posts"}],"about":[{"href":"https:\/\/www.claudia-klinger.de\/digidiary\/wp-json\/wp\/v2\/types\/post"}],"author":[{"embeddable":true,"href":"https:\/\/www.claudia-klinger.de\/digidiary\/wp-json\/wp\/v2\/users\/1"}],"replies":[{"embeddable":true,"href":"https:\/\/www.claudia-klinger.de\/digidiary\/wp-json\/wp\/v2\/comments?post=1434"}],"version-history":[{"count":0,"href":"https:\/\/www.claudia-klinger.de\/digidiary\/wp-json\/wp\/v2\/posts\/1434\/revisions"}],"wp:attachment":[{"href":"https:\/\/www.claudia-klinger.de\/digidiary\/wp-json\/wp\/v2\/media?parent=1434"}],"wp:term":[{"taxonomy":"category","embeddable":true,"href":"https:\/\/www.claudia-klinger.de\/digidiary\/wp-json\/wp\/v2\/categories?post=1434"},{"taxonomy":"post_tag","embeddable":true,"href":"https:\/\/www.claudia-klinger.de\/digidiary\/wp-json\/wp\/v2\/tags?post=1434"}],"curies":[{"name":"wp","href":"https:\/\/api.w.org\/{rel}","templated":true}]}}