{"id":1429,"date":"2014-04-14T13:06:08","date_gmt":"2014-04-14T12:06:08","guid":{"rendered":"http:\/\/www.claudia-klinger.de\/digidiary\/?p=1429"},"modified":"2014-04-22T12:36:12","modified_gmt":"2014-04-22T11:36:12","slug":"vom-verschwinden-der-friedlichkeit","status":"publish","type":"post","link":"https:\/\/www.claudia-klinger.de\/digidiary\/2014\/04\/14\/vom-verschwinden-der-friedlichkeit\/","title":{"rendered":"Vom Verschwinden der Friedlichkeit"},"content":{"rendered":"<p>Nein, ich will nichts \u00fcber die brisante Zuspitzung in der Ukraine schreiben, nicht \u00fcber <a href=\"http:\/\/propagandaschau.wordpress.com\/2014\/04\/14\/propaganda-und-kriegshetze-im-wdr\/\"> die einseitige Berichterstattung l\u00e4stern<\/a> und auch nicht dar\u00fcber, dass trotz der eskalierenden Lage auf Twitter #Tatort, #jauch und #dsds trenden. Offenbar gelingt es vielen, von allem, was droht und \u00e4ngstigt, einfach abzusehen. Z.B. auch davon, dass unsere Daten nirgendwo mehr sicher sind: <a href=\"http:\/\/www.heise.de\/newsticker\/meldung\/Umfrage-Deutsche-Internetnutzer-nach-NSA-Spaehaffaere-nicht-vorsichtiger-2169169.html\">75% geben an<\/a>, nichts am eigenen Verhalten ge\u00e4ndert zu haben. Andere &#8222;Aufreger&#8220; muss man k\u00fcnftig nicht mal mehr selber ignorieren: Dass wir bald keine <a href=\"http:\/\/www.unverbissen-vegetarisch.de\/chronik-der-fleischskandale\/\">Fleischskandale<\/a> mehr haben werden, weil die <a href=\"http:\/\/www.foodwatch.org\/de\/informieren\/informationsgesetz\/aktuelle-nachrichten\/eu-kommission-plant-maulkorb-fuer-kontrollbehoerden\/\">EU eine Geheimhaltungspflicht f\u00fcr die Kontrollbeh\u00f6ren<\/a> einf\u00fchren will, wird uns vor einer Menge unsch\u00f6ner Nachrichten sch\u00fctzen. Und <a href=\"http:\/\/www.sueddeutsche.de\/politik\/schaerfere-regeln-fuer-nacktfotos-hysterie-schuetzt-kinder-nicht-1.1936806\">&#8222;blo\u00dfstellende Bilder&#8220; werden jetzt auch endlich verboten<\/a>. Niemand soll behaupten, die Politik unternehme nichts f\u00fcr unseren inneren Frieden, wenn der \u00e4u\u00dfere schon den Bach runter geht! Selber schuld, wenn man noch <a href=\"http:\/\/www.spiegel.de\/wissenschaft\/natur\/ipcc-wg3-neuer-klima-bericht-fordert-umbau-des-energiesystems-a-964104.html\">Artikel zum Klima-Bericht<\/a> liest, oder gar die Kommentare darunter! Oder sich von <a href=\"http:\/\/www.spiegel.de\/panorama\/leute\/andre-blattmann-schweizer-armeechef-hortet-mineralwasser-a-964167.html\">der Aufforderung des Schweizer Armee-Chefs<\/a> beunruhigen l\u00e4sst, der das Anlegen von Notvorr\u00e4ten empfiehlt: auf Cyber-Angriffe sei ja niemand wirklich vorbereitet.<br \/>\n<!--more--><br \/>\nEigentlich will ich mich grade innerlich sammeln und beruhigen, indem ich blogge. Mich auf etwas Bestimmtes konzentrieren, das aus der Masse der Nachrichten und Verlautbarungen des Tages heraus ragt oder \u00fcber etwas schreiben, das mich davon ablenkt &#8211; wie etwa die <a href=\"http:\/\/www.das-wilde-gartenblog.de\/2014\/04\/08\/samen-vorziehen-2014\/\">Tomaten-Anzucht<\/a> auf meiner Fensterbank. Aber heute will mir das partout nicht gelingen, \u00fcberall nehme ich exorbitante Steigerungen der Feindseligkeiten war. Bei den Piraten, einstmals Hoffnungstr\u00e4ger im politischen System, <a href=\"http:\/\/www.gefiont.de\/2014\/04\/genug-ist-genug.html\">ergie\u00dfen sich Hasswellen<\/a> \u00fcber den noch nicht zur\u00fcck getretenen &#8222;Restvorstand&#8220;, der <a href=\"http:\/\/www.niqui.de\/so-nicht-mehr\/\">beschimpft, angegriffen, beleidigt, verklagt und angezeigt<\/a> wird. <a href=\"http:\/\/gottundco.wordpress.com\/2014\/04\/11\/die-kirche-und-ihre-trolle\/\">Fundamentalistische Trolle<\/a> sorgen mit  \u00f6ffentlichen Aufrufen daf\u00fcr, dass auch in der normalerweise friedenspolitisch engagierten evangelischen Kirche wieder interne Glaubenskriege ausbrechen. Der <a href=\"http:\/\/www.glamour.de\/stars\/star-news\/jasmin-schwiers-ueber-hass-im-netz-sind-wir-wirklich-groesser-indem-wir-andere-klein-machen\">Hass im Internet<\/a> wird <a href=\"http:\/\/hinterwaldwelt.blogspot.de\/2014\/04\/und-heute-schon-uber-was-aufgeregt.html\">immer \u00f6fter Thema<\/a>, einschlie\u00dflich der absurden <a href=\"http:\/\/jetzt.sueddeutsche.de\/texte\/anzeigen\/586148\/Die-Liebe-zum-Hass\">&#8222;Liebe zum Hass&#8220;<\/a>. Es ist aber nicht &#8222;das Netz&#8220;, auch drau\u00dfen im richtigen Leben geht die Post ab. In ganz Europa werden <a href=\"http:\/\/www.spiegel.de\/politik\/ausland\/amnesty-international-bericht-zur-lage-der-roma-in-europa-a-963001.html\">die Roma verfolgt und schikaniert<\/a>, man sucht wieder S\u00fcndenb\u00f6cke und ist dabei nicht zimperlich. Je mehr &#8222;soziale Schieflage&#8220; der Finanzkapitalimus den Bev\u00f6lkerungen zumutet, desto gr\u00f6\u00dfer wird der Bedarf, Schw\u00e4chere auszugrenzen, um sich so noch &#8222;als was Besseres&#8220; f\u00fchlen zu k\u00f6nnen. Rechte Parteien sind \u00fcberall auf dem Vormarsch, <a href=\"http:\/\/orf.at\/stories\/2226075\/\">Israel konfisziert<\/a> und bebaut weitere Fl\u00e4chen im Westjordanland, in Syrien <a href=\"http:\/\/www.zeit.de\/politik\/ausland\/2014-04\/syrien-giftgas\">geht der Giftgas-Krieg weiter<\/a>, tausende afrikanische Kriegs-Fl\u00fcchtlinge aus Eritrea und Somalia <a href=\"http:\/\/www.20min.ch\/ausland\/news\/story\/13570722\">stranden nun in Agrigent<\/a> statt Lampedusa. Wo man hinschaut, breitet sich MEHR Chaos aus &#8211; was ist nur los mit der Welt?<\/p>\n<p><a href=\"http:\/\/die.hor.de\/\">Auf Hor.de steht heute:<\/a><\/p>\n<p><em><br \/>\nOptimierung komplexer Systeme<br \/>\nVer\u00e4nderung von Gleichungen<br \/>\n\u00d6konomie der Knoten in den S\u00e4tzen<br \/>\naber du, wie du die Massakermaschine<br \/>\nausschaltest, mein Text.<\/em><\/p>\n<p>Schade, dass mein Text das heute nicht kann. Leider auch an keinem andern Tag. <\/p>\n<p>***<\/p>\n<p>Update, 18.54: Doch noch was Positives, ausgerechnet <a href=\"http:\/\/ballerstaedt.wordpress.com\/2014\/04\/08\/lpt-und-die-debattenkultur\/\">bei den Piraten<\/a>: sie haben sich offenbar mal nicht gestritten, sogar zusammengearbeitet&#8230; <\/p>","protected":false},"excerpt":{"rendered":"<p>Nein, ich will nichts \u00fcber die brisante Zuspitzung in der Ukraine schreiben, nicht \u00fcber die einseitige Berichterstattung l\u00e4stern und auch nicht dar\u00fcber, dass trotz der eskalierenden Lage auf Twitter #Tatort, #jauch und #dsds trenden. Offenbar gelingt es vielen, von allem, was droht und \u00e4ngstigt, einfach abzusehen. Z.B. auch davon, dass unsere Daten nirgendwo mehr sicher [&hellip;]<\/p>\n","protected":false},"author":1,"featured_media":0,"comment_status":"open","ping_status":"open","sticky":false,"template":"","format":"standard","meta":[],"categories":[8],"tags":[],"post_mailing_queue_ids":[],"_links":{"self":[{"href":"https:\/\/www.claudia-klinger.de\/digidiary\/wp-json\/wp\/v2\/posts\/1429"}],"collection":[{"href":"https:\/\/www.claudia-klinger.de\/digidiary\/wp-json\/wp\/v2\/posts"}],"about":[{"href":"https:\/\/www.claudia-klinger.de\/digidiary\/wp-json\/wp\/v2\/types\/post"}],"author":[{"embeddable":true,"href":"https:\/\/www.claudia-klinger.de\/digidiary\/wp-json\/wp\/v2\/users\/1"}],"replies":[{"embeddable":true,"href":"https:\/\/www.claudia-klinger.de\/digidiary\/wp-json\/wp\/v2\/comments?post=1429"}],"version-history":[{"count":0,"href":"https:\/\/www.claudia-klinger.de\/digidiary\/wp-json\/wp\/v2\/posts\/1429\/revisions"}],"wp:attachment":[{"href":"https:\/\/www.claudia-klinger.de\/digidiary\/wp-json\/wp\/v2\/media?parent=1429"}],"wp:term":[{"taxonomy":"category","embeddable":true,"href":"https:\/\/www.claudia-klinger.de\/digidiary\/wp-json\/wp\/v2\/categories?post=1429"},{"taxonomy":"post_tag","embeddable":true,"href":"https:\/\/www.claudia-klinger.de\/digidiary\/wp-json\/wp\/v2\/tags?post=1429"}],"curies":[{"name":"wp","href":"https:\/\/api.w.org\/{rel}","templated":true}]}}