{"id":1390,"date":"2014-03-14T14:50:40","date_gmt":"2014-03-14T13:50:40","guid":{"rendered":"http:\/\/www.claudia-klinger.de\/digidiary\/?p=1390"},"modified":"2014-03-15T13:30:09","modified_gmt":"2014-03-15T12:30:09","slug":"angst-krim-krieg-gruene","status":"publish","type":"post","link":"https:\/\/www.claudia-klinger.de\/digidiary\/2014\/03\/14\/angst-krim-krieg-gruene\/","title":{"rendered":"Angst: Krim, Krieg, Gr\u00fcne"},"content":{"rendered":"<p>W\u00e4hrend die Top-Nachrichten der letzten Tage vor allem dem Prozess von Uli Hoene\u00df galten, spitzt sich das Desaster um die Ukraine immer weiter zu. Im Minutentakt kann man per &#8222;Ticker&#8220; verst\u00f6rende News lesen, etwa <a href=\"http:\/\/www.focus.de\/politik\/ausland\/krim-krise-im-news-ticker-washington-prueft-militaer-unterstuetzung-fuer-ukraine_id_3687202.html\">beim Focus<\/a>: <\/p>\n<p>+++ Russland feuert auf Aufkl\u00e4rungsflugzeug +++<br \/>\n+++ Ukraine: \u201eRussland ist bereit zum Einmarsch&#8220; +++<br \/>\n+++ Ukraine gr\u00fcndet freiwillige Nationalgarde +++<br \/>\n+++ Putin stationiert Kampfflugzeuge in Wei\u00dfrussland +++<br \/>\n+++ Merkel: Putin hat die Krim \u201egeraubt&#8220; +++<br \/>\n+++ EU-Parlament verurteilt die \u201eAggression Russlands&#8220;+++<\/p>\n<p>Was da abgeht, macht mir zunehmend Angst. Seit Wochen sehe ich mit einigem Entsetzen, wie fast alle unsere Politiker und Parteien gemeinsam <a href=\"http:\/\/www.02elf.net\/panorama\/ukraine-krise-und-krise-der-deutschen-medien-406438\">mit der Mainstream-Presse<\/a> den Konfrontationskurs gegen Russland voran treiben. Ganz so, als h\u00e4tten wir nichts zu bef\u00fcrchten und sowieso alles Recht auf &#8222;unserer&#8220; Seite. Dass sogar <a href=\"http:\/\/www.gruene.de\/presse\/eu-muss-diplomatischen-druck-auf-russland-weiter-erhoehen.html\">die GR\u00dcNEN im Bund der Kriegstreiber mitmachen<\/a>, anstatt sich um Deeskalation zu bem\u00fchen, macht mich fassungslos! Eigentlich hatte ich vor, sie bei der Europa-Wahl wieder zu w\u00e4hlen, doch jetzt sieht es so aus, als bliebe mir nurmehr <a href=\"http:\/\/www.gregorgysi.de\/nachrichten\/einzelansicht\/zurueck\/aktuell-2c20aedd84\/artikel\/die-ukraine-hat-eine-zukunft-nur-mit-der-eu-und-mit-nicht-gegen-russland\/\">die LINKE<\/a>, die sich als einzige Partei der gef\u00e4hrlichen Spirale aus Drohungen, Sanktionen und dem Z\u00fcndeln mit milit\u00e4rischen Optionen <a href=\"http:\/\/www.neues-deutschland.de\/artikel\/926937.html\">verweigert.<\/a><br \/>\n<!--more--><br \/>\nDass nur eine Minderheit den Eskalationskurs mittr\u00e4gt, ficht &#8222;die da oben&#8220; wie so oft nicht weiter an: Im Konflikt um die Krim bef\u00fcrworten <a href=\"http:\/\/www.zdf.de\/Politbarometer\/prozess-gegen-uli-hoeness-mehrheit-findet-gefaengnisstrafe-richtig-32342750,2942200.html\">laut aktuellem ZDF-Politbarometer<\/a> nur 26 Prozent der Deutschen die von der EU angek\u00fcndigten Wirtschafts-Sanktionen gegen Russland. Dagegen sind 44 Prozent daf\u00fcr, dass die Europ\u00e4ische Union ausschlie\u00dflich mit diplomatischen Mitteln auf Russland einwirkt. Nur drei Prozent sprechen sich f\u00fcr eine milit\u00e4rische Unterst\u00fctzung der Ukraine aus.<\/p>\n<p>Und was machen die GR\u00dcNEN? Anstatt zu versuchen, aus diesem gro\u00dfen Potenzial zusammen mit der Linken und au\u00dferparlamentarischen Gruppen eine neue <a href=\"http:\/\/www.nachdenkseiten.de\/?p=21077\">Friedensbewegung<\/a> anzusto\u00dfen, wollten sie allen Ernstes Gerhard Schr\u00f6der <a href=\"http:\/\/www.spiegel.de\/politik\/ausland\/krim-eu-parlamentarier-wollen-gerhard-schroeder-maulkorb-verpassen-a-958405.html\">per Europa-Parlament einen Maulkorb verpassen<\/a>. Der hatte nur gesagt, was auch <a href=\"http:\/\/www.t-online.de\/nachrichten\/specials\/id_68491508\/altkanzler-zur-krim-krise-helmut-kohl-fordert-mittelweg-fuer-die-ukraine.html\">Helmut Kohl gestern<\/a> verlautbarte: dass man die russischen Interessen ernst nehmen und die Zukunft am Verhandlungstisch gestalten soll, nicht mittels brachialem Vorgehen und ignorantem, blo\u00df feindseligem Umgang mit Putin. Schr\u00f6der hatte auch darauf hingewiesen, dass &#8222;wir&#8220; im Jugoslawienkonflikt ja ebenfalls &#8222;das V\u00f6lkerrecht gebrochen&#8220; h\u00e4tten, man sich mit dem erhobenen Zeigefinger also zur\u00fcck halten solle.<\/p>\n<p>Schwerer noch als dieser &#8222;S\u00fcndenfall&#8220; wiegt f\u00fcr mich der Bruch des Versprechens, das Gorbatschow f\u00fcr sein Ja zur deutschen Wiedervereinigung verlangt und auch zugesichert bekam: dass die Nato sich NICHT weiter nach Osten ausbreiten werde, Russland also nicht in die jetzt nahezu vollst\u00e4ndige &#8222;Umzingelungssituation&#8220; (siehe <a href=\"http:\/\/qpress.de\/2014\/03\/13\/russland-krieg-friedenshetzer-bemuehen-sich-um-ausgleich\/\">Grafik in diesem Artikel<\/a>) kommen solle. Mit dem &#8222;gemeinsamen Haus Europa&#8220; und einer ordentlichen Perspektive f\u00fcr Russland ist es auch nichts geworden  &#8211; wie kann man das nur alles ignorieren und mal eben auch noch die Ukraine in die EU, wom\u00f6glich auch die Nato aufnehmen wollen?<\/p>\n<p>Auf der Krim sind die Russen seit 200 Jahren, die Bev\u00f6lkerung ist mehrheitlich russisch &#8211; ja verdammt, warum l\u00e4sst man sie nicht einfach ziehen? Zu einer so brisanten Lage wie jetzt w\u00e4re es vermutlich gar nicht erst gekommen, h\u00e4tte man rechtzeitig mit Russland &#8222;auf gleicher Augenh\u00f6he&#8220; verhandelt, um eine f\u00fcr alle Seiten akzeptable L\u00f6sung zu finden. <\/p>\n<p>Antje Vollmer sagt in einem <a href=\"http:\/\/www.berliner-zeitung.de\/politik\/antje-vollmer--auch-die-gruenen-scheinen-mir-sehr-geschichtsvergessen-,10808018,26548482.html\">lesenswerten Interview<\/a> \u00fcber das Verhalten der GR\u00dcNEN im UKRAINE-Konflikt: <\/p>\n<blockquote><p>&#8222;Mir scheinen, das sage ich mit gro\u00dfer Trauer, auch die Gr\u00fcnen sehr geschichtsvergessen. Sie agieren, als kennten sie kein Heute und Morgen, sondern nur den starken Moment der euphorischen Gesinnung. Das ist politischer Narzissmus, aber keine L\u00f6sung des realen Konflikts.&#8220;<\/p>\n<p>Was wird denn vergessen?<\/p>\n<p>&#8222;Derzeit wird an den Ersten Weltkrieg erinnert. Der ist auch deswegen ausgebrochen, weil Politiker sich leichtfertig in eine Fehleinsch\u00e4tzung der Lage hineingesteigert hatten. Von diesem Baum sind sie dann nicht wieder heruntergekommen. Die Gr\u00fcnen \u00e4hneln jetzt der SPD 1914. Im Augenblick ist es wichtig, die Politiker auf beiden Seiten des gerade wieder entstehenden Eisernen Vorhangs von diesen B\u00e4umen der Hysterie wieder herunterzukriegen.&#8220;<\/p><\/blockquote>\n<p>Wer aber soll bzw. kann das tun, wenn sogar die GR\u00dcNEN voll auf den Eskalationskurs setzen? <\/p>\n<p>***<\/p>\n<p>Siehe auch:<\/p>\n<ul>\n<li><a href=\"http:\/\/www.taz.de\/Schlagloch-Russland-Berichterstattung\/!134627\/\">Schlagloch Russland-Berichterstattung: Im Zweifel f\u00fcr Zwischent\u00f6ne<\/a> &#8211; Die Darstellungen der Krim-Krise zeigen, dass glatte Geschichten von Gut und B\u00f6se fehlgehen. Putins Politik als illegitim darzustellen, ist falsch (Taz.de)\n<\/li>\n<li><a href=\"http:\/\/www.handelsblatt.com\/meinung\/kommentare\/krim-krise-entpoert-euch\/9616684.html\">Entp\u00f6rt Euch! Ein Pl\u00e4doyer f\u00fcr die R\u00fcckkehr zur Realpolitik.<\/a>  (Handelsblatt)<\/li>\n<li><a href=\"http:\/\/www.sueddeutsche.de\/politik\/krise-in-der-ukraine-lasst-die-krim-abstimmen-aber-richtig-1.1911221\">Lasst die Krim abstimmen &#8211; aber richtig<\/a> (S\u00fcddeutsche)<\/li>\n<li><a href=\"http:\/\/www.spiegel.de\/spam\/satire-spiegel-online-ulrike-riep-3-weltkrieg-a-958399.html\">3.Weltkrieg? Mir egal!<\/a><\/li>\n<\/ul>","protected":false},"excerpt":{"rendered":"<p>W\u00e4hrend die Top-Nachrichten der letzten Tage vor allem dem Prozess von Uli Hoene\u00df galten, spitzt sich das Desaster um die Ukraine immer weiter zu. Im Minutentakt kann man per &#8222;Ticker&#8220; verst\u00f6rende News lesen, etwa beim Focus: +++ Russland feuert auf Aufkl\u00e4rungsflugzeug +++ +++ Ukraine: \u201eRussland ist bereit zum Einmarsch&#8220; +++ +++ Ukraine gr\u00fcndet freiwillige Nationalgarde [&hellip;]<\/p>\n","protected":false},"author":1,"featured_media":0,"comment_status":"open","ping_status":"open","sticky":false,"template":"","format":"standard","meta":[],"categories":[8],"tags":[],"post_mailing_queue_ids":[],"_links":{"self":[{"href":"https:\/\/www.claudia-klinger.de\/digidiary\/wp-json\/wp\/v2\/posts\/1390"}],"collection":[{"href":"https:\/\/www.claudia-klinger.de\/digidiary\/wp-json\/wp\/v2\/posts"}],"about":[{"href":"https:\/\/www.claudia-klinger.de\/digidiary\/wp-json\/wp\/v2\/types\/post"}],"author":[{"embeddable":true,"href":"https:\/\/www.claudia-klinger.de\/digidiary\/wp-json\/wp\/v2\/users\/1"}],"replies":[{"embeddable":true,"href":"https:\/\/www.claudia-klinger.de\/digidiary\/wp-json\/wp\/v2\/comments?post=1390"}],"version-history":[{"count":0,"href":"https:\/\/www.claudia-klinger.de\/digidiary\/wp-json\/wp\/v2\/posts\/1390\/revisions"}],"wp:attachment":[{"href":"https:\/\/www.claudia-klinger.de\/digidiary\/wp-json\/wp\/v2\/media?parent=1390"}],"wp:term":[{"taxonomy":"category","embeddable":true,"href":"https:\/\/www.claudia-klinger.de\/digidiary\/wp-json\/wp\/v2\/categories?post=1390"},{"taxonomy":"post_tag","embeddable":true,"href":"https:\/\/www.claudia-klinger.de\/digidiary\/wp-json\/wp\/v2\/tags?post=1390"}],"curies":[{"name":"wp","href":"https:\/\/api.w.org\/{rel}","templated":true}]}}