{"id":1362,"date":"2014-02-17T00:41:01","date_gmt":"2014-02-16T23:41:01","guid":{"rendered":"http:\/\/www.claudia-klinger.de\/digidiary\/?p=1362"},"modified":"2015-12-12T15:30:42","modified_gmt":"2015-12-12T14:30:42","slug":"erneuerungsdruck-und-vergangenheitsbewaeltigung-in-einem-15-jahre-alten-blog","status":"publish","type":"post","link":"https:\/\/www.claudia-klinger.de\/digidiary\/2014\/02\/17\/erneuerungsdruck-und-vergangenheitsbewaeltigung-in-einem-15-jahre-alten-blog\/","title":{"rendered":"Erneuerungsdruck und Vergangenheitsbew\u00e4ltigung in einem 15 Jahre alten Blog"},"content":{"rendered":"<p>Ein paar Mitlesende wissen, dass ich seit l\u00e4ngerem vorhabe, das Digital Diary endlich zu modernisieren. Unter der Haube ist alles up to date, doch was die Optik und die Strukturen angeht scheitere ich bisher an zu unklaren W\u00fcnschen bzw. daran, zuviel gleichzeitig zu wollen. <\/p>\n<p>Dieses Blog ist immerhin nicht irgend eines meiner Webprojekte, die \u00fcber die Jahre kommen und gehen, sondern das Zentrum meines pers\u00f6nlichen Schreibens, der bleibende &#8222;ruhige Ort&#8220; im Auge des Orkans, den ich um mich herum in den Weiten des Netzes und der Welt wahrnehme. Deshalb hab&#8216; ich mich hier nie um die wechselnden Moden im Webdesign gek\u00fcmmert, sondern im Gegenteil wert darauf gelegt, dass es &#8222;immer gleich&#8220; aussah, wenn auch die Technik sich \u00e4nderte: von den einstigen &#8222;Rahmen&#8220; (Frames) \u00fcber SSI (Server Side Includes) hin zum f\u00fchrenden Blogscript WordPress, das ich erst ab 2006 benutze.<br \/>\n<!--more--><br \/>\nSeitdem aber wegen der vielen Tablets und Smartphones wieder Ver\u00e4nderungsbedarf besteht, wuchs meine Bereitschaft, das mittlerweile doch recht altert\u00fcmliche Erscheinungsbild zu ver\u00e4ndern. Ich schaute mir hunderte &#8222;Themes&#8220; an, um mich inspirieren zu lassen, doch merke ich, dass ich mich nicht mit einem &#8222;Sprung ins ganz Andere&#8220; anfreunden mag. Es wird also <em>im Prinzip gleich<\/em> bleiben, nur gr\u00f6\u00dfer, im Detail moderner, zug\u00e4nglicher &#8211; naja, so ungef\u00e4hr halt. :-)<\/p>\n<p>Solange ich da nicht wirklich zu Taten schreite, sondern mich in Vor\u00fcberlegungen verzettele, mache ich mich wenigstens an eine langweilige &#8222;Ordnungsarbeit&#8220;: ans Umsetzen vieler uralter Blogpostings, die noch in alten Technik-Formaten rumd\u00fcmpeln. Keine kreative Arbeit, sondern stumpfes kopieren, neuen Artikel erstellen, altes Datum eintragen, eine Kategorie w\u00e4hlen, auch mal ein Stichwort vergeben &#8211; seufz&#8230;.<\/p>\n<p>Mittlerweile bin ich bis Mitte 2003 r\u00fcckw\u00e4rts voran gekommen. Wer mal <a href=\"https:\/\/www.claudia-klinger.de\/digidiary\/digital-diary-gesamtinhalt-1999-bis-heute\/\">auf die Gesamt\u00fcbersicht schaut<\/a>, sieht, dass noch recht viel zu tun ist bis alles inkl. 1999 in der aktuellen Blogstruktur angekommen ist. <\/p>\n<h2>Der Blick zur\u00fcck &#8211; demn\u00e4chst als Plugin?<\/h2>\n<p>Zwangsl\u00e4ufig ist mit dieser Arbeit immer auch ein Blick in die Vergangenheit verbunden. 2003 &#8211; das heute bearbeitete Jahr &#8211; war das Jahr <a href=\"https:\/\/www.claudia-klinger.de\/digidiary\/2003\/01\/30\/umzug-geschafft-vom-wohnen-und-gestalten\/\">meines letzten Umzugs<\/a>, das erste Jahr in meiner jetzigen Wohnung <a href=\"https:\/\/www.claudia-klinger.de\/digidiary\/2003\/03\/14\/am-rudolfplatz-ein-blitzlicht\/\">am Rudolfplatz<\/a>. Etliche Artikel handeln von meiner Freude, <a href=\"https:\/\/www.claudia-klinger.de\/digidiary\/2003\/04\/03\/allein-sein\/\">endlich alleine zu wohnen<\/a>, womit ich auch heute noch sehr zufrieden bin. Aber dass das nun schon ELF JAHRE her ist!!! Unglaublich, es kommt mir viel k\u00fcrzer vor&#8230; <\/p>\n<p>Alte Artikel lese ich nur bei solchen Gelegenheiten, wenns mal wirklich sein muss. Irgendwie empfinde ich eine Scheu, mein j\u00fcngeres Ich zu lesen &#8211; obwohl ich noch nichts angetroffen habe, was mir aus heutiger Sicht &#8222;voll daneben&#8220; vorkommt. Dem Gef\u00fchl muss ich noch mal ein bisschen nachsp\u00fcren, um es in Worte fassen zu k\u00f6nnen. <\/p>\n<p>Als neues Feature w\u00fcnsch&#8216; ich mir jedenfalls ein Plugin, das die Links &#8222;vor einem Jahr&#8220;, &#8222;vor f\u00fcnf Jahren&#8220;, &#8222;vor 10 Jahren&#8220;, &#8222;vor 15 Jahren&#8220; zur Verf\u00fcgung stellt und beim Klick immer die drei Artikel-Titel rund ums aktuelle Datum anzeigt (also nicht ganz so trivial, dass man es mit WordPress-Bordmitteln hinbek\u00e4me!). Ich muss sie ja dann nicht lesen&#8230; :-)<\/p>","protected":false},"excerpt":{"rendered":"<p>Ein paar Mitlesende wissen, dass ich seit l\u00e4ngerem vorhabe, das Digital Diary endlich zu modernisieren. Unter der Haube ist alles up to date, doch was die Optik und die Strukturen angeht scheitere ich bisher an zu unklaren W\u00fcnschen bzw. daran, zuviel gleichzeitig zu wollen. Dieses Blog ist immerhin nicht irgend eines meiner Webprojekte, die \u00fcber [&hellip;]<\/p>\n","protected":false},"author":1,"featured_media":0,"comment_status":"open","ping_status":"open","sticky":false,"template":"","format":"standard","meta":[],"categories":[7,414],"tags":[],"post_mailing_queue_ids":[],"_links":{"self":[{"href":"https:\/\/www.claudia-klinger.de\/digidiary\/wp-json\/wp\/v2\/posts\/1362"}],"collection":[{"href":"https:\/\/www.claudia-klinger.de\/digidiary\/wp-json\/wp\/v2\/posts"}],"about":[{"href":"https:\/\/www.claudia-klinger.de\/digidiary\/wp-json\/wp\/v2\/types\/post"}],"author":[{"embeddable":true,"href":"https:\/\/www.claudia-klinger.de\/digidiary\/wp-json\/wp\/v2\/users\/1"}],"replies":[{"embeddable":true,"href":"https:\/\/www.claudia-klinger.de\/digidiary\/wp-json\/wp\/v2\/comments?post=1362"}],"version-history":[{"count":0,"href":"https:\/\/www.claudia-klinger.de\/digidiary\/wp-json\/wp\/v2\/posts\/1362\/revisions"}],"wp:attachment":[{"href":"https:\/\/www.claudia-klinger.de\/digidiary\/wp-json\/wp\/v2\/media?parent=1362"}],"wp:term":[{"taxonomy":"category","embeddable":true,"href":"https:\/\/www.claudia-klinger.de\/digidiary\/wp-json\/wp\/v2\/categories?post=1362"},{"taxonomy":"post_tag","embeddable":true,"href":"https:\/\/www.claudia-klinger.de\/digidiary\/wp-json\/wp\/v2\/tags?post=1362"}],"curies":[{"name":"wp","href":"https:\/\/api.w.org\/{rel}","templated":true}]}}