{"id":1240,"date":"2013-12-17T11:44:34","date_gmt":"2013-12-17T10:44:34","guid":{"rendered":"http:\/\/www.claudia-klinger.de\/digidiary\/?p=1240"},"modified":"2014-01-01T17:43:46","modified_gmt":"2014-01-01T16:43:46","slug":"spendenaktion-erste-woche-1965-euro-und-jede-menge-sinn","status":"publish","type":"post","link":"https:\/\/www.claudia-klinger.de\/digidiary\/2013\/12\/17\/spendenaktion-erste-woche-1965-euro-und-jede-menge-sinn\/","title":{"rendered":"Spendenaktion, erste Woche: 1965 Euro und jede Menge Sinn"},"content":{"rendered":"<p>Wenn morgens der Spendenstand noch genau diesselbe Summe zeigt wie abends, beschleicht mich regelm\u00e4\u00dfig die Sorge: es wird doch jetzt nicht einfach aufh\u00f6ren? Nicht besonders vern\u00fcnftig, wer spendet schon mitten in der Nacht? Egal, eine gewisse &#8222;Achterbahn der Gef\u00fchle&#8220; l\u00e4sst sich wohl nicht vermeiden, die Freude \u00fcber die erste Spende des Tages ist dann ja auch umso gr\u00f6\u00dfer.<\/p>\n<p><a href=\"http:\/\/www.betterplace.org\/de\/projects\/16145-formulare-verstehbar-machen-ein-ubersetzungsprojekt\"><img decoding=\"async\" loading=\"lazy\" src=\"https:\/\/www.claudia-klinger.de\/digidiary\/wp-content\/uploads\/2013\/12\/spendenstand.jpg\" alt=\"Spendenstand 16.12.\" width=\"200\" height=\"198\" class=\"rechts\" size-full wp-image-1242\" srcset=\"https:\/\/www.claudia-klinger.de\/digidiary\/wp-content\/uploads\/2013\/12\/spendenstand.jpg 200w, https:\/\/www.claudia-klinger.de\/digidiary\/wp-content\/uploads\/2013\/12\/spendenstand-150x150.jpg 150w\" sizes=\"(max-width: 200px) 100vw, 200px\" \/><\/a>Die ging gerade ein: 25 Euro lassen die Summe auf 1990 steigen und heben meine Stimmung weit ins Plus! Die ersten drei Projektmonate sind nun finanziert. Betterplace mailt mir <em>&#8222;Wir gratulieren, soeben wurde Dein Bedarf zu 100 Prozent erf\u00fcllt&#8220;<\/em>. Nun ja, das ist nat\u00fcrlich nur der erste von insgesamt vier &#8222;Bedarfen&#8220;, nur zwei davon hab&#8216; ich bisher eingestellt &#8211; und ich \u00fcberlege nun, wann es sinnvoll ist, das dritte Projektquartal dazu zu stellen. Nicht jeder liest ja die Projektbeschreibung und manche schauen nur auf den Balken &#8222;X Prozent finanziert&#8220;. Dieser Balken w\u00fcrde von jetzt 50 auf 25% zur\u00fcck gehen, wenn ich das 2. halbe Jahr dazu stelle.<br \/>\n<!--more--><br \/>\nWas motiviert auf den ersten Blick mehr? Ein Projekt, dem optisch nicht mehr viel fehlt oder eines, das noch viel Hilfe braucht? <\/p>\n<p><strong>Jedenfalls 1000 Dank allen, die gespendet haben!<\/strong> Eine Idee, die noch im Sommer nichts weiter war als ein blasser Gedanke, ist der Verwirklichung nun ein gro\u00dfes St\u00fcck n\u00e4her gekommen! <\/p>\n<h2>Aktionen mit Sinn gegen die Bloggerdepression<\/h2>\n<p>Wie so oft um diese Zeit geht gerade wieder die Bloggerdepression um. Diesmal in Gestalt der &#8222;Politbloggerd\u00e4mmerung&#8220;, die der <a href=\"http:\/\/kiezneurotiker.blogspot.de\/2013\/12\/politbloggerdammerung.html\">Kiezneurotiker<\/a> beklagt. <a href=\"http:\/\/dierotenschuhe.blogspot.de\/2013\/12\/feierabend.html\">&#8222;Die roten Schuhe&#8220;<\/a> h\u00f6ren auf,  <a href=\"http:\/\/archiv.feynsinn.org\/?p=20002\">Feynsinn f\u00fchlt sich ausgebrannt<\/a> und pausiert. Und wenn ich die Kategorie &#8222;Politik&#8220; in meinem Feedreader durchsehe, stelle ich fest, dass ein Drittel dieser Blogs im Lauf des Jahres verstummt ist. <\/p>\n<p>Woran liegt das? Zwar denke ich selbst nie ans aufh\u00f6ren, doch kenne ich die deprimierende Erfahrung wirkungsloser Brandreden gegen alle \u00dcbel der Welt. Reiht man zu viel Emp\u00f6rung hintereinander, wom\u00f6glich entlang an tagesaktuellen &#8222;Aufregern&#8220;, landet man als halbwegs sensibler Mensch schnell in Zynismus, Misanthropie und Verzweiflung angesichts der nicht lange zu leugnenden Wirkungslosigkeit dieses Tuns. <\/p>\n<p>Deshalb leiste ich mir hier ein Themengemisch quer durch alles, was mich bewegt. Politik ist nur ein Bereich unter vielen. Und ich blogge auch nur, wenn ich Lust habe, nicht in einem &#8222;erwarteten&#8220; Rytmus. Daf\u00fcr recht nachhaltig, n\u00e4mlich seit 1999, rechnet man die Vorl\u00e4ufer (&#8222;Homepages&#8220;, &#8222;Cyberzines&#8220;) mit, noch 3 Jahre l\u00e4nger.<\/p>\n<p><iframe frameborder='0' marginheight='0' marginwidth='0' src='http:\/\/www.betterplace.org\/de\/projects\/16145-formulare-verstehbar-machen-ein-ubersetzungsprojekt\/widget' width='160' height='260' style='border: 0; padding:0; margin:0; float:right'>Ihr Browser unterst\u00fctzt keine Iframes. <a href='http:\/\/www.betterplace.org\/projects'>Spenden Sie direkt<\/a> auf betterplace.org<\/iframe>Und nun mache ich gerade die Erfahrung freudiger Sinnhaftigkeit &#8211; trotz Groko, schwelender Finanzkrisen, drohender Freihandelsabkommen und aller erdenklichen miesen Perspektiven. Warum? Weil ich mich entschlossen habe, etwas KONKRETES zu tun: also das bloggen und die sozialen Medien zu nutzen, um <a href=\"http:\/\/www.betterplace.org\/de\/projects\/16145-formulare-verstehbar-machen-ein-ubersetzungsprojekt\">ein sinnvolles Projekt zu starten<\/a>, das auf den ersten und auch zweiten Blick einfach nur n\u00fctzlich und hilfreich ist &#8211; f\u00fcr ganz konkrete Menschen.<\/p>\n<p>Diese Unternehmung ergibt eine Ver\u00e4nderung der eigenen Filter-Bubble, die der Seele gut tut. Man bemerkt nicht mehr nur Deprimierendes (zuwenig Emp\u00f6rung, Aufstand, Widerstand, allgemeiner Konsumismus, uns gehts doch gut, wir haben doch nichts zu verbergen, Ignoranz, Apathie etc.), sondern trifft Menschen, Gruppen und <a href=\"http:\/\/www.kub-berlin.org\/\">Initiativen<\/a>, die sich sehr wohl BEWEGEN: offline und online. Die sich daran machen, selber einen Missstand zu beheben anstatt nur Anklage zu erheben, dass er existiert. <\/p>\n<p>Ich denke, vielen Bloggern fehlen Projekte, gemeinsame (!) Vorhaben, die auch etwas BEWIRKEN &#8211; abseits von blo\u00dfen Unterschriftenaktionen und Appellen.<\/p>\n<p>Z.B. hab ich mir mal gedacht, es w\u00e4re doch h\u00f6chst sinnvoll, ein &#8222;alternatives Meinungsforschungsinstitut&#8220; auf die Beine zu stellen. Eines, das nicht so platte und oft tendenzi\u00f6se Fragen stellt, dass nur Schrott dabei raus kommt,  mit dem dann aber durchaus Politik gemacht wird.<\/p>\n<p>Oder man rafft sich auf und macht in verschiedenen St\u00e4dten Offline-Veranstaltungen zu &#8222;Freihandelsabkommen&#8220; &#8211; als etwas langfristiger vorbereitete und von vielen Polit-Bloggern initiierte, organisierte und begleitete &#8222;Themenwoche TAFTA&#8220;.<\/p>\n<p>Das sind nur Beispiele &#8211; es g\u00e4be sicher noch viele andere gute Ideen. Und niemand hindert uns, bisher jedenfalls nicht! <\/p>","protected":false},"excerpt":{"rendered":"<p>Wenn morgens der Spendenstand noch genau diesselbe Summe zeigt wie abends, beschleicht mich regelm\u00e4\u00dfig die Sorge: es wird doch jetzt nicht einfach aufh\u00f6ren? Nicht besonders vern\u00fcnftig, wer spendet schon mitten in der Nacht? Egal, eine gewisse &#8222;Achterbahn der Gef\u00fchle&#8220; l\u00e4sst sich wohl nicht vermeiden, die Freude \u00fcber die erste Spende des Tages ist dann ja [&hellip;]<\/p>\n","protected":false},"author":1,"featured_media":0,"comment_status":"open","ping_status":"open","sticky":false,"template":"","format":"standard","meta":[],"categories":[7],"tags":[],"post_mailing_queue_ids":[],"_links":{"self":[{"href":"https:\/\/www.claudia-klinger.de\/digidiary\/wp-json\/wp\/v2\/posts\/1240"}],"collection":[{"href":"https:\/\/www.claudia-klinger.de\/digidiary\/wp-json\/wp\/v2\/posts"}],"about":[{"href":"https:\/\/www.claudia-klinger.de\/digidiary\/wp-json\/wp\/v2\/types\/post"}],"author":[{"embeddable":true,"href":"https:\/\/www.claudia-klinger.de\/digidiary\/wp-json\/wp\/v2\/users\/1"}],"replies":[{"embeddable":true,"href":"https:\/\/www.claudia-klinger.de\/digidiary\/wp-json\/wp\/v2\/comments?post=1240"}],"version-history":[{"count":0,"href":"https:\/\/www.claudia-klinger.de\/digidiary\/wp-json\/wp\/v2\/posts\/1240\/revisions"}],"wp:attachment":[{"href":"https:\/\/www.claudia-klinger.de\/digidiary\/wp-json\/wp\/v2\/media?parent=1240"}],"wp:term":[{"taxonomy":"category","embeddable":true,"href":"https:\/\/www.claudia-klinger.de\/digidiary\/wp-json\/wp\/v2\/categories?post=1240"},{"taxonomy":"post_tag","embeddable":true,"href":"https:\/\/www.claudia-klinger.de\/digidiary\/wp-json\/wp\/v2\/tags?post=1240"}],"curies":[{"name":"wp","href":"https:\/\/api.w.org\/{rel}","templated":true}]}}