{"id":122,"date":"2008-02-05T12:46:51","date_gmt":"2008-02-05T10:46:51","guid":{"rendered":"http:\/\/www.claudia-klinger.de\/digidiary\/2008\/02\/05\/langsam-werd-ich-nervoes\/"},"modified":"2008-08-24T11:50:26","modified_gmt":"2008-08-24T09:50:26","slug":"langsam-werd-ich-nervoes","status":"publish","type":"post","link":"https:\/\/www.claudia-klinger.de\/digidiary\/2008\/02\/05\/langsam-werd-ich-nervoes\/","title":{"rendered":"Langsam werd&#8216; ich nerv\u00f6s&#8230;"},"content":{"rendered":"<p>Na, darf ja auch sein, man fliegt ja nicht alle Tage f\u00fcr f\u00fcnf Wochen nach Kambodscha!<\/p>\n<p>N\u00e4chste Woche geht es los und gestern hab&#8216; ich endlich meine ToDo-bis-dahin-Liste zustande gebracht. Heute morgen dann glatt zwei Stunden darauf verwendet, nach einem guten 8 GB-USB-Stick zu suchen: ich nehme das ganze Mailprogramm mit, damit ich in Phnom Pen nur wieder einst\u00f6pseln muss und mir nichts entgeht. Wolfgang, der Initiator des <a href=\"https:\/\/www.claudia-klinger.de\/digidiary\/2007\/12\/06\/mach-mit-spende-einen-brunnen-fuer-kambodscha\/\">Brunnenprojekts,<\/a> ist schon dort und ich kann ihn, wenn ich mag, gleich anrufen. Werde mich aber wohl erst ein paar Tage akklimatisieren, bevor ich auf Abenteuer ausgehe. Der Sprung von f\u00fcnf auf <a href=\"http:\/\/www.meteo24.de\/wetter\/167X2.html\">29 Grad<\/a> (und \u00fcber 60% Luftfeuchtigkeit) ist ja kein kleiner. Vermutlich werde ich im Nebeneffekt ein wenig abnehmen, auch die Haut &#8222;verj\u00fcngt&#8220; sich im tropischen Klima &#8211; nett!<!--more--><\/p>\n<p>Arbeit ist nicht mehr viel in dieser letzten Woche, nur schreiben, schreiben, schreiben: m\u00f6glichst viele Auftragstexte im voraus, damit ich am Reiseziel nicht so oft an den PC muss. Aber gut, es zu k\u00f6nnen, wenn es n\u00f6tig ist &#8211; wie konnten wir nur fr\u00fcher ohne Internet leben?<\/p>\n<p>Ein lieber Freund wird meine Wohnung bewachen. Den wilden Garten werde ich n\u00e4chste Woche verabschieden: gut, dass das genau mit der Reise zusammen f\u00e4llt,  dadurch falle ich nicht nochmal ins Trauern um die gr\u00fcne Idylle, die nun zu einem Parkplatz werden wird. Immerhin hab&#8216; ich noch bemerken k\u00f6nnen, dass dieses Jahr alle Winterbl\u00fcher drei bis vier Wochen <a href=\"http:\/\/www.das-wilde-gartenblog.de\/2008\/02\/04\/winterblueher-im-jahresvergleich\/\">fr\u00fcher bl\u00fchen<\/a> als im letzten Jahr. Ob das eine normale Schwankung ist oder schon Klimaver\u00e4nderung, wei\u00df ich nicht.<\/p>\n<p>Auf der letzten Reise nach Kambodscha hab&#8216; ich u.a. bemerkt, dass das Gef\u00fchl, in der Fremde zu sein, auch sehr von der Pflanzenwelt abh\u00e4ngt. Durch einen lichten Wald zu gehen und nicht eine einzige Pflanze zu sichten, die auch in heimischen W\u00e4ldern steht, gibt ein ganz seltsames Gef\u00fchl der Unwirklichkeit. Allein das w\u00fcrde mich schon immer wieder nach hause ziehen, ein Typ zum Auswandern war und bin ich nicht, trotz Internet.<\/p>","protected":false},"excerpt":{"rendered":"<p>Na, darf ja auch sein, man fliegt ja nicht alle Tage f\u00fcr f\u00fcnf Wochen nach Kambodscha! N\u00e4chste Woche geht es los und gestern hab&#8216; ich endlich meine ToDo-bis-dahin-Liste zustande gebracht. Heute morgen dann glatt zwei Stunden darauf verwendet, nach einem guten 8 GB-USB-Stick zu suchen: ich nehme das ganze Mailprogramm mit, damit ich in Phnom [&hellip;]<\/p>\n","protected":false},"author":1,"featured_media":0,"comment_status":"open","ping_status":"open","sticky":false,"template":"","format":"standard","meta":[],"categories":[8],"tags":[20,164,165,154],"post_mailing_queue_ids":[],"_links":{"self":[{"href":"https:\/\/www.claudia-klinger.de\/digidiary\/wp-json\/wp\/v2\/posts\/122"}],"collection":[{"href":"https:\/\/www.claudia-klinger.de\/digidiary\/wp-json\/wp\/v2\/posts"}],"about":[{"href":"https:\/\/www.claudia-klinger.de\/digidiary\/wp-json\/wp\/v2\/types\/post"}],"author":[{"embeddable":true,"href":"https:\/\/www.claudia-klinger.de\/digidiary\/wp-json\/wp\/v2\/users\/1"}],"replies":[{"embeddable":true,"href":"https:\/\/www.claudia-klinger.de\/digidiary\/wp-json\/wp\/v2\/comments?post=122"}],"version-history":[{"count":0,"href":"https:\/\/www.claudia-klinger.de\/digidiary\/wp-json\/wp\/v2\/posts\/122\/revisions"}],"wp:attachment":[{"href":"https:\/\/www.claudia-klinger.de\/digidiary\/wp-json\/wp\/v2\/media?parent=122"}],"wp:term":[{"taxonomy":"category","embeddable":true,"href":"https:\/\/www.claudia-klinger.de\/digidiary\/wp-json\/wp\/v2\/categories?post=122"},{"taxonomy":"post_tag","embeddable":true,"href":"https:\/\/www.claudia-klinger.de\/digidiary\/wp-json\/wp\/v2\/tags?post=122"}],"curies":[{"name":"wp","href":"https:\/\/api.w.org\/{rel}","templated":true}]}}