{"id":1116,"date":"2013-07-24T22:22:21","date_gmt":"2013-07-24T21:22:21","guid":{"rendered":"http:\/\/www.claudia-klinger.de\/digidiary\/?p=1116"},"modified":"2013-07-25T09:01:41","modified_gmt":"2013-07-25T08:01:41","slug":"angesichts-der-real-existierenden-uberwachung-samtlicher-kommunikation","status":"publish","type":"post","link":"https:\/\/www.claudia-klinger.de\/digidiary\/2013\/07\/24\/angesichts-der-real-existierenden-uberwachung-samtlicher-kommunikation\/","title":{"rendered":"Angesichts der real existierenden \u00dcberwachung s\u00e4mtlicher Kommunikation&#8230;"},"content":{"rendered":"<p>&#8230; au\u00dfer derjenigen &#8222;zu zweit allein im Wald&#8220; hab`ich in einem der vorigen Postings <a href=\"https:\/\/www.claudia-klinger.de\/digidiary\/2013\/07\/10\/zur-geheimdienstlichen-uberwachung-und-deren-verharmlosung\/\">schon erw\u00e4hnt<\/a>, dass es mir schier (und also im Blog) die Sprache verschl\u00e4gt angesichts dessen, was da abgeht! <\/p>\n<p><strong>Transparenz kann richtig weh tun<\/strong>, deshalb wird sie nicht nur von &#8222;den Herrschenden&#8220; nicht besonders gesch\u00e4tzt. Unz\u00e4hlige Menschen regen sich nicht gro\u00df auf, sie haben ja nichts zu verbergen&#8230; Aber halt: ich will jetzt  nicht nochmal selber versuchen, meine Meinung und Befindlichkeit angesichts #nsa, #prism, sowie allen sonstigen Demokratieverlust-Fakten zu vermitteln. Das kann aktuell ein anderer besser,  der sich genau am inhaltlichen Punkt, der mir auf der Seele brennt, zu einem Highlight seines bisherigen Autor- und Blogger-Lebens aufschwingt. Ich hoffe, Ihr habt ein paar Minuten, um das zu lesen:<\/p>\n<p><a href=\" http:\/\/www.spiegel.de\/netzwelt\/netzpolitik\/sascha-lobo-ueber-die-passivitaet-der-bundesregierung-im-nsa-skandal-a-912534.html\">* Mein Weg zum Ekel<\/a><\/p>\n<p>Nat\u00fcrlich w\u00e4re meine Wortwahl anders und auch das Einschie\u00dfen auf konkrete Politiker w\u00e4re verhaltener &#8211; dennoch: <a href=\" http:\/\/www.spiegel.de\/netzwelt\/netzpolitik\/sascha-lobo-ueber-die-passivitaet-der-bundesregierung-im-nsa-skandal-a-912534.html\">Sascha Lobo beschreibt<\/a>, wie es einem Netzb\u00fcrger (und auch einer Netzb\u00fcrgerin) seit ein paar Wochen ergeht! <em>(Sehr lesenswert auch die Kommentare &#8211; die ersten 10 Seiten fand ich schon ziemlich gut, wenn auch mit Ausreissern..)<\/em><\/p>\n<p>MIr geht es jedenfalls genau SO. <\/p>\n<p>Und ja, ich meine, <strong>es ist an der Zeit<\/strong>, entgegen der eigenen Bequemlichkeit auf die Stra\u00dfe zu gehen: <\/p>\n<p>27.07. <a href=\"http:\/\/demonstrare.de\/demonstrare\/27-07-stopwatchingus-deutschlandweite-proteste-gegen-prism-und-tempora\">#StopWatchingUs \u2013 Deutschlandweite Proteste gegen PRISM und TEMPORA<\/a> <\/p>","protected":false},"excerpt":{"rendered":"<p>&#8230; au\u00dfer derjenigen &#8222;zu zweit allein im Wald&#8220; hab`ich in einem der vorigen Postings schon erw\u00e4hnt, dass es mir schier (und also im Blog) die Sprache verschl\u00e4gt angesichts dessen, was da abgeht! Transparenz kann richtig weh tun, deshalb wird sie nicht nur von &#8222;den Herrschenden&#8220; nicht besonders gesch\u00e4tzt. Unz\u00e4hlige Menschen regen sich nicht gro\u00df auf, [&hellip;]<\/p>\n","protected":false},"author":1,"featured_media":0,"comment_status":"open","ping_status":"open","sticky":false,"template":"","format":"standard","meta":[],"categories":[7,8],"tags":[],"post_mailing_queue_ids":[],"_links":{"self":[{"href":"https:\/\/www.claudia-klinger.de\/digidiary\/wp-json\/wp\/v2\/posts\/1116"}],"collection":[{"href":"https:\/\/www.claudia-klinger.de\/digidiary\/wp-json\/wp\/v2\/posts"}],"about":[{"href":"https:\/\/www.claudia-klinger.de\/digidiary\/wp-json\/wp\/v2\/types\/post"}],"author":[{"embeddable":true,"href":"https:\/\/www.claudia-klinger.de\/digidiary\/wp-json\/wp\/v2\/users\/1"}],"replies":[{"embeddable":true,"href":"https:\/\/www.claudia-klinger.de\/digidiary\/wp-json\/wp\/v2\/comments?post=1116"}],"version-history":[{"count":0,"href":"https:\/\/www.claudia-klinger.de\/digidiary\/wp-json\/wp\/v2\/posts\/1116\/revisions"}],"wp:attachment":[{"href":"https:\/\/www.claudia-klinger.de\/digidiary\/wp-json\/wp\/v2\/media?parent=1116"}],"wp:term":[{"taxonomy":"category","embeddable":true,"href":"https:\/\/www.claudia-klinger.de\/digidiary\/wp-json\/wp\/v2\/categories?post=1116"},{"taxonomy":"post_tag","embeddable":true,"href":"https:\/\/www.claudia-klinger.de\/digidiary\/wp-json\/wp\/v2\/tags?post=1116"}],"curies":[{"name":"wp","href":"https:\/\/api.w.org\/{rel}","templated":true}]}}