{"id":1109,"date":"2013-07-15T10:41:26","date_gmt":"2013-07-15T09:41:26","guid":{"rendered":"http:\/\/www.claudia-klinger.de\/digidiary\/?p=1109"},"modified":"2013-07-15T10:53:19","modified_gmt":"2013-07-15T09:53:19","slug":"zur-anstehenden-bundestagswahl-opposition-ohne-machtperspektive","status":"publish","type":"post","link":"https:\/\/www.claudia-klinger.de\/digidiary\/2013\/07\/15\/zur-anstehenden-bundestagswahl-opposition-ohne-machtperspektive\/","title":{"rendered":"Zur anstehenden Bundestagswahl: Opposition ohne Machtperspektive"},"content":{"rendered":"<p>Ulrich Horn schreibt auf &#8222;Post von Horn&#8220; <a href=\"http:\/\/post-von-horn.de\/2013\/07\/15\/steinbrucks-absurder-wahlkampf\/\">\u00fcber Steinbr\u00fccks absurden Wahlkampt<\/a>, der jede Rationalit\u00e4t vermissen lasse und sich in Wunschdenken und Tagtr\u00e4umereien verliere. Angeblich will der ja auf den letzten Metern f\u00fcnf Millionen SPD-W\u00e4hler zur\u00fcck holen, allerdings ohne ihnen einen Grund daf\u00fcr zu nennen. AGENDA 2010, Verschiebung des Rentenalters, Versteuerung der Betriebsrenten: die SPD hat den Lebensstandard vieler Altw\u00e4hler\/innen verschlechtert &#8211; warum sollten sie zur\u00fcck kommen und einen Repr\u00e4sentanten genau DIESER Politik des Sozialabbaus zum Kanzler w\u00e4hlen?<\/p>\n<h2>Die SPD will gar keinen Wechsel<\/h2>\n<p>Ich wundere mich auch \u00fcber die Weigerung der einst gro\u00dfen Partei, die Fakten zur Kenntnis zu nehmen und entsprechend zu handeln. Bedauern von &#8222;Ausw\u00fcchsen&#8220; reicht nicht! Zudem m\u00fcsste sichtbar werden, dass die SPD tats\u00e4chlich einen Wechsel will und daf\u00fcr alle Optionen in Betracht zieht: AUCH eine Koalition mit der LINKEN, wenn es mit den GR\u00dcNEN alleine nicht reicht. <\/p>\n<p>Wie sie jedes Mal erschreckt dementieren, wenn ein CDU-ler vor rot-rot-gr\u00fcn warnt! Was f\u00fcr ein Kindergarten, der sich am Nasenring eigener Animosit\u00e4ten vorf\u00fchren l\u00e4sst: die Weigerung, ein Zusammengehen mit der Linken in Betracht zu ziehen, zeigt vor allem, dass ihnen das Schicksal des Landes nicht so wichtig ist wie ihre Ber\u00fchrungs\u00e4ngste mit der &#8222;Lafontaine-Partei&#8220;. Wie will man aber einen erfolgreichen Wahlkampf machen, wenn lange schon alle Umfragen zeigen, dass eine Mehrheit von ROT-GR\u00dcN in weiter Ferne liegt?<\/p>\n<p>Die LINKE hab&#8216; ich noch nie gew\u00e4hlt, doch sch\u00e4tze ich ihr punktuell sehr konkretes Engagement f\u00fcr soziale Belange. Klar, viele ihrer Forderungen sind populistisch und vermutlich nicht umsetzbar, doch haben sie ja z.B. schon signalisiert, dass sie in Sachen Au\u00dfenpolitik durchaus kompromissbereit w\u00e4ren (etwa indem das &#8222;raus aus der Nato!&#8220; auf St.Nimmerleinstag vertagt wird). <\/p>\n<p>Ich behaupte nicht, zu wissen, ob ROT-GR\u00dcN-ROT tats\u00e4chlich machbar w\u00e4re. Mag sein, dass sich am Ende von Verhandlungen heraus stellen w\u00fcrde, dass dem nicht so ist. Was ich vermisse, ist die ernsthafte Auseinandersetzung mit dieser M\u00f6glichkeit: gerne transparent und in aller \u00d6ffentlichkeit! <\/p>\n<p>Da die SPD (bzw. ihre F\u00fchrungsriege) sich aber konsequent weigert, in diese Richtung zu denken, bleibt  sie f\u00fcr mich eine Partei, die allenfalls eine Option auf &#8222;Mitregieren unter Merkel&#8220; hat. Das aber hatten wir schon, daf\u00fcr muss ich nicht zur Wahl gehen!<\/p>\n<h2>Nicht w\u00e4hlen?<\/h2>\n<p>Was also? Nicht w\u00e4hlen? NIEMALS! Da schlie\u00dfe ich mich dann doch lieber <a href=\"http:\/\/wirres.net\/article\/articleview\/6801\/1\/6\/#\">Felix Schwenzel (wirres.net)<\/a> an und <a href=\"http:\/\/www.piraten-special.de\/2013\/07\/trotzalledem-piraten-waehlen\/\">w\u00e4hle die Piratenpartei<\/a> &#8211; trotz all ihrer Querelen. Weil sie derzeit das einzige Symbol f\u00fcr den Wunsch nach mehr &#8222;Transparenz und Teilhabe&#8220; ist, auch wenn es mit der innerparteilichen Umsetzung noch an manchen Stellen hapert. Dass sie vermutlich nicht &#8222;rein&#8220; kommen, st\u00f6rt angesichts der mangelnden Perspektiven der rot-gr\u00fcnen Opposition nicht. Immerhin bekommen sie f\u00fcr meine Stimme dann 2,80 Euro Wahlkampfkostenr\u00fcckerstattung, wie ich bei Felix lesen konnte. <\/p>","protected":false},"excerpt":{"rendered":"<p>Ulrich Horn schreibt auf &#8222;Post von Horn&#8220; \u00fcber Steinbr\u00fccks absurden Wahlkampt, der jede Rationalit\u00e4t vermissen lasse und sich in Wunschdenken und Tagtr\u00e4umereien verliere. Angeblich will der ja auf den letzten Metern f\u00fcnf Millionen SPD-W\u00e4hler zur\u00fcck holen, allerdings ohne ihnen einen Grund daf\u00fcr zu nennen. AGENDA 2010, Verschiebung des Rentenalters, Versteuerung der Betriebsrenten: die SPD hat [&hellip;]<\/p>\n","protected":false},"author":1,"featured_media":0,"comment_status":"open","ping_status":"open","sticky":false,"template":"","format":"standard","meta":[],"categories":[8],"tags":[],"post_mailing_queue_ids":[],"_links":{"self":[{"href":"https:\/\/www.claudia-klinger.de\/digidiary\/wp-json\/wp\/v2\/posts\/1109"}],"collection":[{"href":"https:\/\/www.claudia-klinger.de\/digidiary\/wp-json\/wp\/v2\/posts"}],"about":[{"href":"https:\/\/www.claudia-klinger.de\/digidiary\/wp-json\/wp\/v2\/types\/post"}],"author":[{"embeddable":true,"href":"https:\/\/www.claudia-klinger.de\/digidiary\/wp-json\/wp\/v2\/users\/1"}],"replies":[{"embeddable":true,"href":"https:\/\/www.claudia-klinger.de\/digidiary\/wp-json\/wp\/v2\/comments?post=1109"}],"version-history":[{"count":0,"href":"https:\/\/www.claudia-klinger.de\/digidiary\/wp-json\/wp\/v2\/posts\/1109\/revisions"}],"wp:attachment":[{"href":"https:\/\/www.claudia-klinger.de\/digidiary\/wp-json\/wp\/v2\/media?parent=1109"}],"wp:term":[{"taxonomy":"category","embeddable":true,"href":"https:\/\/www.claudia-klinger.de\/digidiary\/wp-json\/wp\/v2\/categories?post=1109"},{"taxonomy":"post_tag","embeddable":true,"href":"https:\/\/www.claudia-klinger.de\/digidiary\/wp-json\/wp\/v2\/tags?post=1109"}],"curies":[{"name":"wp","href":"https:\/\/api.w.org\/{rel}","templated":true}]}}