{"id":1107,"date":"2013-07-10T11:18:42","date_gmt":"2013-07-10T10:18:42","guid":{"rendered":"http:\/\/www.claudia-klinger.de\/digidiary\/?p=1107"},"modified":"2013-07-10T12:54:15","modified_gmt":"2013-07-10T11:54:15","slug":"zur-geheimdienstlichen-uberwachung-und-deren-verharmlosung","status":"publish","type":"post","link":"https:\/\/www.claudia-klinger.de\/digidiary\/2013\/07\/10\/zur-geheimdienstlichen-uberwachung-und-deren-verharmlosung\/","title":{"rendered":"Zur geheimdienstlichen \u00dcberwachung und deren Verharmlosung"},"content":{"rendered":"<p>Selten machen mich politische Ereignisse derart sprachlos wie die derzeitigen Vorg\u00e4nge rund um die Enth\u00fcllungen des Whistleblowers Snowden zu den Machenschaften der Geheimdienste (Prism, Tempura etc.). Wobei &#8222;sprachlos&#8220; bedeutet: jedes Mal, wenn ich daran denke, kocht in mir eine solche Wut hoch, dass ich lieber schreien als schreiben m\u00f6chte! <\/p>\n<p>Insbesondere regt mich auf, wie abwiegelnd, besch\u00f6nigend, zynisch-besserwisserisch und geschichtsvergessen viele Kommentatoren und Mitb\u00fcrger darauf reagieren, dass unser Grundgesetz und viele andere Gesetze offenbar nicht das Papier wert sind, auf dem sie gedruckt sind. Dass im weiterern der Umgang mit Snowden zeigt, dass europ\u00e4ische Staaten offenbar brave, vorauseilend gehorsame Vasallen der USA sind, die &#8211; schei\u00df auf die ehernen Grunds\u00e4tze internationaler Diplomatie! &#8211; einen s\u00fcdamerikanischen Pr\u00e4sidenten zwingen, in Wien erst sein Flugzeug durchsuchen zu lassen, bevor er deren Luftr\u00e4ume \u00fcberfliegen darf. <\/p>\n<p>Welche Eiert\u00e4nze dann hierzulande Regierende \u00fcber ihr Wissen bzw. angebliches Nichtwissen auff\u00fchren, \u00fcberschreitet jedes Ma\u00df an Peinlichkeit, das man bisher erleben musste! Und auch der BND wei\u00df ja angeblich nicht, woher die Informationen stammen, die von den &#8222;befreundeten Diensten&#8220; her\u00fcber gereicht werden! (Was bedeutet schon die jeweilige Verfassung? Was der eine nicht darf, macht halt der andere&#8230;) Ich k\u00f6nnte kotzen angesichts dieser Volksverdummung, insbesondere, weil sie zeigt, was f\u00fcr ein Bild vom B\u00fcrger all diese Funktion\u00e4re haben: bl\u00f6de Schafe, deren Gem\u00fct man vor der Wahl noch mehr als sonst mit beruhigenden Worth\u00fclsen bedenken muss &#8211; und hey, das klappt ja auch wunderbar! Der deutsche Michel meint: <em>st\u00f6rt mich doch nicht, dass ich komplett \u00fcberwacht und meine ganze Kommunikation gespeichert wird. Ich hab doch nichts zu vebergen! Und: Wo ist der Nachteil f\u00fcr mich?<\/em><\/p>\n<h2>Nichts zu verbergen? Dann lies mal diese sieben Artikel!<\/h2>\n<p>Wie gesagt, ich fasse es nicht und mir fehlen einfach die passenden Worte, meinen Abscheu \u00fcber das auszudr\u00fccken, was aus den westlichen Demokratien geworden ist. Deshalb folgen hier ein paar Artikel, die mir aus der Seele sprechen, bzw. auch unendlich geduldig nochmal und nochmal erl\u00e4utern, &#8222;wo der Nachteil ist&#8220; &#8211; f\u00fcr all&#8216; jene, die bereit sind, ihren Blick \u00fcber den Tellerrand des pers\u00f6nlichen Alltags als Konsument hinaus schweifen zu lassen (auch wenn&#8217;s weh tut!).<\/p>\n<ol>\n<li><a href=\"http:\/\/blog.karlshochschule.de\/2013\/07\/09\/prism-break-warum-wir-als-demokraten-hier-dringend-raus-mussen\/\">Prism Break \u2013 warum wir als Demokraten hier dringend raus m\u00fcssen<\/a> &#8211; Patrick Breitenbach \/ Karlshochschule<br \/>\n<em>&#8222;Selbst wenn die demokratisch gew\u00e4hlten Volksvertreter derzeit in bestem Wissen und Gewissen f\u00fcr das Volk handeln, so w\u00e4re die Installation eines totalit\u00e4ren Regimes relativ reibungslos vollziehbar. Denn die Strukturen die man daf\u00fcr u.a. ben\u00f6tigt, sind nun bereits in voller Perfektion vorhanden: Ein direkter Zugriff auf die Gedanken- und Verhaltenswelt der Menschen ist gelegt. Der Informationsvorsprung weniger priviligierter Menschen, also die Wissensasymmetrie, ist schier endlos.&#8220;<\/em>  Sehr lesenswert die vier ausf\u00fchrlichen Begr\u00fcndungen, warum die totale \u00dcberwachung ein gewaltiger SCHADEN ist! <\/li>\n<li><a href=\"http:\/\/www.scilogs.de\/chrono\/blog\/natur-des-glaubens\/usa\/2013-07-06\/sollten-sich-anst-ndiger-b-rger-wegen-der-berwachung-sorgen-ein-erfahrungsbericht-aus-den-schattenkriegen\">Sollten sich &#8222;anst\u00e4ndige B\u00fcrger&#8220; wegen der \u00dcberwachung sorgen? \u2013 Ein Erfahrungsbericht aus den Schattenkriegen<\/a> Michael Blume \/ SciLogs.<br \/>\n<em>&#8222;W\u00e4hrend ich also noch v\u00f6llig ahnungslos meinen Arbeitsbereich aufbaute, begannen &#8222;Kollegen&#8220; der Sicherheit schon auf eigene Faust &#8222;belastendes&#8220; On- und Offlinematerial (einschlie\u00dflich eMails) zusammen zu tragen und schlie\u00dflich Journalisten sowie Oppositionsabgeordnete damit \u201ezu f\u00fcttern\u201c.&#8220;<\/em><\/li>\n<li><a href=\"http:\/\/www.theeuropean.de\/katharina-nocun\/7149-prism-tempora-und-der-wert-der-freiheit\">Her mit dem Geigerz\u00e4hler! \u00dcberwachung ist wie Radioaktivit\u00e4t. Zun\u00e4chst einmal merkt man nichts.<\/a> Katharina Nocun \/ The European<br \/>\n<em>&#8222;In vielen Generationen sind Menschen daf\u00fcr gestorben, was wir einfach so auf dem Pr\u00e4sentierteller bekommen: Menschenw\u00fcrde, Pressefreiheit, Unverletzlichkeit der Wohnung, Fernmeldegeheimnis, Demokratie. Kurzum: Freiheit. Wissen Sie: Jedes Mal, wenn jemand sagt: \u201eIch habe doch nichts zu verbergen\u201c, stirbt etwas in mir.&#8220; <\/em><\/li>\n<li><a href=\"http:\/\/www.spiegel.de\/netzwelt\/web\/kolumne-von-sascha-lobo-snowden-wird-politisch-verfolgt-a-910147.html\">\u00dcberwachungsskandal: Wer lesen kann, kann auch schreiben<\/a><br \/>\n<em>&#8222;Ein international vernetzter \u00dcberwachungsapparat ignoriert die Ma\u00dfst\u00e4be der Demokratie. Das ist doch nichts Neues, rufen im Chor diejenigen, die keinen Unterschied erkennen wollen zwischen eigenen, langj\u00e4hrigen Vermutungen und handfesten Beweisen. Und diejenigen, die aus unterschiedlichsten Gr\u00fcnden beschwichtigen wollen. Sie liegen falsch&#8230;  &#8222;<\/em> Sascha Lobo auf SPON.<\/li>\n<li><a href=\"http:\/\/www.carta.info\/60687\/realismus-kotau\/\">Realismus-Kotau<\/a> &#8211; Wolfgang Michal \/ CARTA<br \/>\n<em>Wer sich aufregt, ist naiv &#8211; Man nennt dieses Verhalten \u201eRealismus-Kotau\u201c. Gemeint ist die Verbeugung vor dem \u201eUnab\u00e4nderlichen\u201c, dem \u201eAlternativlosen\u201c. Es ist die freiwillige Selbstaufgabe von Leuten, die ihre Resignation oder ihr Ich-will-mit-diesem-Schei\u00df-nicht-behelligt-werden als Realismus maskieren.&#8220;<\/em><\/li>\n<li><a href=\"http:\/\/jacobjung.wordpress.com\/2011\/06\/23\/uberwachungsstaat-brd-wie-unsere-freiheit-der-irrationalen-angst-vor-dem-terror-geopfert-wird\/\">\u00dcberwachungsstaat BRD: Wie unsere Freiheit der irrationalen Angst vor dem Terror geopfert wird<\/a> Jakob Jung Blog.<br \/>\n<em>&#8222;Der Preis f\u00fcr die staatlichen Ma\u00dfnahmen gegen den Terrorismus ist also der Verlust der offenen B\u00fcrgergesellschaft. Vor dem Hintergrund der belegten Wirkungslosigkeit von Kontrolle und \u00dcberwachung auf die angebliche Gefahr durch den Terrorismus stellt sich insofern die Frage, ob nicht genau diese Entdemokratisierung der Gesellschaft und die zunehmende Reglementierung ihrer B\u00fcrger in der Absicht der Bef\u00fcrworter von Law &#038; Order liegt.&#8220;  <\/em>Umfassender, ins Detail gehender Artikel \u00fcber \u00dcberwachungssysteme in Deutschland und deren vermeintlichen (!) Nutzen in Sachen Terrorbek\u00e4mpfung.<\/li>\n<li><a href=\"http:\/\/www.heise.de\/tp\/blogs\/8\/154550\">PRISM als Wirtschaftsspionagesystem<\/a> Norbert Rost \/ Heise.de.<br \/>\nEin Artikel f\u00fcr alle, die nurmehr \u00f6konomische Werte als relevante Werte anerkennen. <\/li>\n<\/ol>","protected":false},"excerpt":{"rendered":"<p>Selten machen mich politische Ereignisse derart sprachlos wie die derzeitigen Vorg\u00e4nge rund um die Enth\u00fcllungen des Whistleblowers Snowden zu den Machenschaften der Geheimdienste (Prism, Tempura etc.). Wobei &#8222;sprachlos&#8220; bedeutet: jedes Mal, wenn ich daran denke, kocht in mir eine solche Wut hoch, dass ich lieber schreien als schreiben m\u00f6chte! Insbesondere regt mich auf, wie abwiegelnd, [&hellip;]<\/p>\n","protected":false},"author":1,"featured_media":0,"comment_status":"open","ping_status":"open","sticky":false,"template":"","format":"standard","meta":[],"categories":[7,8],"tags":[],"post_mailing_queue_ids":[],"_links":{"self":[{"href":"https:\/\/www.claudia-klinger.de\/digidiary\/wp-json\/wp\/v2\/posts\/1107"}],"collection":[{"href":"https:\/\/www.claudia-klinger.de\/digidiary\/wp-json\/wp\/v2\/posts"}],"about":[{"href":"https:\/\/www.claudia-klinger.de\/digidiary\/wp-json\/wp\/v2\/types\/post"}],"author":[{"embeddable":true,"href":"https:\/\/www.claudia-klinger.de\/digidiary\/wp-json\/wp\/v2\/users\/1"}],"replies":[{"embeddable":true,"href":"https:\/\/www.claudia-klinger.de\/digidiary\/wp-json\/wp\/v2\/comments?post=1107"}],"version-history":[{"count":0,"href":"https:\/\/www.claudia-klinger.de\/digidiary\/wp-json\/wp\/v2\/posts\/1107\/revisions"}],"wp:attachment":[{"href":"https:\/\/www.claudia-klinger.de\/digidiary\/wp-json\/wp\/v2\/media?parent=1107"}],"wp:term":[{"taxonomy":"category","embeddable":true,"href":"https:\/\/www.claudia-klinger.de\/digidiary\/wp-json\/wp\/v2\/categories?post=1107"},{"taxonomy":"post_tag","embeddable":true,"href":"https:\/\/www.claudia-klinger.de\/digidiary\/wp-json\/wp\/v2\/tags?post=1107"}],"curies":[{"name":"wp","href":"https:\/\/api.w.org\/{rel}","templated":true}]}}