{"id":1097,"date":"2013-06-08T11:27:33","date_gmt":"2013-06-08T10:27:33","guid":{"rendered":"http:\/\/www.claudia-klinger.de\/digidiary\/?p=1097"},"modified":"2013-06-08T12:00:31","modified_gmt":"2013-06-08T11:00:31","slug":"wenn-allzuviel-passiert","status":"publish","type":"post","link":"https:\/\/www.claudia-klinger.de\/digidiary\/2013\/06\/08\/wenn-allzuviel-passiert\/","title":{"rendered":"Wenn allzuviel passiert&#8230;"},"content":{"rendered":"<p>&#8230;neige ich zum Verstummen. Ereignisse wie die krass rechtswidrige Einkesselung hunderter Menschen \u00fcber neun Stunden zwecks Stoppen der #Blockupy-Demo in Frankfurt emp\u00f6ren mich derart, dass mir ein weiteres Blogposting zum Thema als Reaktion einfach nicht reicht. <a href=\"http:\/\/www.sueddeutsche.de\/politik\/umstrittener-blockupy-einsatz-hessens-cdu-verschanzt-im-ideologischen-schuetzengraben-1.1690873\"\">Die mangelnde Einsicht der Verantwortlichen &#8222;danach&#8220;<\/a> ist nicht viel besser als die <a href=\"http:\/\/www.zeit.de\/2013\/24\/tuerkei-proteste-erdogan\">Reaktion Erdogans<\/a> auf die ebenfalls in \u00fcbelster Polizeistaatsmanier bek\u00e4mpften Proteste in der T\u00fcrkei (<a href=\"https:\/\/twitter.com\/search?q=%23occupygezi&#038;src=typd\">#occuypgezi<\/a>). <\/p>\n<p>\u00dcber all das zu bloggen, w\u00e4hrend gro\u00dfe Teile Deutschlands im Hochwasser versinken und alle Aufmerksamkeit auf Pegelst\u00e4nde und Sandsackgebirge gerichtet ist, erscheint dann auch wieder unangemessen &#8211; so als w\u00fcrde ich das Leid, das die Fluten unz\u00e4hligen Menschen bringt, ignorieren. Schon gar nicht mag ich fragen, warum man bei all den Renovierungen und Neubauten nach der Flut 2002 die Dinge nicht ein wenig &#8222;Hochwasser-kompatibler&#8220; eingerichtet hat, zumindest da, wo das m\u00f6glich gewesen w\u00e4re. <\/p>\n<p><strong>Und w\u00e4hrenddessen:<\/strong> <a href=\"https:\/\/digitalegesellschaft.de\/2013\/06\/yes-we-scan-uberwachungs-und-datenschutzskandal-in-den-usa-betrifft-auch-uns\/\"><strong>Yes, we scan!<\/strong><\/a> Der totale \u00dcberwachungsstaat ist in den USA Realit\u00e4t geworden, ausgerechnet unter Obama, der so sch\u00f6ne Reden \u00fcber B\u00fcrgerrechte geschwungen hat. Die nun erst richtig bekannt gewordene Praxis der Geheimdienste, ganz direkt auf User-Daten von Google, Facebook u.a. zuzugreifen, schl\u00e4gt sogar im &#8222;Land of the Free&#8220; ein bisschen Welle, w\u00e4hrend die <a href=\"http:\/\/www.daserste.de\/information\/politik-weltgeschehen\/weltspiegel\/sendung\/br\/usa-arbeit-ueberwachung-100.html\">komplette Video-\u00dcberwachung von Arbeitnehmern<\/a> und die <a href=\"http:\/\/www.spiegel.de\/netzwelt\/tech\/mitarbeiterueberwachung-us-konzern-honeywell-installiert-schnueffelsoftware-auf-zehntausenden-buerorechnern-a-610487.html\">\u00dcberwachung ihrer Computer-Aktivit\u00e4ten per Schn\u00fcffelsoftware<\/a> bereits als &#8222;ganz normal&#8220; gilt. <\/p>\n<p><strong>Vom Status der Finanz- und Schuldenkrise<\/strong> will ich eigentlich gar nicht erst anfangen. Und doch wundere ich mich, wie wenig \u00f6ffentliche Debatte es zur vertrackten Lage gibt, in die sich die Akteure man\u00f6vriert haben: Extrem billiges Geld per Niedrigzinspolitik f\u00fcr die Banken, die mittels Ankauf der Anleihen all der massiv \u00fcberschuldeten Staaten deren Finanzierung (noch) gew\u00e4hrleisten &#8211; und damit so etwas wie &#8222;Markt&#8220; im Finanzgeschehen komplett konterkarieren. Ein Aktienmarkt, der sich von s\u00e4mtlichen (weltweit zunehmend miesen) Wirtschaftsdaten abgekoppelt hat und dabei ist, eine Mega-Blase aufzubl\u00e4hen, einfach weil das Kapital anderswo keine &#8222;ordentlichen&#8220; Renditen mehr findet, sondern &#8222;in Sachwerte flieht&#8220;. Was nicht nur die Reichen angeht, sondern auch s\u00e4mtliche Sparer und jegliche auf Kapital-Verzinsung basierende Altersvorsorge. Dass auch der Sachwert Immobilie sehr begehrt ist, merken wir an den drastisch steigenden Mieten und am vielfachen Bau von Luxuswohnungen. Eine Wohnung wie meine w\u00fcrde ich im Umzugsfall nicht mehr bekommen, schon gar nicht im Wohnblock, der ein paar Meter weiter hochgezogen wird: alles \u00d6KO, aber sauteuer&#8230;<\/p>\n<p><strong>Ach ja, da ist noch der Euro:<\/strong> das Gezerre der &#8222;Rettungspolitik&#8220;, das die S\u00fcdstaaten in Arbeitslosigkeit und Verelendung treibt, dazu die immer sichtbarer werdenden totalit\u00e4ren Tendenzen der undurchsichtigen EU-B\u00fcrokratie, die offenbar alles daran setzt, auch kleinste Details des Alltagslebens (<a href=\"http:\/\/www.faz.net\/aktuell\/wirtschaft\/wirtschaftspolitik\/olivenoel-in-restaurants-schnelle-kaennchen-wende-der-eu-kommission-12192354.html\">Oliven\u00f6l-Fl\u00e4schchen!<\/a>) quer durch Europa in die Gleichf\u00f6rmigkeit zu zwingen:  es macht mich traurig und w\u00fctend, wie all das die Idee EUROPA kaputt macht, Ressentiments der Bev\u00f6lkerungen gegeneinander gebiert und mittlerweile sogar die gelebten Errungenschaften (Reisefreiheit! Offene Grenzen) <a href=\"http:\/\/www.zeit.de\/politik\/ausland\/2013-05\/eu-grenzkontrollen-schengen\">wieder abzubauen beginnt.<\/a> Letzteres auf Wunsch Deutschlands, wen wunderts! <\/p>\n<p>***<\/p>\n<p>Hat man keinen Bock auf all diese deprimierenden Mega-Themen, kann man heute auch eine Blogger-Auseinandersetzung zum Thema &#8222;Mobbing&#8220; mitlesen. <a href=\"http:\/\/www.robertbasic.de\/2013\/06\/die-schoenheit-des-bloggens-zeige-deine-miesen-seiten\/\">Robert Basic kokettiert in einem Posting<\/a> damit, dass er selbst (na klar!) einst ein Mobber war und fordert Blogger dazu auf, auch ihre dunklen Seiten zu zeigen &#8211; der Vollst\u00e4ndigkeit und Authentizit\u00e4t wegen. In <a href=\"http:\/\/wirres.net\/article\/articleview\/6752\/1\/6\/\">to be an arschloch or not to be an arschloch<\/a> \u00e4u\u00dfert sich Felix Schwenzel (wirres.net) dazu, wenigstens ETWAS ernsthafter. Richtig zur Sache kommt allerdings erst der <a href=\"http:\/\/e13.de\/2013\/06\/07\/arschloecher\/\">Beitrag von Kiki Thaerigen<\/a>, die beschreibt, wie es ist, das Opfer zu sein &#8211; lesenswert!<\/p>","protected":false},"excerpt":{"rendered":"<p>&#8230;neige ich zum Verstummen. Ereignisse wie die krass rechtswidrige Einkesselung hunderter Menschen \u00fcber neun Stunden zwecks Stoppen der #Blockupy-Demo in Frankfurt emp\u00f6ren mich derart, dass mir ein weiteres Blogposting zum Thema als Reaktion einfach nicht reicht.<\/p>\n","protected":false},"author":1,"featured_media":0,"comment_status":"open","ping_status":"open","sticky":false,"template":"","format":"standard","meta":[],"categories":[8],"tags":[],"post_mailing_queue_ids":[],"_links":{"self":[{"href":"https:\/\/www.claudia-klinger.de\/digidiary\/wp-json\/wp\/v2\/posts\/1097"}],"collection":[{"href":"https:\/\/www.claudia-klinger.de\/digidiary\/wp-json\/wp\/v2\/posts"}],"about":[{"href":"https:\/\/www.claudia-klinger.de\/digidiary\/wp-json\/wp\/v2\/types\/post"}],"author":[{"embeddable":true,"href":"https:\/\/www.claudia-klinger.de\/digidiary\/wp-json\/wp\/v2\/users\/1"}],"replies":[{"embeddable":true,"href":"https:\/\/www.claudia-klinger.de\/digidiary\/wp-json\/wp\/v2\/comments?post=1097"}],"version-history":[{"count":0,"href":"https:\/\/www.claudia-klinger.de\/digidiary\/wp-json\/wp\/v2\/posts\/1097\/revisions"}],"wp:attachment":[{"href":"https:\/\/www.claudia-klinger.de\/digidiary\/wp-json\/wp\/v2\/media?parent=1097"}],"wp:term":[{"taxonomy":"category","embeddable":true,"href":"https:\/\/www.claudia-klinger.de\/digidiary\/wp-json\/wp\/v2\/categories?post=1097"},{"taxonomy":"post_tag","embeddable":true,"href":"https:\/\/www.claudia-klinger.de\/digidiary\/wp-json\/wp\/v2\/tags?post=1097"}],"curies":[{"name":"wp","href":"https:\/\/api.w.org\/{rel}","templated":true}]}}