{"id":1094,"date":"2013-05-30T11:48:32","date_gmt":"2013-05-30T10:48:32","guid":{"rendered":"http:\/\/www.claudia-klinger.de\/digidiary\/?p=1094"},"modified":"2024-02-15T15:27:17","modified_gmt":"2024-02-15T14:27:17","slug":"antwort-video-auf-die-spanien-rettung","status":"publish","type":"post","link":"https:\/\/www.claudia-klinger.de\/digidiary\/2013\/05\/30\/antwort-video-auf-die-spanien-rettung\/","title":{"rendered":"Antwort-Video auf &#8222;die Spanien-Rettung&#8220;"},"content":{"rendered":"<p>Rebloggt von <a href=\"http:\/\/rasendereporterin.de\/?p=950\">rasendereporterin.de:<\/a><\/p>\n<p>&#8222;Anfang Februar erreichte das Video <a href=\"http:\/\/www.youtube.com\/watch?v=Ibem1pX78Dw\">\u201eDie Spanien Rettung \u2013 El rescate a Espa\u00f1a\u201c<\/a> der spanischen Initiative \u201eAsamblea Popular de Tres Cantos\u201c die deutsche Blogger-Gemeinde. Der Appell, gemeinsam f\u00fcr ein Europa der B\u00fcrger, gegen die Versklavung durch korrupte Institutionen zu k\u00e4mpfen, wurde direkt an die deutsche Bev\u00f6lkerung gerichtet. Drei Monate sp\u00e4ter haben Aktive von Occupy- und Blockupy Frankfurt ein <a href=\"https:\/\/www.youtube.com\/watch?v=el1lJWljGpA\" target=\"_blank\" rel=\"noopener\">Antwortvideo<\/a> ver\u00f6ffentlicht, um ein Zeichen der Solidarit\u00e4t und V\u00f6lkerverst\u00e4ndigung zu setzen:<\/p>\n<p><a href=\"https:\/\/www.youtube.com\/watch?v=el1lJWljGpA\" target=\"_blank\" rel=\"noopener\"><img decoding=\"async\" loading=\"lazy\" class=\"aligncenter size-large wp-image-4313\" src=\"https:\/\/www.claudia-klinger.de\/digidiary\/wp-content\/uploads\/2013\/05\/spanien-rettung-650x387.jpg\" alt=\"Video Spanien-Rettung Titelbild\" width=\"650\" height=\"387\" srcset=\"https:\/\/www.claudia-klinger.de\/digidiary\/wp-content\/uploads\/2013\/05\/spanien-rettung-650x387.jpg 650w, https:\/\/www.claudia-klinger.de\/digidiary\/wp-content\/uploads\/2013\/05\/spanien-rettung-300x179.jpg 300w, https:\/\/www.claudia-klinger.de\/digidiary\/wp-content\/uploads\/2013\/05\/spanien-rettung-768x458.jpg 768w, https:\/\/www.claudia-klinger.de\/digidiary\/wp-content\/uploads\/2013\/05\/spanien-rettung.jpg 1282w\" sizes=\"(max-width: 650px) 100vw, 650px\" \/><\/a><\/p>\n<p>Es r\u00fchrt mich fast zu Tr\u00e4nen&#8230;<\/p>","protected":false},"excerpt":{"rendered":"<p>Rebloggt von rasendereporterin.de: &#8222;Anfang Februar erreichte das Video \u201eDie Spanien Rettung \u2013 El rescate a Espa\u00f1a\u201c der spanischen Initiative \u201eAsamblea Popular de Tres Cantos\u201c die deutsche Blogger-Gemeinde. Der Appell, gemeinsam f\u00fcr ein Europa der B\u00fcrger, gegen die Versklavung durch korrupte Institutionen zu k\u00e4mpfen, wurde direkt an die deutsche Bev\u00f6lkerung gerichtet. Drei Monate sp\u00e4ter haben Aktive [&hellip;]<\/p>\n","protected":false},"author":1,"featured_media":0,"comment_status":"open","ping_status":"open","sticky":false,"template":"","format":"standard","meta":[],"categories":[10,8],"tags":[],"post_mailing_queue_ids":[],"_links":{"self":[{"href":"https:\/\/www.claudia-klinger.de\/digidiary\/wp-json\/wp\/v2\/posts\/1094"}],"collection":[{"href":"https:\/\/www.claudia-klinger.de\/digidiary\/wp-json\/wp\/v2\/posts"}],"about":[{"href":"https:\/\/www.claudia-klinger.de\/digidiary\/wp-json\/wp\/v2\/types\/post"}],"author":[{"embeddable":true,"href":"https:\/\/www.claudia-klinger.de\/digidiary\/wp-json\/wp\/v2\/users\/1"}],"replies":[{"embeddable":true,"href":"https:\/\/www.claudia-klinger.de\/digidiary\/wp-json\/wp\/v2\/comments?post=1094"}],"version-history":[{"count":0,"href":"https:\/\/www.claudia-klinger.de\/digidiary\/wp-json\/wp\/v2\/posts\/1094\/revisions"}],"wp:attachment":[{"href":"https:\/\/www.claudia-klinger.de\/digidiary\/wp-json\/wp\/v2\/media?parent=1094"}],"wp:term":[{"taxonomy":"category","embeddable":true,"href":"https:\/\/www.claudia-klinger.de\/digidiary\/wp-json\/wp\/v2\/categories?post=1094"},{"taxonomy":"post_tag","embeddable":true,"href":"https:\/\/www.claudia-klinger.de\/digidiary\/wp-json\/wp\/v2\/tags?post=1094"}],"curies":[{"name":"wp","href":"https:\/\/api.w.org\/{rel}","templated":true}]}}