{"id":1077,"date":"2013-04-30T10:17:26","date_gmt":"2013-04-30T08:17:26","guid":{"rendered":"http:\/\/www.claudia-klinger.de\/digidiary\/?p=1077"},"modified":"2025-09-05T11:23:52","modified_gmt":"2025-09-05T09:23:52","slug":"von-der-taglichen-wut","status":"publish","type":"post","link":"https:\/\/www.claudia-klinger.de\/digidiary\/2013\/04\/30\/von-der-taglichen-wut\/","title":{"rendered":"Von der t\u00e4glichen Wut"},"content":{"rendered":"<p><em>&#8222;So ein Aufreger morgens tut aber auch gut. Da kochen die Emotionen hoch, man f\u00fchlt sich gleich wacher und lebendiger&#8220;<\/em>, sagt ein lieber Freund auf meine selbstkritischen Bemerkungen zum morgendlichen Medienkonsum. Dagegen <a href=\"https:\/\/web.archive.org\/web\/20170716064520\/http:\/\/www.rottmeyer.de\/den-konsum-von-nachrichten-einstellen-s\/\" target=\"_blank\" rel=\"noopener\">warnt &#8222;Bill Bonner&#8220; auf Schrott&amp;Meyer<\/a> (Archiv-Link) vor den Gesundheitsgefahren zuvieler News:<\/p>\n<blockquote><p>&#8222;Nachrichten aktivieren laufend das limbische System. Panik erzeugende Nachrichten erh\u00f6hen die Aussch\u00fcttung von Cortisol im K\u00f6rper. Dies ver\u00e4ndert das Immunsystem und hemmt die Freisetzung von Wachstumshormonen. Mit anderen Worten: Ihr K\u00f6rper befindet sich dann in einem Status des chronischen Stresses. Ein entsprechend hohes Cortisol-Niveau kann die Verdauung st\u00f6ren, das Wachstum verschwinden lassen (von Zellen, Haaren, Knochen), es kann zu Nervosit\u00e4t f\u00fchren und zu erh\u00f6hter Anf\u00e4lligkeit f\u00fcr Infektionen. Weitere m\u00f6gliche Effekte sind Furcht, Aggression, Tunnelblick und Desensibilisierung.&#8220;<\/p><\/blockquote>\n<p><!--more--><\/p>\n<p>Nun ja, aber welche Nachrichten erzeugen schon PANIK?? Am n\u00e4chsten an &#8222;Panik&#8220; komme ich lange vor dem Blick auf die News, n\u00e4mlich dann, wenn es gleich beim ersten Klick hei\u00dft <em>&#8222;diese Seite ist derzeit nicht erreichbar&#8220;<\/em>. Vermutlich ist es aber bereits Folge von Tunnelblick und Desensibilisierung, dass mir eine marginale Netzverbindungsst\u00f6rung als pers\u00f6nlicher GAU erscheint. Was ist das schon gegen <a href=\"https:\/\/web.archive.org\/web\/20130430112954\/http:\/\/jungle-world.com\/artikel\/2013\/17\/47587.html\">echte Probleme<\/a> (Archiv-Link), wie sie auf der Welt massenweise ins Licht der Aufmerksamkeit dr\u00e4ngen?<\/p>\n<p><strong>&#8222;Ein Ventil f\u00fcr die t\u00e4gliche Wut&#8220;<\/strong> lautet der Untertitel des Blogs <a href=\"https:\/\/web.archive.org\/web\/20130308101833\/https:\/\/www.kultur-banal.de\/\" target=\"_blank\" rel=\"noopener\">&#8222;Kultur banal&#8220;<\/a>\u00a0 (Archiv-Link). So k\u00f6nnte man viele Blogs \u00fcberschreiben und oft genug f\u00fchle ich mich auch danach, meinem \u00c4rger per Blogpost Luft zu verschaffen. Zum Gl\u00fcck ist da auch eine Hemmung, die mich zuvor fragen l\u00e4sst: steht das jetzt daf\u00fcr? Ist blo\u00dfes Auskotzen gerade mutwillig &#8222;eingeatmeter&#8220; Aufreger sinnvoll?<\/p>\n<p>Manchmal ja. Zum Beispiel gef\u00e4llt mir Sammelmappes <a href=\"http:\/\/www.claudiakilian.de\/witz-des-tages\">&#8222;Witz des Tages&#8220;<\/a>, weil er einen Gedanken anst\u00f6\u00dft, der in anderen Medien nicht formuliert wurde. Manchmal nein, wie etwa, wenn sich dasNuf in <a href=\"http:\/\/dasnuf.de\/zeug\/geht-euch-doch-selbstverwirklichen-ich-geh-arbeiten\/\">&#8222;Geht euch doch selbstverwirklichen, ich geh arbeiten&#8220;<\/a> allen Ernstes \u00fcber ein Video erregt, in dem Studenten ermuntert werden, sich zu fragen, was sie im Leben wirklich gerne tun w\u00fcrden, anstatt nur ans Geld verdienen zu denken.<\/p>\n<p>Indem ich aber \u00fcber Letzteres den Kopf sch\u00fcttle, evtl. gar <a href=\"http:\/\/dasnuf.de\/zeug\/geht-euch-doch-selbstverwirklichen-ich-geh-arbeiten\/#comment-31418\">einen Kommentar dort<\/a> anbringe, bin ich auch wieder Teil der medialen Erregungskurve und biete anderen Anlass, sich ihrerseits \u00fcber mich aufzuregen.<\/p>\n<p>Bringt das alles irgend etwas &#8211; \u00fcber den Konsum von Emotionen hinaus? Ich wei\u00df, vielen erscheint das als die falsche Frage, denn wer bloggt, entscheidet die Sinnfrage individuell und hat auch jedes Recht dazu.<\/p>\n<p>Dennoch treibt mich diese \u00dcberlegung immer wieder um: Gerne w\u00fcrde ich etwas GANZ ANDERES tun, sowas wie Freude machen, Hoffnung vermitteln, Gemeinschaftsgef\u00fchle st\u00e4rken, Lust auf Ver\u00e4nderung und ein positives Miteinander machen, anstatt die um sich greifende <a href=\"http:\/\/www.fraumeike.de\/2013\/ah-und-oh-und-ganz-viel-demut\/\">Misantrophie<\/a> zu st\u00e4rken. Letztlich lande ich dann aber doch immer wieder beim <a href=\"https:\/\/www.claudia-klinger.de\/digidiary\/2013\/04\/28\/wochenruckschau-die-grosten-hammer\/\">&#8222;Aufreger versammeln&#8220;<\/a>.<\/p>\n<p>Unbefriedigend!<\/p>","protected":false},"excerpt":{"rendered":"<p>&#8222;So ein Aufreger morgens tut aber auch gut. Da kochen die Emotionen hoch, man f\u00fchlt sich gleich wacher und lebendiger&#8220;, sagt ein lieber Freund auf meine selbstkritischen Bemerkungen zum morgendlichen Medienkonsum. Dagegen warnt &#8222;Bill Bonner&#8220; auf Schrott&amp;Meyer (Archiv-Link) vor den Gesundheitsgefahren zuvieler News: &#8222;Nachrichten aktivieren laufend das limbische System. Panik erzeugende Nachrichten erh\u00f6hen die Aussch\u00fcttung [&hellip;]<\/p>\n","protected":false},"author":1,"featured_media":0,"comment_status":"open","ping_status":"open","sticky":false,"template":"","format":"standard","meta":[],"categories":[7,414],"tags":[],"post_mailing_queue_ids":[],"_links":{"self":[{"href":"https:\/\/www.claudia-klinger.de\/digidiary\/wp-json\/wp\/v2\/posts\/1077"}],"collection":[{"href":"https:\/\/www.claudia-klinger.de\/digidiary\/wp-json\/wp\/v2\/posts"}],"about":[{"href":"https:\/\/www.claudia-klinger.de\/digidiary\/wp-json\/wp\/v2\/types\/post"}],"author":[{"embeddable":true,"href":"https:\/\/www.claudia-klinger.de\/digidiary\/wp-json\/wp\/v2\/users\/1"}],"replies":[{"embeddable":true,"href":"https:\/\/www.claudia-klinger.de\/digidiary\/wp-json\/wp\/v2\/comments?post=1077"}],"version-history":[{"count":0,"href":"https:\/\/www.claudia-klinger.de\/digidiary\/wp-json\/wp\/v2\/posts\/1077\/revisions"}],"wp:attachment":[{"href":"https:\/\/www.claudia-klinger.de\/digidiary\/wp-json\/wp\/v2\/media?parent=1077"}],"wp:term":[{"taxonomy":"category","embeddable":true,"href":"https:\/\/www.claudia-klinger.de\/digidiary\/wp-json\/wp\/v2\/categories?post=1077"},{"taxonomy":"post_tag","embeddable":true,"href":"https:\/\/www.claudia-klinger.de\/digidiary\/wp-json\/wp\/v2\/tags?post=1077"}],"curies":[{"name":"wp","href":"https:\/\/api.w.org\/{rel}","templated":true}]}}