{"id":1076,"date":"2013-04-28T12:51:30","date_gmt":"2013-04-28T11:51:30","guid":{"rendered":"http:\/\/www.claudia-klinger.de\/digidiary\/?p=1076"},"modified":"2013-04-30T10:49:39","modified_gmt":"2013-04-30T09:49:39","slug":"wochenruckschau-die-grosten-hammer","status":"publish","type":"post","link":"https:\/\/www.claudia-klinger.de\/digidiary\/2013\/04\/28\/wochenruckschau-die-grosten-hammer\/","title":{"rendered":"Wochenr\u00fcckschau: die gr\u00f6\u00dften H\u00e4mmer"},"content":{"rendered":"<p>1.)<\/p>\n<p>Was die EU <a href=\"http:\/\/www.das-wilde-gartenblog.de\/2013\/04\/24\/eu-saatgutverordnung-samen-und-pflanzentausch-demnachst-strafbar\/\">in Sachen <strong>Neuregelung der Saatgutverordnung<\/strong> plant<\/a>, ist wieder mal genau das, was Konzerne sich w\u00fcnschen: Alte Gem\u00fcse- und Obstsorten w\u00fcrden durch Zulassungsh\u00fcrden, die nur von Standardsaatgut zu nehmen sind, aus dem Markt gedr\u00e4ngt. Zwar soll die Weitergabe von Samen unter Gartenfreunden entgegen ersten Meldungen nicht strafbar werden, doch WOHER sollen die ihr Saatgut noch bekommen, wenn sie anderes wollen, als das, was es sowieso im Supermarkt gibt? (Da bleib ich im wilden Gartenblog dran. Die <a href=\"http:\/\/helfen.global2000.at\/de\/node\/19\">Kampagnen-Petition<\/a> hab&#8216; ich auch mitgezeichnet).<br \/>\n<!--more--><br \/>\n2.) <\/p>\n<p>Die <strong>Telekom <a href=\"http:\/\/www.faz.net\/aktuell\/technik-motor\/computer-internet\/telekom-dsl-drosselung-welche-auswirkungen-hat-eine-daten-obergrenze-im-festnetz-12160346.html\">drosselt die DSL-Vertr\u00e4ge<\/a><\/strong> ab Mai. Ihre eigenen Dienste (&#8222;Entertain&#8220;) werden ausgenommen, womit sie klar die Netzneutralit\u00e4t verletzt. Ein <a href=\"http:\/\/www.basicthinking.de\/blog\/2013\/04\/25\/telekom-vs-internet-wieso-die-dsl-drosselung-uns-freiheit-nimmt-und-wir-gemeinsam-dagegen-kampfen-mussen\/\">bek\u00e4mpfenswerter<\/a> Kulturbruch, dessen Auswirkungen (so es nicht verhindert\/verboten wird), dessen Auswirtungen auf die Netznutzung kaum zu \u00fcbersch\u00e4tzen sind. Aus dem schnellen Netz <a href=\"http:\/\/www.volkersworld.de\/2013\/04\/27\/wenn-telekomiker-aus-schnellem-internet-ein-schneckennetz-machen\/\">wird ein Schneckennetz<\/a>. <\/p>\n<p>3.)<\/p>\n<p><strong>Die Job-Center-Mitarbeiterin Inge Hannemann<\/strong> hatte sich in ihrem Blog gegen grundrechtswidrige Behandlungen von Hartz4-Beziehenden engagiert. Prompt wurde sie <a href=\"http:\/\/qpress.de\/2013\/04\/24\/inge-hannemann-das-sandkorn-im-hartz-iv-getriebe-suspendiert\/\">vom Dienst suspendiert.<\/a> (Hier <a href=\"https:\/\/www.openpetition.de\/petition\/online\/sofortige-ruecknahme-aller-sanktionen-gegen-die-arbeitsvermittlerin-inge-hannemann\">die Petition<\/a> gegen dieses Skandal).<\/p>\n<p>4.) <\/p>\n<p>Ohne viel \u00f6ffentlichen Protest wurde wieder mal das <strong>Urheberrecht verschlimmbessert:<\/strong> F\u00fcr die &#8222;aus\u00fcbenden K\u00fcnstler&#8220;, f\u00fcr deren Werke (z.B. Songs der 60ger und 70ger-Jahre) die Schutzfrist ansonsten abgelaufen w\u00e4re, wurde sie von 50 auf 70 Jahre verl\u00e4ngert. <em>&#8222;\u00dcberlange Fristen sind ein Fehler in der modernen Informationsgesellschaft&#8220;<\/em>, sagte Jerzy Montag, der rechtspolitische Sprecher der GR\u00dcNEN Bundestagspraktion. Andererseits <strong>m\u00fcsse EU-Recht umgesetzt werden<\/strong>&#8220; und stimmte dem Gesetz zu. Mir reicht es langsam mit dem &#8222;Umsetzungszwang&#8220;! Bzw. viele Gesetze der EU empfinde ich als \u00e4u\u00dferst entbehrlich &#8211; h\u00f6flich gesagt. Und das sag&#8216; ich als gro\u00dfer Fan von EUROPA!<\/p>\n<p>***<\/p>\n<p>Und nun noch einige interessante Artikel und Blogbeitr\u00e4ge:<\/p>\n<ul>\n<li><a href=\"http:\/\/walbei.wordpress.com\/2013\/04\/27\/die-zurichtung-des-menschen-durch-den-neoliberalismus\/\">Die Zurichtung des Menschen durch den Neoliberalismus<\/a> &#8211; WalterB<\/li>\n<li><a href=\"https:\/\/iranique.wordpress.com\/2013\/04\/25\/error\/\">ERROR!<\/a>  &#8211; Herz im Kopf (ein Bild nur&#8230;)<\/li>\n<li><a href=\"http:\/\/www.theintelligence.de\/index.php\/wirtschaft\/kommentare\/5245-patentierte-welt-macht-von-monsanto.html\">Patentierte Welt &#8211; Die Macht von Monsanto<\/a> (TheIntelligence); Siehe dazu auch den Film <a href=\"http:\/\/videos.arte.tv\/de\/videos\/monsanto-mit-gift-und-genen--7447548.html\">&#8222;Mit Gift und Genen&#8220; auf ARTE<\/a> und (dauerhafter) <a href=\"https:\/\/www.youtube.com\/results?q=Monsante+mit+Gift+und+Genen\">auf Youtube<\/a>.<\/li>\n<li><a href=\"http:\/\/50prozent.noblogs.org\/\">50 Prozent<\/a> dokumentiert, dass und wie sehr Frauen* als Rednerinnen bei Konferenzen, Podien, bei Talk-Shows und anderen \u00f6ffentlichen Veranstaltungen unterrepr\u00e4sentiert sind. Rednerinnen und Redner werden pro Veranstaltung gez\u00e4hlt und als Prozent-Anteil ver\u00f6ffentlicht.<\/li>\n<\/ul>","protected":false},"excerpt":{"rendered":"<p>1.) Was die EU in Sachen Neuregelung der Saatgutverordnung plant, ist wieder mal genau das, was Konzerne sich w\u00fcnschen: Alte Gem\u00fcse- und Obstsorten w\u00fcrden durch Zulassungsh\u00fcrden, die nur von Standardsaatgut zu nehmen sind, aus dem Markt gedr\u00e4ngt. Zwar soll die Weitergabe von Samen unter Gartenfreunden entgegen ersten Meldungen nicht strafbar werden, doch WOHER sollen die [&hellip;]<\/p>\n","protected":false},"author":1,"featured_media":0,"comment_status":"open","ping_status":"open","sticky":false,"template":"","format":"standard","meta":[],"categories":[8],"tags":[],"post_mailing_queue_ids":[],"_links":{"self":[{"href":"https:\/\/www.claudia-klinger.de\/digidiary\/wp-json\/wp\/v2\/posts\/1076"}],"collection":[{"href":"https:\/\/www.claudia-klinger.de\/digidiary\/wp-json\/wp\/v2\/posts"}],"about":[{"href":"https:\/\/www.claudia-klinger.de\/digidiary\/wp-json\/wp\/v2\/types\/post"}],"author":[{"embeddable":true,"href":"https:\/\/www.claudia-klinger.de\/digidiary\/wp-json\/wp\/v2\/users\/1"}],"replies":[{"embeddable":true,"href":"https:\/\/www.claudia-klinger.de\/digidiary\/wp-json\/wp\/v2\/comments?post=1076"}],"version-history":[{"count":0,"href":"https:\/\/www.claudia-klinger.de\/digidiary\/wp-json\/wp\/v2\/posts\/1076\/revisions"}],"wp:attachment":[{"href":"https:\/\/www.claudia-klinger.de\/digidiary\/wp-json\/wp\/v2\/media?parent=1076"}],"wp:term":[{"taxonomy":"category","embeddable":true,"href":"https:\/\/www.claudia-klinger.de\/digidiary\/wp-json\/wp\/v2\/categories?post=1076"},{"taxonomy":"post_tag","embeddable":true,"href":"https:\/\/www.claudia-klinger.de\/digidiary\/wp-json\/wp\/v2\/tags?post=1076"}],"curies":[{"name":"wp","href":"https:\/\/api.w.org\/{rel}","templated":true}]}}